{"id":1022,"date":"2012-02-03T14:57:52","date_gmt":"2012-02-03T13:57:52","guid":{"rendered":"http:\/\/www.clairejannot.com\/?p=1022"},"modified":"2012-02-03T14:57:52","modified_gmt":"2012-02-03T13:57:52","slug":"certification-papetiere-du-nouveau-pour-pefc-france","status":"publish","type":"post","link":"https:\/\/claire-jannot.com\/?p=1022","title":{"rendered":"Certification papeti\u00e8re : du nouveau pour PEFC France"},"content":{"rendered":"<h2>Cette d\u00e9cision \u00e9tait tr\u00e8s attendue,\u00a0elle recr\u00e9dibilise cette certification foresti\u00e8re.<\/h2>\n<p style=\"text-align: left;\" align=\"right\"><a href=\"https:\/\/i0.wp.com\/www.clairejannot.com\/wp-content\/uploads\/2012\/02\/pefc.jpg\"><img data-recalc-dims=\"1\" loading=\"lazy\" decoding=\"async\" class=\"alignleft size-medium wp-image-1023\" title=\"pefc\" src=\"https:\/\/i0.wp.com\/www.clairejannot.com\/wp-content\/uploads\/2012\/02\/pefc-300x141.jpg?resize=300%2C141\" alt=\"\" width=\"300\" height=\"141\" \/><\/a>Ce d\u00e9but d&rsquo;ann\u00e9e 2012 est l&rsquo;occasion pour la certification foresti\u00e8re PEFC de passer \u00e0 la vitesse sup\u00e9rieure.<\/p>\n<p style=\"text-align: left;\"><strong>Le nouveau sch\u00e9ma de certification foresti\u00e8re\u00a0PEFC France est ainsi entr\u00e9 en vigueur\u00a0pour 5 ans.<\/strong><\/p>\n<p>Issu de 18 mois de concertation entre tous les acteurs\u00a0de la fili\u00e8re for\u00eat-bois, il renforce les garanties environnementales apport\u00e9es\u00a0aux consommateurs en m\u00eame temps qu\u2019il pr\u00e9cise et affirme la fonction deproduction\u00a0de la for\u00eat fran\u00e7aise.<\/p>\n<p><strong>Marc-Antoine de S\u00e8ze, pr\u00e9sident de\u00a0PEFC France<\/strong> pr\u00e9cise sur <a href=\"http:\/\/www.graphiline.com\/recherche\/GraphiLine\">GraphiLine<\/a> :<em> \u00ab\u00a0Ce nouveau sch\u00e9ma est la traduction de la vitalit\u00e9 du fonctionnement\u00a0d\u00e9mocratique participatif de\u00a0PEFC et de sa d\u00e9marche de progr\u00e8s continu<\/em>\u00ab\u00a0.<\/p>\n<p>La marque de certification foresti\u00e8re\u00a0PEFC apporte la garantie qu\u2019un produit\u00a0s\u2019inscrit dans une d\u00e9marche responsable de gestion durable de la for\u00eat. <strong>Elle\u00a0repr\u00e9sente pr\u00e8s de 5 millions d\u2019hectares de for\u00eat en France, 52 000 propri\u00e9taires\u00a0forestiers et 2 600 entreprises utilisant le bois ou les produits qui en sont issus.<\/strong><\/p>\n<p>Les \u00e9volutions apport\u00e9es au nouveau sch\u00e9ma 2012-2017 reposent principalement\u00a0sur :<\/p>\n<ul>\n<li><strong>l\u2019harmonisation nationale des crit\u00e8res de gestion foresti\u00e8re durable\u00a0<\/strong>(ex : un seul cahier des charges pour les propri\u00e9taires contre 15 pr\u00e9c\u00e9demment);<\/li>\n<li><strong>un renforcement des audits d\u2019\u00e9valuation du syst\u00e8me<\/strong> (ex : 3 fois plus\u00a0d\u2019audits de contr\u00f4le pour les exploitants, ce qui \u00e9tait un p\u00f4int faible de\u00a0PEFC jusqu&rsquo;\u00e0 pr\u00e9sent);<\/li>\n<li><strong>un accompagnement accru aux niveaux\u00a0national et local<\/strong> (ex : cr\u00e9ation d\u2019une Commission\u00a0technique nationale\u00a0d\u2019expertise et d\u2019assistance).<\/li>\n<\/ul>\n<p>Le nouveau sch\u00e9ma fran\u00e7ais a \u00e9t\u00e9 reconnu par PEFC Council apr\u00e8s un audit de\u00a0conformit\u00e9 aux m\u00e9ta-standards internationaux et une reconnaissance par toutes\u00a0les instances internationales de PEFC.<\/p>\n<p>Il permet de <em>\u00ab\u00a0produire plus en pr\u00e9servant\u00a0mieux la ressource<\/em>\u00ab\u00a0.<\/p>\n<p>Il r\u00e9pond \u00e9galement aux conditions d\u2019acc\u00e8s des\u00a0march\u00e9s publics et aux attentes du consommateur qui dans ses choix quotidiens,\u00a0est un <strong>maillon d\u00e9cisif de la gestion durable de la for\u00eat.<\/strong><\/p>\n<address>\u00a0<\/address>\n<address>\u00a0<\/address>\n<address>Source\u00a0: <a href=\"http:\/\/www.graphiline.com\/contact\/redaction\">Antoine Gaillard \u00a9 www.Graphiline.com<\/a><\/address>\n<address>Cr\u00e9dit photo\u00a0: <a href=\"http:\/\/www.developpementdurable.com\/\">http:\/\/www.developpementdurable.com<\/a><\/address>\n<address>\u00a0<\/address>\n<address>\u00a0<\/address>\n<address>\u00a0<\/address>\n<address>\u00a0<\/address>\n<address>\u00a0<\/address>\n","protected":false},"excerpt":{"rendered":"<p>Cette d\u00e9cision \u00e9tait tr\u00e8s attendue,\u00a0elle recr\u00e9dibilise cette certification foresti\u00e8re. Ce d\u00e9but d&rsquo;ann\u00e9e 2012 est l&rsquo;occasion pour la certification foresti\u00e8re PEFC de passer \u00e0 la vitesse sup\u00e9rieure. Le nouveau sch\u00e9ma de certification foresti\u00e8re\u00a0PEFC France est ainsi entr\u00e9 en vigueur\u00a0pour 5 ans. &hellip; <a href=\"https:\/\/claire-jannot.com\/?p=1022\">Continuer la lecture <span class=\"meta-nav\">&rarr;<\/span><\/a><\/p>\n","protected":false},"author":1,"featured_media":0,"comment_status":"open","ping_status":"open","sticky":false,"template":"","format":"standard","meta":{"jetpack_post_was_ever_published":false,"_jetpack_newsletter_access":"","_jetpack_dont_email_post_to_subs":false,"_jetpack_newsletter_tier_id":0,"_jetpack_memberships_contains_paywalled_content":false,"_jetpack_memberships_contains_paid_content":false,"footnotes":"","jetpack_publicize_message":"","jetpack_publicize_feature_enabled":true,"jetpack_social_post_already_shared":false,"jetpack_social_options":{"image_generator_settings":{"template":"highway","default_image_id":0,"font":"","enabled":false},"version":2}},"categories":[2],"tags":[4,18],"class_list":["post-1022","post","type-post","status-publish","format-standard","hentry","category-ecologie","tag-ecologie2","tag-papier"],"jetpack_publicize_connections":[],"jetpack_featured_media_url":"","jetpack_sharing_enabled":true,"jetpack_shortlink":"https:\/\/wp.me\/p5jjt5-gu","_links":{"self":[{"href":"https:\/\/claire-jannot.com\/index.php?rest_route=\/wp\/v2\/posts\/1022","targetHints":{"allow":["GET"]}}],"collection":[{"href":"https:\/\/claire-jannot.com\/index.php?rest_route=\/wp\/v2\/posts"}],"about":[{"href":"https:\/\/claire-jannot.com\/index.php?rest_route=\/wp\/v2\/types\/post"}],"author":[{"embeddable":true,"href":"https:\/\/claire-jannot.com\/index.php?rest_route=\/wp\/v2\/users\/1"}],"replies":[{"embeddable":true,"href":"https:\/\/claire-jannot.com\/index.php?rest_route=%2Fwp%2Fv2%2Fcomments&post=1022"}],"version-history":[{"count":0,"href":"https:\/\/claire-jannot.com\/index.php?rest_route=\/wp\/v2\/posts\/1022\/revisions"}],"wp:attachment":[{"href":"https:\/\/claire-jannot.com\/index.php?rest_route=%2Fwp%2Fv2%2Fmedia&parent=1022"}],"wp:term":[{"taxonomy":"category","embeddable":true,"href":"https:\/\/claire-jannot.com\/index.php?rest_route=%2Fwp%2Fv2%2Fcategories&post=1022"},{"taxonomy":"post_tag","embeddable":true,"href":"https:\/\/claire-jannot.com\/index.php?rest_route=%2Fwp%2Fv2%2Ftags&post=1022"}],"curies":[{"name":"wp","href":"https:\/\/api.w.org\/{rel}","templated":true}]}}