{"id":1025,"date":"2012-02-06T16:20:11","date_gmt":"2012-02-06T15:20:11","guid":{"rendered":"http:\/\/www.clairejannot.com\/?p=1025"},"modified":"2012-02-06T16:20:11","modified_gmt":"2012-02-06T15:20:11","slug":"amenagement-de-paris-rive-gauche","status":"publish","type":"post","link":"https:\/\/claire-jannot.com\/?p=1025","title":{"rendered":"Am\u00e9nagement de Paris Rive Gauche"},"content":{"rendered":"<h2>L&rsquo;am\u00e9nagement du quartier de Paris Rive Gauche, sur une superficie de 130 hectares, est une des plus importantes op\u00e9rations d&rsquo;urbanisme \u00e0 Paris o\u00f9 pourront se dresser des tours d&rsquo;habitations \u00e9colos ne d\u00e9passant pas les 50 m\u00e8tres, selon la Ville et l&rsquo;am\u00e9nageur qui organisaient mercredi une visite de presse in situ.<\/h2>\n<p><a href=\"https:\/\/i0.wp.com\/www.clairejannot.com\/wp-content\/uploads\/2012\/02\/semapa.png\"><img data-recalc-dims=\"1\" loading=\"lazy\" decoding=\"async\" class=\"alignleft size-medium wp-image-1026\" title=\"semapa\" src=\"https:\/\/i0.wp.com\/www.clairejannot.com\/wp-content\/uploads\/2012\/02\/semapa-300x181.png?resize=300%2C181\" alt=\"\" width=\"300\" height=\"181\" \/><\/a>Selon la <strong>Semapa (Soci\u00e9t\u00e9 d&rsquo;\u00e9conomie mixte d&rsquo;am\u00e9nagement de Paris)<\/strong>, <em>\u00ab\u00a0jamais depuis l&rsquo;immense remodelage haussmannien de la capitale au XIXe si\u00e8cle n&rsquo;avait eu lieu \u00e0 Paris une op\u00e9ration d&rsquo;am\u00e9nagement d&rsquo;une telle ampleur\u00a0\u00bb<\/em>.<\/p>\n<p>La Zone d&rsquo;Am\u00e9nagement Concert\u00e9 (ZAC) de <strong>Paris Rive Gauche occupe 130 hectares dont 26 ha de couverture des voies ferr\u00e9es et s&rsquo;\u00e9tend de la gare d&rsquo;Austerlitz jusqu&rsquo;aux limites de Paris, au-del\u00e0 du p\u00e9riph\u00e9rique, sur d&rsquo;anciennes friches ferroviaires et industrielles.<\/strong><\/p>\n<p><em>\u00ab\u00a02012 est une ann\u00e9e charni\u00e8re pour l&rsquo;urbanisme et le logement \u00e0 Paris. Nos propositions d&rsquo;immeubles de 50 m\u00e8tres pour le logement sont en train de se r\u00e9aliser et de fa\u00e7on tr\u00e8s m\u00e9thodique, avec beaucoup de concertation\u00a0\u00bb<\/em>, a soulign\u00e9 <strong>Anne Hidalgo<\/strong>, premi\u00e8re adjointe charg\u00e9e de l&rsquo;urbanisme, apr\u00e8s avoir emmen\u00e9 la presse sur ces anciens terrains industriels.<\/p>\n<p>Dans cette ZAC, la ville va cr\u00e9er 7.500 logements, des activit\u00e9s \u00e9conomiques et des commerces avec la possibilit\u00e9 sur 4 terrains d&rsquo;avoir des immeubles de bureaux qui pourront monter jusqu&rsquo;\u00e0 180 m\u00e8tres.<\/p>\n<p>Et surtout, elle verra se dresser la premi\u00e8re <strong>tour \u00e9colo de 50 m\u00e8tres<\/strong> qui a fait l&rsquo;objet d&rsquo;un <strong>feu vert historique<\/strong> en novembre 2010 lorsque les \u00e9lus ont d\u00e9plafonn\u00e9 le plan local d&rsquo;urbanisme (PLU) datant de 1977.<\/p>\n<p>Cet immeuble con\u00e7u par l&rsquo;architecte <strong>Edouard Fran\u00e7ois<\/strong> devrait \u00eatre livr\u00e9 en <strong>2014<\/strong> dans le <strong>quartier Mass\u00e9na-Bruneseau (XIIIe).<\/strong><\/p>\n<p>Plusieurs ensembles de bureaux et de logements y ont d\u00e9j\u00e0 \u00e9t\u00e9 r\u00e9alis\u00e9s, sans compter les \u00e9quipements de l&rsquo;Etat d\u00e9j\u00e0 sur pied comme les Grands Moulins ou la Halle aux farines o\u00f9 loge l&rsquo;universit\u00e9 Paris VII.<\/p>\n<p>&nbsp;<\/p>\n<p>&nbsp;<\/p>\n<address><em>Source\u00a0: AFP du 01\/02\/2012\u00a0<\/em><\/address>\n<address><em>Cr\u00e9dit photo : Semapa\/Ateliers Lion Architectes Urbanistes<\/em><\/address>\n<address>\u00a0<\/address>\n<address>\u00a0<\/address>\n<address>\u00a0<\/address>\n<address>\u00a0<\/address>\n","protected":false},"excerpt":{"rendered":"<p>L&rsquo;am\u00e9nagement du quartier de Paris Rive Gauche, sur une superficie de 130 hectares, est une des plus importantes op\u00e9rations d&rsquo;urbanisme \u00e0 Paris o\u00f9 pourront se dresser des tours d&rsquo;habitations \u00e9colos ne d\u00e9passant pas les 50 m\u00e8tres, selon la Ville et &hellip; <a href=\"https:\/\/claire-jannot.com\/?p=1025\">Continuer la lecture <span class=\"meta-nav\">&rarr;<\/span><\/a><\/p>\n","protected":false},"author":1,"featured_media":0,"comment_status":"open","ping_status":"open","sticky":false,"template":"","format":"standard","meta":{"jetpack_post_was_ever_published":false,"_jetpack_newsletter_access":"","_jetpack_dont_email_post_to_subs":false,"_jetpack_newsletter_tier_id":0,"_jetpack_memberships_contains_paywalled_content":false,"_jetpack_memberships_contains_paid_content":false,"footnotes":"","jetpack_publicize_message":"","jetpack_publicize_feature_enabled":true,"jetpack_social_post_already_shared":false,"jetpack_social_options":{"image_generator_settings":{"template":"highway","default_image_id":0,"font":"","enabled":false},"version":2}},"categories":[2],"tags":[26,4,11],"class_list":["post-1025","post","type-post","status-publish","format-standard","hentry","category-ecologie","tag-architecture","tag-ecologie2","tag-societe-2"],"jetpack_publicize_connections":[],"jetpack_featured_media_url":"","jetpack_sharing_enabled":true,"jetpack_shortlink":"https:\/\/wp.me\/p5jjt5-gx","_links":{"self":[{"href":"https:\/\/claire-jannot.com\/index.php?rest_route=\/wp\/v2\/posts\/1025","targetHints":{"allow":["GET"]}}],"collection":[{"href":"https:\/\/claire-jannot.com\/index.php?rest_route=\/wp\/v2\/posts"}],"about":[{"href":"https:\/\/claire-jannot.com\/index.php?rest_route=\/wp\/v2\/types\/post"}],"author":[{"embeddable":true,"href":"https:\/\/claire-jannot.com\/index.php?rest_route=\/wp\/v2\/users\/1"}],"replies":[{"embeddable":true,"href":"https:\/\/claire-jannot.com\/index.php?rest_route=%2Fwp%2Fv2%2Fcomments&post=1025"}],"version-history":[{"count":0,"href":"https:\/\/claire-jannot.com\/index.php?rest_route=\/wp\/v2\/posts\/1025\/revisions"}],"wp:attachment":[{"href":"https:\/\/claire-jannot.com\/index.php?rest_route=%2Fwp%2Fv2%2Fmedia&parent=1025"}],"wp:term":[{"taxonomy":"category","embeddable":true,"href":"https:\/\/claire-jannot.com\/index.php?rest_route=%2Fwp%2Fv2%2Fcategories&post=1025"},{"taxonomy":"post_tag","embeddable":true,"href":"https:\/\/claire-jannot.com\/index.php?rest_route=%2Fwp%2Fv2%2Ftags&post=1025"}],"curies":[{"name":"wp","href":"https:\/\/api.w.org\/{rel}","templated":true}]}}