{"id":1052,"date":"2012-02-07T13:43:57","date_gmt":"2012-02-07T12:43:57","guid":{"rendered":"http:\/\/www.clairejannot.com\/?p=1052"},"modified":"2015-01-17T17:00:22","modified_gmt":"2015-01-17T16:00:22","slug":"les-premiers-requins-hybrides-decouverts-au-large-de-laustralie","status":"publish","type":"post","link":"https:\/\/claire-jannot.com\/?p=1052","title":{"rendered":"Les premiers requins hybrides d\u00e9couverts au large de l\u2019Australie"},"content":{"rendered":"<h2>Des scientifiques ont annonc\u00e9 le 3 janvier avoir d\u00e9couvert les premiers requins hybrides au monde dans les eaux australiennes, signe probable, selon eux, que ces pr\u00e9dateurs s\u2019adaptent au changement climatique.<\/h2>\n<p>&nbsp;<\/p>\n<p>La reproduction crois\u00e9e du requin australien \u00e0 pointe noire, qu\u2019on trouve pr\u00e8s des c\u00f4tes de ce pays, avec celle du requin \u00e0 pointe noire trouv\u00e9 ailleurs dans le monde, a des implications pour l\u2019ensemble de ces animaux, a estim\u00e9 le chercheur <strong>Jess Morgan<\/strong>, de <strong>l\u2019universit\u00e9 du Queensland<\/strong>.<\/p>\n<p><em>\u00ab\u00a0C\u2019\u00e9tait tr\u00e8s surprenant car personne n\u2019a encore vu de requin hybride auparavant. Ce n\u2019est pas quelque chose qu\u2019on peut imaginer facilement\u00a0\u00bb<\/em>, a-t-il dit \u00e0 l\u2019AFP. <strong><em>\u00ab\u00a0C\u2019est l\u2019\u00e9volution en direct\u00a0\u00bb<\/em>.<\/strong><\/p>\n<p>Les premiers r\u00e9sultats de l\u2019\u00e9tude sugg\u00e8rent que les hybrides sont robustes et parviennent \u00e0 se reproduire, a ajout\u00e9 <strong>Colin Simpfendorfer<\/strong>, de l\u2019universit\u00e9 <strong>James Cook<\/strong>, qui a particip\u00e9 aux travaux de recherches.<\/p>\n<p>Les scientifiques ont \u00e9tudi\u00e9 57 sp\u00e9cimens de ces requins hybrides.<\/p>\n<p><strong>Les chercheurs effectuaient des travaux au large de la c\u00f4te est de l\u2019Australie, pour r\u00e9pertorier la faune, lorsque des tests g\u00e9n\u00e9tiques ont montr\u00e9 que certains requins appartenaient \u00e0 une esp\u00e8ce donn\u00e9e alors qu\u2019ils avaient les caract\u00e9ristiques physiques d\u2019une autre esp\u00e8ce.<\/strong><\/p>\n<p>Le requin \u00e0 pointe noire australien est plus petit que son cousin plus commun et ne peut vivre que dans des eaux tropicales. Ses descendants hybrides ont en revanche \u00e9t\u00e9 retrouv\u00e9s \u00e0 2.000 km vers le sud, dans des eaux beaucoup plus froides.<\/p>\n<p>En se reproduisant avec l\u2019esp\u00e8ce commune, le requin australien accro\u00eet son habitat naturel, a expliqu\u00e9 Jess Morgan. <strong><em>\u00ab\u00a0Cela permet \u00e0 des esp\u00e8ces limit\u00e9es aux eaux tropicales de vivre dans des eaux plus temp\u00e9r\u00e9es\u00a0\u00bb<\/em>,<\/strong> a-t-il ajout\u00e9.<\/p>\n<p>Si les sp\u00e9cimens hybrides se r\u00e9v\u00e8lent plus robustes que leurs parents <em>\u00ab\u00a0de pure race\u00a0\u00bb<\/em>, ils pourraient les remplacer petit \u00e0 petit, a ajout\u00e9 Colin Simpfendorfer.<\/p>\n<p><em>\u00ab\u00a0Je ne sais pas si c\u2019est le cas ici, mais nous savons qu\u2019ils sont viables, qu\u2019ils se reproduisent et qu\u2019il y a plusieurs g\u00e9n\u00e9rations d\u2019hybrides\u00a0\u00bb<\/em>, a-t-il d\u00e9clar\u00e9. <em>\u00ab\u00a0Ils semblent \u00eatre des animaux tout \u00e0 fait sains\u00a0\u00bb<\/em>.<\/p>\n<p>Ces requins hybrides \u00e9taient nombreux, repr\u00e9sentant dans certains endroits jusqu\u2019\u00e0 20% de la population totale de requins \u00e0 pointe noire \u00e9voluant pr\u00e8s des c\u00f4tes australiennes. Mais ils ne semblent pas pour le moment provoquer une baisse de la population de leurs parents de pure race, a not\u00e9 Jess Morgan.<\/p>\n<address>\u00a0<\/address>\n<address><em>Source\u00a0: <a href=\"http:\/\/www.herbi-mag.com\/\">www.herbi-mag.com<\/a> &#8211; AFP du 3 janvier 2012<\/em><\/address>\n<address>\u00a0<\/address>\n<address>\u00a0<\/address>\n<address>\u00a0<\/address>\n","protected":false},"excerpt":{"rendered":"<p>Des scientifiques ont annonc\u00e9 le 3 janvier avoir d\u00e9couvert les premiers requins hybrides au monde dans les eaux australiennes, signe probable, selon eux, que ces pr\u00e9dateurs s\u2019adaptent au changement climatique. &nbsp; La reproduction crois\u00e9e du requin australien \u00e0 pointe noire, &hellip; <a href=\"https:\/\/claire-jannot.com\/?p=1052\">Continuer la lecture <span class=\"meta-nav\">&rarr;<\/span><\/a><\/p>\n","protected":false},"author":1,"featured_media":0,"comment_status":"open","ping_status":"open","sticky":false,"template":"","format":"standard","meta":{"jetpack_post_was_ever_published":false,"_jetpack_newsletter_access":"","_jetpack_dont_email_post_to_subs":false,"_jetpack_newsletter_tier_id":0,"_jetpack_memberships_contains_paywalled_content":false,"_jetpack_memberships_contains_paid_content":false,"footnotes":"","jetpack_publicize_message":"","jetpack_publicize_feature_enabled":true,"jetpack_social_post_already_shared":false,"jetpack_social_options":{"image_generator_settings":{"template":"highway","default_image_id":0,"font":"","enabled":false},"version":2}},"categories":[2],"tags":[4,5,27,52,48],"class_list":["post-1052","post","type-post","status-publish","format-standard","hentry","category-ecologie","tag-ecologie2","tag-environnement","tag-insolite","tag-oceans","tag-vie-animale"],"jetpack_publicize_connections":[],"jetpack_featured_media_url":"","jetpack_sharing_enabled":true,"jetpack_shortlink":"https:\/\/wp.me\/p5jjt5-gY","_links":{"self":[{"href":"https:\/\/claire-jannot.com\/index.php?rest_route=\/wp\/v2\/posts\/1052","targetHints":{"allow":["GET"]}}],"collection":[{"href":"https:\/\/claire-jannot.com\/index.php?rest_route=\/wp\/v2\/posts"}],"about":[{"href":"https:\/\/claire-jannot.com\/index.php?rest_route=\/wp\/v2\/types\/post"}],"author":[{"embeddable":true,"href":"https:\/\/claire-jannot.com\/index.php?rest_route=\/wp\/v2\/users\/1"}],"replies":[{"embeddable":true,"href":"https:\/\/claire-jannot.com\/index.php?rest_route=%2Fwp%2Fv2%2Fcomments&post=1052"}],"version-history":[{"count":1,"href":"https:\/\/claire-jannot.com\/index.php?rest_route=\/wp\/v2\/posts\/1052\/revisions"}],"predecessor-version":[{"id":5506,"href":"https:\/\/claire-jannot.com\/index.php?rest_route=\/wp\/v2\/posts\/1052\/revisions\/5506"}],"wp:attachment":[{"href":"https:\/\/claire-jannot.com\/index.php?rest_route=%2Fwp%2Fv2%2Fmedia&parent=1052"}],"wp:term":[{"taxonomy":"category","embeddable":true,"href":"https:\/\/claire-jannot.com\/index.php?rest_route=%2Fwp%2Fv2%2Fcategories&post=1052"},{"taxonomy":"post_tag","embeddable":true,"href":"https:\/\/claire-jannot.com\/index.php?rest_route=%2Fwp%2Fv2%2Ftags&post=1052"}],"curies":[{"name":"wp","href":"https:\/\/api.w.org\/{rel}","templated":true}]}}