{"id":1057,"date":"2012-02-07T14:02:53","date_gmt":"2012-02-07T13:02:53","guid":{"rendered":"http:\/\/www.clairejannot.com\/?p=1057"},"modified":"2012-02-07T14:02:53","modified_gmt":"2012-02-07T13:02:53","slug":"terre-de-liens","status":"publish","type":"post","link":"https:\/\/claire-jannot.com\/?p=1057","title":{"rendered":"Disparition des surfaces agricoles, sp\u00e9culation fonci\u00e8re"},"content":{"rendered":"<h2>Terre de liens propose de changer le rapport \u00e0 la terre, \u00e0 l\u2019agriculture, \u00e0 l\u2019alimentation et \u00e0 la nature, en faisant \u00e9voluer le rapport \u00e0 la propri\u00e9t\u00e9 fonci\u00e8re.<\/h2>\n<p><a href=\"https:\/\/i0.wp.com\/www.clairejannot.com\/wp-content\/uploads\/2012\/02\/terredeliens.jpg\"><img data-recalc-dims=\"1\" loading=\"lazy\" decoding=\"async\" class=\"alignleft size-medium wp-image-1058\" title=\"terredeliens\" src=\"https:\/\/i0.wp.com\/www.clairejannot.com\/wp-content\/uploads\/2012\/02\/terredeliens-300x229.jpg?resize=300%2C229\" alt=\"\" width=\"300\" height=\"229\" \/><\/a><strong>Chaque semaine, 200 fermes disparaissent en France.<\/strong> A la suite de ce terrible constat, les membres de <strong>Terre de Liens<\/strong> ont d\u00e9cid\u00e9 d&rsquo;agir, de d\u00e9battre et de soutenir les modes de vie et les pratiques agricoles pour l\u2019humanit\u00e9 et sa plan\u00e8te.<\/p>\n<p>N\u00e9e de la rencontre, \u00e0 la fin des ann\u00e9es 90, entre des mouvements d\u2019\u00e9ducation populaire, de la finance solidaire, de l\u2019agriculture biologique et biodynamique et de la protection de l\u2019environnement, l\u2019association <strong>Terre de liens est devenue le creuset de la r\u00e9flexion sur les r\u00e9ponses financi\u00e8res \u00e0 apporter au probl\u00e8me de l\u2019acc\u00e8s au foncier.<\/strong> Ensemble, ils ont imagin\u00e9 un <strong>outil d\u2019investissement solidaire<\/strong> capable d\u2019apporter une r\u00e9ponse originale \u00e0 ce d\u00e9fi.<\/p>\n<p>A l\u2019origine de la cr\u00e9ation de la Fonci\u00e8re <strong>Terre de liens<\/strong>, il y a un triple constat :<\/p>\n<p>1) <strong>Nous avons besoin de paysans qui renouvellent le mod\u00e8le d\u2019agriculture classique<\/strong>, qui r\u00e9-inventent d\u2019autres formes d\u2019usage de la terre, \u00e9cologiquement responsables et socialement solidaires.<\/p>\n<p>2) <strong>Dans la majorit\u00e9 des cas, ces paysans n\u2019ont pas les moyens d\u2019acc\u00e9der seuls \u00e0 la terre sans s\u2019endetter<\/strong> pour plusieurs g\u00e9n\u00e9rations. Il est donc n\u00e9cessaire de recourir \u00e0 des formes collectives et solidaires d\u2019acquisition de foncier.<\/p>\n<p>3) <strong>Ni les acteurs priv\u00e9s<\/strong> (agriculteurs, propri\u00e9taires priv\u00e9s, agences immobili\u00e8res\u2026), <strong>ni les acteurs publics<\/strong> (Etat, Collectivit\u00e9, Parc Naturel, Conservatoires\u2026), ni les <strong>SAFER <\/strong>(Soci\u00e9t\u00e9 d&rsquo;Am\u00e9nagement Foncier et d&rsquo;Etablissement Rural )<strong> ne parviennent \u00e0 stopper ni m\u00eame \u00e0 freiner la sp\u00e9culation fonci\u00e8re, l\u2019artificialisation des sols et la concentration des terres aux mains de quelques-uns.<\/strong><\/p>\n<p><a href=\"https:\/\/i0.wp.com\/www.clairejannot.com\/wp-content\/uploads\/2012\/02\/campagne_heritage_.jpg\"><img data-recalc-dims=\"1\" loading=\"lazy\" decoding=\"async\" class=\"alignleft size-medium wp-image-1067\" title=\"campagne_heritage_\" src=\"https:\/\/i0.wp.com\/www.clairejannot.com\/wp-content\/uploads\/2012\/02\/campagne_heritage_-230x300.jpg?resize=230%2C300\" alt=\"\" width=\"230\" height=\"300\" \/><\/a>L\u2019association <strong>Terre de liens<\/strong>, la Nefet les autres r\u00e9seaux initiateurs de la r\u00e9flexion ont d\u2019abord fait le bilan des outils existants. Apr\u00e8s avoir constat\u00e9 les limites des soci\u00e9t\u00e9s civiles immobili\u00e8res (SCI) et des groupements fonciers agricoles (GFA), <strong>ils ont d\u00e9cid\u00e9 de cr\u00e9er un outil financier d\u2019envergure nationale d\u00e9di\u00e9 \u00e0 cet enjeu : la Fonci\u00e8re Terre de liens.<\/strong><\/p>\n<p>Cette <strong>Fonci\u00e8re<\/strong> a pour objet de collecter de <strong>l\u2019\u00e9pargne solidaire<\/strong> aupr\u00e8s des citoyens et des institutions priv\u00e9es et d\u2019acqu\u00e9rir des biens immobiliers en milieu rural pour en assurer sur le long terme une gestion sociale et \u00e9cologique conforme \u00e0 la <strong>Charte de Terre de liens<\/strong> et aux orientations g\u00e9n\u00e9rales de la <strong>Nef<\/strong> ( www.lanef.com).<\/p>\n<p><em><\/em><\/p>\n<p><em>Plus de renseignements, source et cr\u00e9dit photo\u00a0sur le :\u00a0www.<a title=\"Terre de Liens\" href=\"http:\/\/terredeliens.org\/\">terredeliens.org<\/a><\/em><\/p>\n<p>&nbsp;<\/p>\n","protected":false},"excerpt":{"rendered":"<p>Terre de liens propose de changer le rapport \u00e0 la terre, \u00e0 l\u2019agriculture, \u00e0 l\u2019alimentation et \u00e0 la nature, en faisant \u00e9voluer le rapport \u00e0 la propri\u00e9t\u00e9 fonci\u00e8re. Chaque semaine, 200 fermes disparaissent en France. A la suite de ce &hellip; <a href=\"https:\/\/claire-jannot.com\/?p=1057\">Continuer la lecture <span class=\"meta-nav\">&rarr;<\/span><\/a><\/p>\n","protected":false},"author":1,"featured_media":0,"comment_status":"open","ping_status":"open","sticky":false,"template":"","format":"standard","meta":{"jetpack_post_was_ever_published":false,"_jetpack_newsletter_access":"","_jetpack_dont_email_post_to_subs":false,"_jetpack_newsletter_tier_id":0,"_jetpack_memberships_contains_paywalled_content":false,"_jetpack_memberships_contains_paid_content":false,"footnotes":"","jetpack_publicize_message":"","jetpack_publicize_feature_enabled":true,"jetpack_social_post_already_shared":false,"jetpack_social_options":{"image_generator_settings":{"template":"highway","default_image_id":0,"font":"","enabled":false},"version":2}},"categories":[2],"tags":[22,4,5],"class_list":["post-1057","post","type-post","status-publish","format-standard","hentry","category-ecologie","tag-biologique","tag-ecologie2","tag-environnement"],"jetpack_publicize_connections":[],"jetpack_featured_media_url":"","jetpack_sharing_enabled":true,"jetpack_shortlink":"https:\/\/wp.me\/p5jjt5-h3","_links":{"self":[{"href":"https:\/\/claire-jannot.com\/index.php?rest_route=\/wp\/v2\/posts\/1057","targetHints":{"allow":["GET"]}}],"collection":[{"href":"https:\/\/claire-jannot.com\/index.php?rest_route=\/wp\/v2\/posts"}],"about":[{"href":"https:\/\/claire-jannot.com\/index.php?rest_route=\/wp\/v2\/types\/post"}],"author":[{"embeddable":true,"href":"https:\/\/claire-jannot.com\/index.php?rest_route=\/wp\/v2\/users\/1"}],"replies":[{"embeddable":true,"href":"https:\/\/claire-jannot.com\/index.php?rest_route=%2Fwp%2Fv2%2Fcomments&post=1057"}],"version-history":[{"count":0,"href":"https:\/\/claire-jannot.com\/index.php?rest_route=\/wp\/v2\/posts\/1057\/revisions"}],"wp:attachment":[{"href":"https:\/\/claire-jannot.com\/index.php?rest_route=%2Fwp%2Fv2%2Fmedia&parent=1057"}],"wp:term":[{"taxonomy":"category","embeddable":true,"href":"https:\/\/claire-jannot.com\/index.php?rest_route=%2Fwp%2Fv2%2Fcategories&post=1057"},{"taxonomy":"post_tag","embeddable":true,"href":"https:\/\/claire-jannot.com\/index.php?rest_route=%2Fwp%2Fv2%2Ftags&post=1057"}],"curies":[{"name":"wp","href":"https:\/\/api.w.org\/{rel}","templated":true}]}}