{"id":1087,"date":"2012-02-08T17:59:24","date_gmt":"2012-02-08T16:59:24","guid":{"rendered":"http:\/\/www.clairejannot.com\/?p=1087"},"modified":"2014-11-15T13:26:17","modified_gmt":"2014-11-15T12:26:17","slug":"festival-international-du-film-denvironnement-116-films-de-34-pays","status":"publish","type":"post","link":"https:\/\/claire-jannot.com\/?p=1087","title":{"rendered":"Festival international du film d&rsquo;environnement: 116 films de 34 pays"},"content":{"rendered":"<h2>Le Festival international du film d&rsquo;environnement (FIFE), qui commence mardi (06\/02), pr\u00e9sentera \u00e0 Paris et sa banlieue 116 films de 34 pays, avec une comp\u00e9tition officielle, des d\u00e9bats, rencontres et programmes th\u00e9matiques sur l&rsquo;eau, le r\u00e9chauffement climatique ou les \u00e9nergies nouvelles.<\/h2>\n<p><a href=\"https:\/\/i0.wp.com\/www.clairejannot.com\/wp-content\/uploads\/2012\/02\/affiche.jpg\"><img data-recalc-dims=\"1\" loading=\"lazy\" decoding=\"async\" class=\"alignleft size-medium wp-image-1088\" title=\"affiche\" src=\"https:\/\/i0.wp.com\/www.clairejannot.com\/wp-content\/uploads\/2012\/02\/affiche-211x300.jpg?resize=211%2C300\" alt=\"\" width=\"211\" height=\"300\" \/><\/a>Les s\u00e9ances, o\u00f9 l&rsquo;entr\u00e9e est <strong>libre et gratuite<\/strong>, se d\u00e9roulent au <strong>Cin\u00e9ma des cin\u00e9astes, dans le XVIIe arrondissement<\/strong>, avec quelques films pr\u00e9sent\u00e9s aussi dans un autre cin\u00e9ma de Paris et dans cinq salles de banlieue <strong>(programme sur www.festivalenvironnement.com).<\/strong><br \/>\nPlusieurs documentaires sont au programme, dont quelques avant-premi\u00e8res, comme <strong><em>\u00ab\u00a0Bovines\u00a0\u00bb <\/em>(France), une plong\u00e9e dans la vie des vaches, en salles le 22 f\u00e9vrier.<\/strong><\/p>\n<p>Un focus est fait sur le <strong>cin\u00e9ma sud-cor\u00e9en et un autre sur le cin\u00e9ma qu\u00e9b\u00e9cois<\/strong>, dont on pourra voir notamment <strong><em>\u00ab\u00a0Trou story\u00a0\u00bb<\/em><\/strong>, sur les mines et leur exploitation, du chanteur et cin\u00e9aste engag\u00e9 Richard Desjardins.<\/p>\n<p><em>\u00ab\u00a0C&rsquo;est le seul festival de ce type en France o\u00f9 sont pr\u00e9sent\u00e9s des films p\u00e9dagogiques sur <strong>l&rsquo;action durable, ou qui d\u00e9noncent les atteintes \u00e0 l&rsquo;environnement\u00a0\u00bb<\/strong><\/em>, a rappel\u00e9 devant la presse<strong> Jean-Paul Huchon<\/strong>, le pr\u00e9sident de la <strong>r\u00e9gion Ile-de-France<\/strong>, qui organise la manifestation.<\/p>\n<p>Des d\u00e9bats sont pr\u00e9vus sur <strong>l&rsquo;\u00e9nergie durable, sur l&rsquo;eau, <em>\u00ab\u00a0un bien commun \u00e0 partager\u00a0\u00bb<\/em>, autour de la conf\u00e9rence Rio+20, qui doit se tenir au mois de juin au Br\u00e9sil&#8230;<\/strong> Ils vont de pair avec des projections de courts ou moyens m\u00e9trages sur les m\u00eames sujets.<\/p>\n<p>Au-del\u00e0 des documentaires, plusieurs films de fiction sont aussi au programme, parmi lesquels <strong><em>\u00ab\u00a0La terre outrag\u00e9e\u00a0\u00bb<\/em>, qui <em>\u00ab\u00a0raconte\u00a0\u00bb<\/em> le quotidien de la ville de Pripiat apr\u00e8s Tchernobyl.<\/strong><\/p>\n<p>La programmation inclut des films pour jeune public, dont le film d&rsquo;ouverture, <strong><em>\u00ab\u00a0Zarafa\u00a0\u00bb<\/em><\/strong>.<\/p>\n<p>Une <em>\u00ab\u00a0nuit de l&rsquo;apocalypse\u00a0\u00bb<\/em>, le 11 f\u00e9vrier au soir, propose deux<strong> \u00ab\u00a0\u00e9co-thrillers\u00a0\u00bb<\/strong> in\u00e9dits de science-fiction, <em>\u00ab\u00a0all\u00e9gories sur les dangers du nucl\u00e9aire\u00a0\u00bb<\/em>, selon M. Huchon. On pourra y revoir aussi <em>\u00ab\u00a0La nuit des morts-vivants\u00a0\u00bb<\/em> de George Romero, de 1968.<\/p>\n<address>Source\u00a0: AFP du 06\/02\/2012<\/p>\n<\/address>\n","protected":false},"excerpt":{"rendered":"<p>Le Festival international du film d&rsquo;environnement (FIFE), qui commence mardi (06\/02), pr\u00e9sentera \u00e0 Paris et sa banlieue 116 films de 34 pays, avec une comp\u00e9tition officielle, des d\u00e9bats, rencontres et programmes th\u00e9matiques sur l&rsquo;eau, le r\u00e9chauffement climatique ou les \u00e9nergies &hellip; <a href=\"https:\/\/claire-jannot.com\/?p=1087\">Continuer la lecture <span class=\"meta-nav\">&rarr;<\/span><\/a><\/p>\n","protected":false},"author":1,"featured_media":0,"comment_status":"open","ping_status":"open","sticky":false,"template":"","format":"standard","meta":{"jetpack_post_was_ever_published":false,"_jetpack_newsletter_access":"","_jetpack_dont_email_post_to_subs":false,"_jetpack_newsletter_tier_id":0,"_jetpack_memberships_contains_paywalled_content":false,"_jetpack_memberships_contains_paid_content":false,"footnotes":"","jetpack_publicize_message":"","jetpack_publicize_feature_enabled":true,"jetpack_social_post_already_shared":false,"jetpack_social_options":{"image_generator_settings":{"template":"highway","default_image_id":0,"font":"","enabled":false},"version":2}},"categories":[2],"tags":[4,44,5,6,7,11,8],"class_list":["post-1087","post","type-post","status-publish","format-standard","hentry","category-ecologie","tag-ecologie2","tag-energie","tag-environnement","tag-nucleaire","tag-pripiat","tag-societe-2","tag-tchernobyl"],"jetpack_publicize_connections":[],"jetpack_featured_media_url":"","jetpack_sharing_enabled":true,"jetpack_shortlink":"https:\/\/wp.me\/p5jjt5-hx","_links":{"self":[{"href":"https:\/\/claire-jannot.com\/index.php?rest_route=\/wp\/v2\/posts\/1087","targetHints":{"allow":["GET"]}}],"collection":[{"href":"https:\/\/claire-jannot.com\/index.php?rest_route=\/wp\/v2\/posts"}],"about":[{"href":"https:\/\/claire-jannot.com\/index.php?rest_route=\/wp\/v2\/types\/post"}],"author":[{"embeddable":true,"href":"https:\/\/claire-jannot.com\/index.php?rest_route=\/wp\/v2\/users\/1"}],"replies":[{"embeddable":true,"href":"https:\/\/claire-jannot.com\/index.php?rest_route=%2Fwp%2Fv2%2Fcomments&post=1087"}],"version-history":[{"count":1,"href":"https:\/\/claire-jannot.com\/index.php?rest_route=\/wp\/v2\/posts\/1087\/revisions"}],"predecessor-version":[{"id":5667,"href":"https:\/\/claire-jannot.com\/index.php?rest_route=\/wp\/v2\/posts\/1087\/revisions\/5667"}],"wp:attachment":[{"href":"https:\/\/claire-jannot.com\/index.php?rest_route=%2Fwp%2Fv2%2Fmedia&parent=1087"}],"wp:term":[{"taxonomy":"category","embeddable":true,"href":"https:\/\/claire-jannot.com\/index.php?rest_route=%2Fwp%2Fv2%2Fcategories&post=1087"},{"taxonomy":"post_tag","embeddable":true,"href":"https:\/\/claire-jannot.com\/index.php?rest_route=%2Fwp%2Fv2%2Ftags&post=1087"}],"curies":[{"name":"wp","href":"https:\/\/api.w.org\/{rel}","templated":true}]}}