{"id":1179,"date":"2012-02-10T21:17:51","date_gmt":"2012-02-10T20:17:51","guid":{"rendered":"http:\/\/www.clairejannot.com\/?p=1179"},"modified":"2014-11-15T13:26:08","modified_gmt":"2014-11-15T12:26:08","slug":"ile-de-france-reduire-lusage-de-la-voiture","status":"publish","type":"post","link":"https:\/\/claire-jannot.com\/?p=1179","title":{"rendered":"\u00cele de France : r\u00e9duire l\u2019usage de la voiture"},"content":{"rendered":"<h2>De nouvelles mesures pour r\u00e9duire l&rsquo;usage de la voiture dans les d\u00e9placements des Franciliens et augmenter la part des transports collectifs et doux (marche et v\u00e9lo)ont \u00e9t\u00e9 pr\u00e9sent\u00e9es jeudi (09\/02\/2012) par la r\u00e9gion Ile-de-France.<\/h2>\n<p><a href=\"https:\/\/i0.wp.com\/www.clairejannot.com\/wp-content\/uploads\/2012\/02\/voitures.jpg\"><img data-recalc-dims=\"1\" loading=\"lazy\" decoding=\"async\" class=\"alignleft size-medium wp-image-1180\" title=\"voitures\" src=\"https:\/\/i0.wp.com\/www.clairejannot.com\/wp-content\/uploads\/2012\/02\/voitures-300x199.jpg?resize=300%2C199\" alt=\"\" width=\"300\" height=\"199\" \/><\/a>Ces mesures sont contenues dans le <strong>Plan de d\u00e9placements urbains d&rsquo;IDF (PDU)<\/strong>, document strat\u00e9gique pour penser les modes de d\u00e9placements des quelque <strong>12 millions de Franciliens<\/strong> jusqu&rsquo;\u00e0 l&rsquo;horizion 2020. Ce document sera d\u00e9battu lors de la s\u00e9ance pl\u00e9ni\u00e8re du Conseil r\u00e9gional jeudi et vendredi prochain.<\/p>\n<p><strong><em>\u00ab\u00a0C&rsquo;est une feuille de route pour la prochaine d\u00e9cennie. On est sur des montants de plusieurs milliards d&rsquo;euros, dont trois milliards d&rsquo;investissement de la part de la R\u00e9gion\u00a0\u00bb<\/em>, a fait valoir Pierre Serne (EELV), vice-pr\u00e9sident en charge des transports.<\/strong><\/p>\n<p>Ce PDU, r\u00e9dig\u00e9 par le Stif (autorit\u00e9 organisatrice des transports en commun en IDF), pr\u00e9voit <em>\u00ab\u00a0quatre nouvelles mesures prescriptives\u00a0\u00bb<\/em>, pour accompagner les objectifs de croissance de 20% des d\u00e9placements en transports en commun, de 10% pour le v\u00e9lo et la marche, et de baisse de 20% des d\u00e9placements en voiture ou deux-roues motoris\u00e9s.<\/p>\n<p>Concr\u00e8tement, pour rendre <strong>bus et tramways plus attractifs<\/strong>, <em>\u00ab\u00a0il est demand\u00e9 aux gestionnaires de voirie de leur assurer la priorit\u00e9 aux carrefours\u00a0\u00bb<\/em>.<\/p>\n<p>Il faudra aussi une <strong>proportion minimale de places de stationnement pour les v\u00e9los<\/strong> sur la voirie. Ainsi qu&rsquo;un nombre de places minimum pour les v\u00e9los dans toute construction nouvelle.<\/p>\n<p>Enfin, il s&rsquo;agira d&rsquo;\u00e9tablir des <strong>normes maximales, cette fois, de places de stationnement pour les voitures dans les nouveaux bureaux<\/strong>. Selon M. Serne, <em>\u00ab\u00a0toutes les \u00e9tudes\u00a0\u00bb<\/em> montrent que le facteur qui pousse le plus les gens \u00e0 utiliser leur voiture entre leur domicile et le travail est d&rsquo;y avoir une place gratuite.<\/p>\n<p>Ces normes devront \u00eatre traduites dans les plans locaux d&rsquo;urbanisme (PLU). mais, a insist\u00e9 Pierre Serne, <em>\u00ab\u00a0elles ne seront pas identiques\u00a0\u00bb<\/em> en tout point du territoire: <em>\u00ab\u00a0plus on s&rsquo;\u00e9loignera d&rsquo;un transport en commun, moins la norme sera contraignante, et inversement\u00a0\u00bb<\/em>.<\/p>\n<p>La mobilit\u00e9 des Franciliens, c&rsquo;est en quelques chiffres : <strong>35 millions de d\u00e9placements quotidiens, 170 millions de km parcourus chaque jour dont pr\u00e8s de 100 millions en voiture<\/strong>, une hausse de 25% du trafic dans les transports en commun en 10 ans, 180 km de bouchons chaque matin ou encore <strong>1h30 consacr\u00e9e en moyenne chaque jour par un Francilien pour se d\u00e9placer, et plus de 2h pour 20% des Franciliens.<\/strong><\/p>\n<p>&nbsp;<\/p>\n<p>&nbsp;<\/p>\n<address>Source\u00a0: AFP du 09\/02\/2012<\/address>\n<address>Cr\u00e9dit photo :\u00a0<a href=\"http:\/\/www.caradisiac.com\/\">http:\/\/www.caradisiac.com<\/a><\/address>\n<address>\u00a0<\/address>\n<address>\u00a0<\/address>\n<address>\u00a0<\/address>\n","protected":false},"excerpt":{"rendered":"<p>De nouvelles mesures pour r\u00e9duire l&rsquo;usage de la voiture dans les d\u00e9placements des Franciliens et augmenter la part des transports collectifs et doux (marche et v\u00e9lo)ont \u00e9t\u00e9 pr\u00e9sent\u00e9es jeudi (09\/02\/2012) par la r\u00e9gion Ile-de-France. Ces mesures sont contenues dans le &hellip; <a href=\"https:\/\/claire-jannot.com\/?p=1179\">Continuer la lecture <span class=\"meta-nav\">&rarr;<\/span><\/a><\/p>\n","protected":false},"author":1,"featured_media":0,"comment_status":"open","ping_status":"open","sticky":false,"template":"","format":"standard","meta":{"jetpack_post_was_ever_published":false,"_jetpack_newsletter_access":"","_jetpack_dont_email_post_to_subs":false,"_jetpack_newsletter_tier_id":0,"_jetpack_memberships_contains_paywalled_content":false,"_jetpack_memberships_contains_paid_content":false,"footnotes":"","jetpack_publicize_message":"","jetpack_publicize_feature_enabled":true,"jetpack_social_post_already_shared":false,"jetpack_social_options":{"image_generator_settings":{"template":"highway","default_image_id":0,"font":"","enabled":false},"version":2}},"categories":[2],"tags":[4,44,5,11],"class_list":["post-1179","post","type-post","status-publish","format-standard","hentry","category-ecologie","tag-ecologie2","tag-energie","tag-environnement","tag-societe-2"],"jetpack_publicize_connections":[],"jetpack_featured_media_url":"","jetpack_sharing_enabled":true,"jetpack_shortlink":"https:\/\/wp.me\/p5jjt5-j1","_links":{"self":[{"href":"https:\/\/claire-jannot.com\/index.php?rest_route=\/wp\/v2\/posts\/1179","targetHints":{"allow":["GET"]}}],"collection":[{"href":"https:\/\/claire-jannot.com\/index.php?rest_route=\/wp\/v2\/posts"}],"about":[{"href":"https:\/\/claire-jannot.com\/index.php?rest_route=\/wp\/v2\/types\/post"}],"author":[{"embeddable":true,"href":"https:\/\/claire-jannot.com\/index.php?rest_route=\/wp\/v2\/users\/1"}],"replies":[{"embeddable":true,"href":"https:\/\/claire-jannot.com\/index.php?rest_route=%2Fwp%2Fv2%2Fcomments&post=1179"}],"version-history":[{"count":1,"href":"https:\/\/claire-jannot.com\/index.php?rest_route=\/wp\/v2\/posts\/1179\/revisions"}],"predecessor-version":[{"id":5666,"href":"https:\/\/claire-jannot.com\/index.php?rest_route=\/wp\/v2\/posts\/1179\/revisions\/5666"}],"wp:attachment":[{"href":"https:\/\/claire-jannot.com\/index.php?rest_route=%2Fwp%2Fv2%2Fmedia&parent=1179"}],"wp:term":[{"taxonomy":"category","embeddable":true,"href":"https:\/\/claire-jannot.com\/index.php?rest_route=%2Fwp%2Fv2%2Fcategories&post=1179"},{"taxonomy":"post_tag","embeddable":true,"href":"https:\/\/claire-jannot.com\/index.php?rest_route=%2Fwp%2Fv2%2Ftags&post=1179"}],"curies":[{"name":"wp","href":"https:\/\/api.w.org\/{rel}","templated":true}]}}