{"id":1192,"date":"2012-02-10T21:39:26","date_gmt":"2012-02-10T20:39:26","guid":{"rendered":"http:\/\/www.clairejannot.com\/?p=1192"},"modified":"2012-02-10T21:39:26","modified_gmt":"2012-02-10T20:39:26","slug":"concours-2012-jardiner-autrement","status":"publish","type":"post","link":"https:\/\/claire-jannot.com\/?p=1192","title":{"rendered":"Concours 2012 : Jardiner autrement"},"content":{"rendered":"<h2>L&rsquo;\u00e9dition 2012 du concours JARDINER AUTREMENT, qui r\u00e9compense les d\u00e9marches globales de jardinage responsable, est ouvert depuis le 16 janvier et jusqu&rsquo;au 16 mars.<\/h2>\n<p><a href=\"https:\/\/i0.wp.com\/www.clairejannot.com\/wp-content\/uploads\/2012\/02\/Jardiner_.jpg\"><img data-recalc-dims=\"1\" loading=\"lazy\" decoding=\"async\" class=\"alignleft size-medium wp-image-1193\" title=\"Jardiner_\" src=\"https:\/\/i0.wp.com\/www.clairejannot.com\/wp-content\/uploads\/2012\/02\/Jardiner_-211x300.jpg?resize=211%2C300\" alt=\"\" width=\"211\" height=\"300\" \/><\/a><\/p>\n<p>&nbsp;<\/p>\n<p>Ce concours est ouvert \u00e0 toute personne physique majeure r\u00e9sidant en France m\u00e9tropolitaine. La participation est gratuite et \u00e0 titre individuel. L&rsquo;espace de jardinage peut \u00eatre <strong>un jardin ext\u00e9rieur priv\u00e9, un jardin priv\u00e9 dans un espace collectif, un balcon, une terrasse ou un\u00a0espace int\u00e9rieur<\/strong>.\u00a0Le concours consiste \u00e0 pr\u00e9senter personnellement ses pratiques de jardinage, en particulier celles permettant de <strong>r\u00e9duire ou d&rsquo;\u00e9viter l&rsquo;usage des pesticides.<\/strong><\/p>\n<p>&nbsp;<\/p>\n<p><a href=\"http:\/\/www.jardiner-autrement.fr\/partageons-nos-bonnes-pratiques\/le-concours-jardiner-autrement\/le-concours-2012\/deposez-votre-dossier-de-candidature\" target=\"_blank\"><strong>D\u00e9posez votre candidature en ligne et prenez connaissance du r\u00e8glement<\/strong><\/a><\/p>\n<p>Votre dossier, une fois rempli et imp\u00e9rativement accompagn\u00e9 de 5 \u00e0 10 photos, devra \u00eatre retourn\u00e9 pour le 16 mars 2012 au plus tard :<\/p>\n<ul>\n<li>dans le cas d&rsquo;un envoi num\u00e9rique: par t\u00e9l\u00e9chargement sur l&rsquo;espace concours jusqu&rsquo;au 16 mars 2012\u00a0\u00e0 12h, l&rsquo;accus\u00e9 de r\u00e9ception \u00e9lectronique faisant foi.<\/li>\n<li>dans le cas d&rsquo;un envoi courrier: envoi avant le 16 mars 2012, le cachet de la poste faisant foi.<\/li>\n<\/ul>\n<p><strong>Les dossiers seront \u00e9tudi\u00e9s par un jury\u00a0<\/strong>compos\u00e9 de personnalit\u00e9s du monde horticole, choisies pour leurs comp\u00e9tences par les organisateurs. Il est souverain et ses d\u00e9cisions sont sans appel. Une premi\u00e8re s\u00e9lection sera bas\u00e9e sur les informations fournies dans les dossiers \u00e9crits. Les 10 candidats pr\u00e9s\u00e9lectionn\u00e9s seront pr\u00e9venus par t\u00e9l\u00e9phone et convoqu\u00e9s pour un rendez-vous t\u00e9l\u00e9phonique. A l&rsquo;issue de ces entretiens, le classement des 10 meilleurs candidats sera \u00e9tabli. Les 5 premiers candidats pr\u00e9s\u00e9lectionn\u00e9s feront l&rsquo;objet d&rsquo;une visite de leur jardin par les membres du jury. L&rsquo;annonce des gagnants se fera le 18 juin 2012.<\/p>\n<p><strong>Les 5 premiers laur\u00e9ats\u00a0<\/strong>gagneront un week-end d&rsquo;exception pour deux personnes autour du jardinage raisonn\u00e9, au cours duquel ils rencontreront les autres laur\u00e9ats, pourront \u00e9changer avec des personnalit\u00e9s du monde du jardin et d\u00e9couvriront des lieux superbes sur le th\u00e8me du v\u00e9g\u00e9tal et du jardinage (valeur approximative 500 euros).<\/p>\n<p><strong>Les 5 laur\u00e9ats suivants\u00a0<\/strong>gagneront de beaux ouvrages sur les plantes et les jardins (valeur approximative 100 euros).<\/p>\n<p>Renseignements et inscriptions sur :\u00a0<a href=\"http:\/\/www.jardiner-autrement.fr\/\">http:\/\/www.jardiner-autrement.fr<\/a><\/p>\n<p>&nbsp;<\/p>\n<address>Source et cr\u00e9dit photo :\u00a0<a href=\"http:\/\/www.jardiner-autrement.fr\/\">http:\/\/www.jardiner-autrement.fr<\/a><\/address>\n<address>\u00a0<\/address>\n<address>\u00a0<\/address>\n<address>\u00a0<\/address>\n","protected":false},"excerpt":{"rendered":"<p>L&rsquo;\u00e9dition 2012 du concours JARDINER AUTREMENT, qui r\u00e9compense les d\u00e9marches globales de jardinage responsable, est ouvert depuis le 16 janvier et jusqu&rsquo;au 16 mars. &nbsp; Ce concours est ouvert \u00e0 toute personne physique majeure r\u00e9sidant en France m\u00e9tropolitaine. La participation &hellip; <a href=\"https:\/\/claire-jannot.com\/?p=1192\">Continuer la lecture <span class=\"meta-nav\">&rarr;<\/span><\/a><\/p>\n","protected":false},"author":1,"featured_media":0,"comment_status":"open","ping_status":"open","sticky":false,"template":"","format":"standard","meta":{"jetpack_post_was_ever_published":false,"_jetpack_newsletter_access":"","_jetpack_dont_email_post_to_subs":false,"_jetpack_newsletter_tier_id":0,"_jetpack_memberships_contains_paywalled_content":false,"_jetpack_memberships_contains_paid_content":false,"footnotes":"","jetpack_publicize_message":"","jetpack_publicize_feature_enabled":true,"jetpack_social_post_already_shared":false,"jetpack_social_options":{"image_generator_settings":{"template":"highway","default_image_id":0,"font":"","enabled":false},"version":2}},"categories":[2],"tags":[4,5,21,11],"class_list":["post-1192","post","type-post","status-publish","format-standard","hentry","category-ecologie","tag-ecologie2","tag-environnement","tag-jardin","tag-societe-2"],"jetpack_publicize_connections":[],"jetpack_featured_media_url":"","jetpack_sharing_enabled":true,"jetpack_shortlink":"https:\/\/wp.me\/p5jjt5-je","_links":{"self":[{"href":"https:\/\/claire-jannot.com\/index.php?rest_route=\/wp\/v2\/posts\/1192","targetHints":{"allow":["GET"]}}],"collection":[{"href":"https:\/\/claire-jannot.com\/index.php?rest_route=\/wp\/v2\/posts"}],"about":[{"href":"https:\/\/claire-jannot.com\/index.php?rest_route=\/wp\/v2\/types\/post"}],"author":[{"embeddable":true,"href":"https:\/\/claire-jannot.com\/index.php?rest_route=\/wp\/v2\/users\/1"}],"replies":[{"embeddable":true,"href":"https:\/\/claire-jannot.com\/index.php?rest_route=%2Fwp%2Fv2%2Fcomments&post=1192"}],"version-history":[{"count":0,"href":"https:\/\/claire-jannot.com\/index.php?rest_route=\/wp\/v2\/posts\/1192\/revisions"}],"wp:attachment":[{"href":"https:\/\/claire-jannot.com\/index.php?rest_route=%2Fwp%2Fv2%2Fmedia&parent=1192"}],"wp:term":[{"taxonomy":"category","embeddable":true,"href":"https:\/\/claire-jannot.com\/index.php?rest_route=%2Fwp%2Fv2%2Fcategories&post=1192"},{"taxonomy":"post_tag","embeddable":true,"href":"https:\/\/claire-jannot.com\/index.php?rest_route=%2Fwp%2Fv2%2Ftags&post=1192"}],"curies":[{"name":"wp","href":"https:\/\/api.w.org\/{rel}","templated":true}]}}