{"id":1257,"date":"2012-02-14T12:48:55","date_gmt":"2012-02-14T11:48:55","guid":{"rendered":"http:\/\/www.clairejannot.com\/?p=1257"},"modified":"2012-02-14T12:48:55","modified_gmt":"2012-02-14T11:48:55","slug":"fukushima-est-objet-de-cinema-a-la-berlinale","status":"publish","type":"post","link":"https:\/\/claire-jannot.com\/?p=1257","title":{"rendered":"Fukushima est objet de cin\u00e9ma \u00e0 la Berlinale"},"content":{"rendered":"<h2>A peine un an apr\u00e8s la catastrophe, Fukushima est devenu un objet de cin\u00e9ma, trois r\u00e9alisateurs japonais livrant dans leurs oeuvres pr\u00e9sent\u00e9es \u00e0 la Berlinale leur regard sur les fractures cr\u00e9\u00e9es par l&rsquo;accident nucl\u00e9aire.<\/h2>\n<p><a href=\"https:\/\/i0.wp.com\/www.clairejannot.com\/wp-content\/uploads\/2012\/02\/Berlinale-2012.jpg\"><img data-recalc-dims=\"1\" loading=\"lazy\" decoding=\"async\" class=\"alignleft size-medium wp-image-1258\" title=\"Berlinale-2012\" src=\"https:\/\/i0.wp.com\/www.clairejannot.com\/wp-content\/uploads\/2012\/02\/Berlinale-2012-254x300.jpg?resize=254%2C300\" alt=\"\" width=\"254\" height=\"300\" \/><\/a>Ces films sont partis d&rsquo;un double constat commun: le sentiment, d&rsquo;une part, que le <strong>sort des victimes n&rsquo;\u00e9tait pas suffisamment pris en compte, et, d&rsquo;autre part, la perception d&rsquo;un d\u00e9calage profond entre l&rsquo;attitude des institutions japonaises et l&rsquo;\u00e9cho r\u00e9el de la trag\u00e9die.<\/strong><br \/>\n<em>\u00ab\u00a0J&rsquo;ai eu l&rsquo;\u00e9trange sentiment que les personnes directement concern\u00e9es \u00e9taient compl\u00e8tement n\u00e9glig\u00e9es\u00a0\u00bb<\/em>, raconte par exemple <strong>Toshi Fujiwara, r\u00e9alisateur de \u00ab\u00a0No man&rsquo;s zone\u00a0\u00bb<\/strong>, pour expliquer l&rsquo;origine de son film.<\/p>\n<p>Et c&rsquo;est un sentiment identique qui a guid\u00e9 <strong>Funahashi Atsushi, auteur de <em>\u00ab\u00a0Nuclear Nation\u00a0\u00bb<\/em><\/strong>: <em>\u00ab\u00a0c&rsquo;est presque un crime, le gouvernement japonais ne prend m\u00eame pas la peine de prot\u00e9ger ses propres citoyens\u00a0\u00bb<\/em>, a-t-il dit \u00e0 l&rsquo;AFP.<\/p>\n<p>Quant \u00e0 <strong>Iway Shungi, auteur de <em>\u00ab\u00a0Friends after 3.11\u00a0\u00bb<\/em><\/strong>, il estime que le Japon <em>\u00ab\u00a0n&rsquo;a r\u00e9ellement pris conscience des horreurs de l&rsquo;\u00e9nergie nucl\u00e9aire qu&rsquo;apr\u00e8s l&rsquo;accident de la centrale nucl\u00e9aire de Fukushima\u00a0\u00bb<\/em>.<\/p>\n<p>Les trois documentaires explorent cependant des pistes diff\u00e9rentes. <em>\u00ab\u00a0Nuclear Nation\u00a0\u00bb<\/em> suit le destin des habitants du village de <strong>Futaba<\/strong> (o\u00f9 la centrale \u00e9tait implant\u00e9e), \u00e9vacu\u00e9s en urgence et qui, au d\u00e9but du mois de mars 2011, ont \u00e9t\u00e9 install\u00e9s dans un lyc\u00e9e de la banlieue de Tokyo. <em>\u00ab\u00a0Encore aujourd&rsquo;hui, ils sont encore 500 dans ce lyc\u00e9e\u00a0\u00bb<\/em>, pr\u00e9cise Funahashi Atsushi qui, pendant deux heures et demie, livre une sorte de journal de bord de ces r\u00e9fugi\u00e9s de l&rsquo;atome, dont la vie s&rsquo;\u00e9coule avec ennui, au rythme des saisons.<\/p>\n<p>Une figure se d\u00e9tache de ce r\u00e9cit, celle de <strong>Katsutaka Idogawa<\/strong>, maire d\u00e9sormais sans village, qui se bat pour ses administr\u00e9s. Sa col\u00e8re retenue lors d&rsquo;une r\u00e9union avec des ministres qui quittent la pi\u00e8ce apr\u00e8s avoir prononc\u00e9 un bref discours est une s\u00e9quence forte de <em>\u00ab\u00a0Nuclear nation\u00a0\u00bb<\/em>. <em>\u00ab\u00a0J&rsquo;en ai presque pleur\u00e9 en visionnant les rushes\u00a0\u00bb<\/em>, raconte Atsushi.<\/p>\n<p><em>\u00ab\u00a0No man&rsquo;s zone\u00a0\u00bb<\/em> plonge, lui, au coeur de la r\u00e9gion contamin\u00e9e. Plus contemplatif, Toshi Fujiwara filme la nature: en apparence, rien n&rsquo;a chang\u00e9, c&rsquo;est la saison des cerisiers en fleur, raconte la voix off, mais il n&rsquo;y a plus que la cam\u00e9ra pour admirer le paysage, la zone a \u00e9t\u00e9 \u00e9vacu\u00e9e.<\/p>\n<p>A l&rsquo;oppos\u00e9, <em>\u00ab\u00a0Friends after 3.11\u00a0\u00bb<\/em> appara\u00eet plus bavard. Iwai Shunji a film\u00e9 ses <em>\u00ab\u00a0nouveaux amis\u00a0\u00bb<\/em>, ces acteurs, chercheurs, journalistes, banquiers, producteur de musique, etc. rencontr\u00e9s et longuement interview\u00e9s apr\u00e8s le 11 mars. <em>\u00ab\u00a0Je voulais livrer un portrait du Japon au pr\u00e9sent et au futur, vu par ces \u00ab\u00a0amis\u00a0\u00bb\u00a0\u00bb<\/em>, explique-t-il. Le r\u00e9sultat laisse l&rsquo;impression d&rsquo;une<strong> lib\u00e9ration de la parole qui explore, au risque parfois de s&rsquo;y noyer, l&rsquo;immensit\u00e9 des questions que pose la catastrophe \u00e0 la soci\u00e9t\u00e9 japonaise.<\/strong><\/p>\n<p><strong>Le s\u00e9isme et le tsunami qui ont d\u00e9vast\u00e9 le 11 mars la r\u00e9gion du Tohoku, dans le nord-est du Japon, ont fait quelque 19.000 morts et d\u00e9clench\u00e9 l&rsquo;accident nucl\u00e9aire de Fukushima, le pire depuis celui de 1986 \u00e0 Tchernobyl.<\/strong><\/p>\n<p><strong>En raison de l&rsquo;\u00e9l\u00e9vation du niveau des radiations, des dizaines de milliers de personnes habitant aux alentours de la centrale situ\u00e9e \u00e0 quelque 220 km au nord-est de Tokyo, ont d\u00fb abandonner leur foyer. Plusieurs d&rsquo;entre elles ne savent toujours pas quand elles pourront regagner leur domicile.<\/strong><\/p>\n<p>Renseignements sur le festival Berlinale :\u00a0<a href=\"http:\/\/www.berlinale.de\/\">http:\/\/www.berlinale.de<\/a><\/p>\n<p>&nbsp;<\/p>\n<p>&nbsp;<\/p>\n<address>Source\u00a0: AFP du 13\/02\/2012<\/address>\n<address>Cr\u00e9dit photo :\u00a0<a href=\"http:\/\/www.berlinale.de\/\">www.berlinale.de<\/a><\/address>\n<address>\u00a0<\/address>\n<address>\u00a0<\/address>\n<address>\u00a0<\/address>\n","protected":false},"excerpt":{"rendered":"<p>A peine un an apr\u00e8s la catastrophe, Fukushima est devenu un objet de cin\u00e9ma, trois r\u00e9alisateurs japonais livrant dans leurs oeuvres pr\u00e9sent\u00e9es \u00e0 la Berlinale leur regard sur les fractures cr\u00e9\u00e9es par l&rsquo;accident nucl\u00e9aire. Ces films sont partis d&rsquo;un double &hellip; <a href=\"https:\/\/claire-jannot.com\/?p=1257\">Continuer la lecture <span class=\"meta-nav\">&rarr;<\/span><\/a><\/p>\n","protected":false},"author":1,"featured_media":0,"comment_status":"open","ping_status":"open","sticky":false,"template":"","format":"standard","meta":{"jetpack_post_was_ever_published":false,"_jetpack_newsletter_access":"","_jetpack_dont_email_post_to_subs":false,"_jetpack_newsletter_tier_id":0,"_jetpack_memberships_contains_paywalled_content":false,"_jetpack_memberships_contains_paid_content":false,"footnotes":"","jetpack_publicize_message":"","jetpack_publicize_feature_enabled":true,"jetpack_social_post_already_shared":false,"jetpack_social_options":{"image_generator_settings":{"template":"highway","default_image_id":0,"font":"","enabled":false},"version":2}},"categories":[2],"tags":[28,4,12,6,8],"class_list":["post-1257","post","type-post","status-publish","format-standard","hentry","category-ecologie","tag-art","tag-ecologie2","tag-fukushima","tag-nucleaire","tag-tchernobyl"],"jetpack_publicize_connections":[],"jetpack_featured_media_url":"","jetpack_sharing_enabled":true,"jetpack_shortlink":"https:\/\/wp.me\/p5jjt5-kh","_links":{"self":[{"href":"https:\/\/claire-jannot.com\/index.php?rest_route=\/wp\/v2\/posts\/1257","targetHints":{"allow":["GET"]}}],"collection":[{"href":"https:\/\/claire-jannot.com\/index.php?rest_route=\/wp\/v2\/posts"}],"about":[{"href":"https:\/\/claire-jannot.com\/index.php?rest_route=\/wp\/v2\/types\/post"}],"author":[{"embeddable":true,"href":"https:\/\/claire-jannot.com\/index.php?rest_route=\/wp\/v2\/users\/1"}],"replies":[{"embeddable":true,"href":"https:\/\/claire-jannot.com\/index.php?rest_route=%2Fwp%2Fv2%2Fcomments&post=1257"}],"version-history":[{"count":0,"href":"https:\/\/claire-jannot.com\/index.php?rest_route=\/wp\/v2\/posts\/1257\/revisions"}],"wp:attachment":[{"href":"https:\/\/claire-jannot.com\/index.php?rest_route=%2Fwp%2Fv2%2Fmedia&parent=1257"}],"wp:term":[{"taxonomy":"category","embeddable":true,"href":"https:\/\/claire-jannot.com\/index.php?rest_route=%2Fwp%2Fv2%2Fcategories&post=1257"},{"taxonomy":"post_tag","embeddable":true,"href":"https:\/\/claire-jannot.com\/index.php?rest_route=%2Fwp%2Fv2%2Ftags&post=1257"}],"curies":[{"name":"wp","href":"https:\/\/api.w.org\/{rel}","templated":true}]}}