{"id":1359,"date":"2012-02-17T13:05:03","date_gmt":"2012-02-17T12:05:03","guid":{"rendered":"http:\/\/www.clairejannot.com\/?p=1359"},"modified":"2014-11-29T15:16:04","modified_gmt":"2014-11-29T14:16:04","slug":"le-pelican-du-port-petrolier-dantifer-est-mort","status":"publish","type":"post","link":"https:\/\/claire-jannot.com\/?p=1359","title":{"rendered":"\u00ab\u00a0P\u00e9li\u00a0\u00bb, le p\u00e9lican du port p\u00e9trolier d&rsquo;Antifer est mort"},"content":{"rendered":"<h2>Le\u00a0p\u00e9lican exotique qui vivait depuis plus de trente ans dans le port p\u00e9trolier d&rsquo;Antifer, pr\u00e8s du Havre, a \u00e9t\u00e9 retrouv\u00e9 mort lundi, probablement de froid ou de vieillesse, a-t-on appris jeudi aupr\u00e8s de la mairie de Saint-Jouin-Bruneval dont d\u00e9pend ce territoire.<\/h2>\n<p>Ce <strong>p\u00e9lican blanc<\/strong> avait \u00e9t\u00e9 aper\u00e7u pour la premi\u00e8re fois le <strong>13 septembre 1981<\/strong> au milieu des super-tankers du <strong>port p\u00e9trolier d&rsquo;Antifer<\/strong>. Il n&rsquo;avait jamais \u00e9t\u00e9 possible de d\u00e9terminer sa provenance: il n&rsquo;existe pas d&rsquo;individu de cette esp\u00e8ce ni dans la nature ni dans les parcs animaliers des alentours.<\/p>\n<p>Le volatile \u00e9tait peut-\u00eatre arriv\u00e9 \u00e0 bord d&rsquo;un bateau et avait \u00e9t\u00e9 rel\u00e2ch\u00e9 \u00e0 la c\u00f4te par le marin qui l&rsquo;avait captur\u00e9. L&rsquo;oiseau portait bien une bague avec l&rsquo;inscription <strong><em>\u00ab\u00a0Ruth Lippelo B\u00a0\u00bb<\/em><\/strong> mais celle-ci est rest\u00e9e myst\u00e9rieuse malgr\u00e9 de nombreuses recherches.<\/p>\n<p>Depuis, <strong><em>\u00ab\u00a0P\u00e9li\u00a0\u00bb<\/em><\/strong> comme il \u00e9tait d\u00e9nomm\u00e9 affectueusement \u00e9tait devenu la mascotte de <strong>Saint-Jouin-Bruneval dont les \u00e9lus donn\u00e8rent en son honneur le nom de <em>\u00ab\u00a0P\u00e9lican\u00a0\u00bb<\/em> \u00e0 l&rsquo;\u00e9cole primaire.<\/strong><\/p>\n<p>L&rsquo;oiseau \u00e9tait nourri par des marins-p\u00eacheurs qui disposent d&rsquo;une petite anse am\u00e9nag\u00e9e \u00e0 c\u00f4t\u00e9 du port p\u00e9trolier. Chaque jour, il attendait sur le quai le retour des petits bateaux de p\u00eache et ingurgitait environ <strong>un kilo \u00e0 un kilo et demi de poisson.<\/strong><\/p>\n<p>Bless\u00e9 \u00e0 plusieurs reprises accidentellement ou \u00e0 la suite d&rsquo;actes de malveillance, <strong><em>\u00ab\u00a0P\u00e9li\u00a0\u00bb<\/em><\/strong> avait effectu\u00e9 plusieurs s\u00e9jours \u00e0 la <strong>clinique des oiseaux d&rsquo;Allouville-Bellefosse<\/strong>, situ\u00e9e \u00e0 une quarantaine de kilom\u00e8tres. Selon la mairie, il avait m\u00eame fait une fugue de deux jours mais avait \u00e9t\u00e9 retrouv\u00e9 sur une plage d&rsquo;Etretat et reconduit \u00e0 Antifer.<\/p>\n<p>Les sp\u00e9cialistes de la clinique des oiseaux n&rsquo;ont jamais pu d\u00e9terminer son \u00e2ge. Dans la nature, ce volatile qui prosp\u00e8re dans les r\u00e9gions chaudes du globe <strong>peut vivre entre 15 et 25 ans et en captivit\u00e9 l&rsquo;\u00e2ge maximum atteint par un oiseau de cette esp\u00e8ce serait de 54 ans.<\/strong><\/p>\n<p><strong>\u00a0<\/strong><\/p>\n<p>&nbsp;<\/p>\n<address>Source\u00a0: AFP du 16\/02\/2012<\/address>\n<address>\u00a0<\/address>\n<address>\u00a0<\/address>\n<address>\u00a0<\/address>\n<address>\u00a0<\/address>\n","protected":false},"excerpt":{"rendered":"<p>Le\u00a0p\u00e9lican exotique qui vivait depuis plus de trente ans dans le port p\u00e9trolier d&rsquo;Antifer, pr\u00e8s du Havre, a \u00e9t\u00e9 retrouv\u00e9 mort lundi, probablement de froid ou de vieillesse, a-t-on appris jeudi aupr\u00e8s de la mairie de Saint-Jouin-Bruneval dont d\u00e9pend ce &hellip; <a href=\"https:\/\/claire-jannot.com\/?p=1359\">Continuer la lecture <span class=\"meta-nav\">&rarr;<\/span><\/a><\/p>\n","protected":false},"author":1,"featured_media":0,"comment_status":"open","ping_status":"open","sticky":false,"template":"","format":"standard","meta":{"jetpack_post_was_ever_published":false,"_jetpack_newsletter_access":"","_jetpack_dont_email_post_to_subs":false,"_jetpack_newsletter_tier_id":0,"_jetpack_memberships_contains_paywalled_content":false,"_jetpack_memberships_contains_paid_content":false,"footnotes":"","jetpack_publicize_message":"","jetpack_publicize_feature_enabled":true,"jetpack_social_post_already_shared":false,"jetpack_social_options":{"image_generator_settings":{"template":"highway","default_image_id":0,"font":"","enabled":false},"version":2}},"categories":[2],"tags":[4,5,27,48],"class_list":["post-1359","post","type-post","status-publish","format-standard","hentry","category-ecologie","tag-ecologie2","tag-environnement","tag-insolite","tag-vie-animale"],"jetpack_publicize_connections":[],"jetpack_featured_media_url":"","jetpack_sharing_enabled":true,"jetpack_shortlink":"https:\/\/wp.me\/p5jjt5-lV","_links":{"self":[{"href":"https:\/\/claire-jannot.com\/index.php?rest_route=\/wp\/v2\/posts\/1359","targetHints":{"allow":["GET"]}}],"collection":[{"href":"https:\/\/claire-jannot.com\/index.php?rest_route=\/wp\/v2\/posts"}],"about":[{"href":"https:\/\/claire-jannot.com\/index.php?rest_route=\/wp\/v2\/types\/post"}],"author":[{"embeddable":true,"href":"https:\/\/claire-jannot.com\/index.php?rest_route=\/wp\/v2\/users\/1"}],"replies":[{"embeddable":true,"href":"https:\/\/claire-jannot.com\/index.php?rest_route=%2Fwp%2Fv2%2Fcomments&post=1359"}],"version-history":[{"count":1,"href":"https:\/\/claire-jannot.com\/index.php?rest_route=\/wp\/v2\/posts\/1359\/revisions"}],"predecessor-version":[{"id":5505,"href":"https:\/\/claire-jannot.com\/index.php?rest_route=\/wp\/v2\/posts\/1359\/revisions\/5505"}],"wp:attachment":[{"href":"https:\/\/claire-jannot.com\/index.php?rest_route=%2Fwp%2Fv2%2Fmedia&parent=1359"}],"wp:term":[{"taxonomy":"category","embeddable":true,"href":"https:\/\/claire-jannot.com\/index.php?rest_route=%2Fwp%2Fv2%2Fcategories&post=1359"},{"taxonomy":"post_tag","embeddable":true,"href":"https:\/\/claire-jannot.com\/index.php?rest_route=%2Fwp%2Fv2%2Ftags&post=1359"}],"curies":[{"name":"wp","href":"https:\/\/api.w.org\/{rel}","templated":true}]}}