{"id":1574,"date":"2012-02-23T12:30:31","date_gmt":"2012-02-23T11:30:31","guid":{"rendered":"http:\/\/www.clairejannot.com\/?p=1574"},"modified":"2014-09-22T15:03:14","modified_gmt":"2014-09-22T14:03:14","slug":"des-graines-gelees-depuis-32-000-ans-ont-redonne-des-fleurs","status":"publish","type":"post","link":"https:\/\/claire-jannot.com\/?p=1574","title":{"rendered":"Des graines gel\u00e9es depuis 32.000 ans ont redonn\u00e9 des fleurs"},"content":{"rendered":"<h2>Des scientifiques russes ont r\u00e9ussi \u00e0 redonner vie \u00e0 des graines entrepos\u00e9es il y a 32.000 ans par des \u00e9cureuils et retrouv\u00e9es dans le sol gel\u00e9 de Sib\u00e9rie, et \u00e0 les faire pousser jusqu&rsquo;\u00e0 devenir une plante bourgeonnante, de loin la plus ancienne jamais ramen\u00e9e \u00e0 la vie.<\/h2>\n<p>Le travail des scientifiques russes <strong>Svletlana Iachina<\/strong> et <strong>David Gilichinsky<\/strong>, publi\u00e9 mardi dans la revue de l&rsquo;Acad\u00e9mie des sciences am\u00e9ricaine, marque une <strong>\u00e9tape capitale dans la recherche sur les mat\u00e9riaux biologiques anciens et pourrait lancer une course pour faire rena\u00eetre des esp\u00e8ces aujourd&rsquo;hui disparues<\/strong>. Les graines de <strong><em>\u00ab\u00a0Silene stenophylla\u00a0\u00bb<\/em>,<\/strong> une plante \u00e0 fleurs qui pousse en Sib\u00e9rie, ont \u00e9t\u00e9 retrouv\u00e9es dans des <strong>terriers d&rsquo;hibernation d&rsquo;\u00e9cureuils le long du rivage de la rivi\u00e8re Kolyma, en Sib\u00e9rie.<\/strong><em>\u00ab\u00a0Pour la premi\u00e8re fois, nous avons r\u00e9ussi \u00e0 <strong>recr\u00e9er une plante \u00e0 l&rsquo;aide de ses fruits \u00e2g\u00e9s de 32.000 ans<\/strong>\u00ab\u00a0<\/em>, a expliqu\u00e9 \u00e0 l&rsquo;AFP <strong>Svetlana Iachina<\/strong>, de <strong>l&rsquo;Institut des probl\u00e8mes physico-chimiques et biologiques du sol aupr\u00e8s de l&rsquo;Acad\u00e9mie russe des sciences<\/strong>. <strong>Le pr\u00e9c\u00e9dent record en la mati\u00e8re \u00e9tait la r\u00e9g\u00e9n\u00e9ration de graines de palmier vieilles de 2.000 ans<\/strong> d\u00e9couvertes dans la forteresse de Masada, pr\u00e8s de la Mer morte.<\/p>\n<p><em>\u00ab\u00a0Ces terriers \u00e9taient tous situ\u00e9s \u00e0 une profondeur de <strong>20 \u00e0 40 m\u00e8tres sous la surface actuelle du sol\u00a0\u00bb<\/strong><\/em><strong>,<\/strong> soulignent les chercheurs. Le <strong>permafrost<\/strong> &#8211;le sol perp\u00e9tuellement gel\u00e9 en profondeur des r\u00e9gions arctiques&#8211; a agi comme un <strong>gigantesque cong\u00e9lateur et les graines entrepos\u00e9es par les \u00e9cureuils ont pass\u00e9 des dizaines de milliers d&rsquo;ann\u00e9es dans cet environnement clos, \u00e0 une temp\u00e9rature moyenne de -7\u00b0C.<\/strong><\/p>\n<p><em>\u00ab\u00a0Conserv\u00e9s sous les glaces \u00e9ternelles dans un \u00e9tat parfait, <strong>les trois fruits de Silene n&rsquo;avaient pas germ\u00e9 et ont (donc) gard\u00e9 des cellules de tissus de placenta viables.<\/strong> Nous avons pr\u00e9lev\u00e9 des funicules viables puis nous les avons cultiv\u00e9s in vitro dans notre laboratoire \u00e0 Pouchtchino\u00a0\u00bb<\/em>, a expliqu\u00e9 <strong>Svetlana Iachina<\/strong> . <em>\u00ab\u00a0Un jour, alors que je v\u00e9rifiais mes \u00e9prouvettes j&rsquo;ai d\u00e9couvert que le tissu avait donn\u00e9 une pousse transparente, \u00e0 peine visible\u00a0\u00bb<\/em>, a-t-elle poursuivi. Les deux scientifiques ont pu faire cro\u00eetre \u00e0 nouveau ces plantes parce que ces abris ont \u00e9t\u00e9 recouverts de glace tr\u00e8s rapidement et sont ensuite rest\u00e9s <em>\u00ab\u00a0en permanence gel\u00e9s et (n&rsquo;ont) jamais fondu\u00a0\u00bb<\/em>, selon l&rsquo;\u00e9tude.<\/p>\n<p><strong>Svetlana Iachina et David Gilichinsky<\/strong> soulignent dans l&rsquo;\u00e9tude l&rsquo;importance du <strong>permafrost <\/strong><em><strong>\u00ab\u00a0dans la recherche de patrimoine g\u00e9n\u00e9tique ancien<\/strong> (&#8230;) qui a pu dispara\u00eetre il y a longtemps de la surface de la Terre\u00a0\u00bb<\/em>.<\/p>\n<p><strong>R\u00e9v\u00e9lant que les premiers r\u00e9sultats de leurs travaux datent de 2003-2004, Svetlana Iachina souligne qu&rsquo;\u00e0 l&rsquo;\u00e9poque, <em>\u00ab\u00a0l&rsquo;exp\u00e9rience (\u00e9tait) pass\u00e9e quasiment inaper\u00e7ue\u00a0\u00bb<\/em>.<\/strong><br \/> <strong>Elle n&rsquo;a pas voulu ou pu expliquer pourquoi il a fallu attendre la publication aux Etats-Unis de ces exp\u00e9riences pour que l&rsquo;\u00e9tude ait un retentissement mondial alors m\u00eame que la communaut\u00e9 scientifique russe en \u00e9tait inform\u00e9e depuis longtemps.<\/strong><\/p>\n<p>Depuis, <strong>Silene stenophylla<\/strong>, une fois plant\u00e9e dans un sol sp\u00e9cialement enrichi, a donn\u00e9 <strong>plusieurs g\u00e9n\u00e9rations de fleurs<\/strong> dans le laboratoire de Pouchtchino.<\/p>\n<p>De pr\u00e9c\u00e9dentes <em>\u00ab\u00a0r\u00e9g\u00e9n\u00e9rations\u00a0\u00bb<\/em> de plantes tr\u00e8s anciennes n&rsquo;avaient finalement pas \u00e9t\u00e9 valid\u00e9es par la communaut\u00e9 scientifique, mais <strong>Svetlana Iachina et David Gilichinsky<\/strong> se sont assur\u00e9s de l&rsquo;anciennet\u00e9 des graines retrouv\u00e9es en les datant gr\u00e2ce au radiocarbone, pour exclure une <em>\u00ab\u00a0pollution\u00a0\u00bb<\/em> par des graines plus r\u00e9centes.<\/p>\n<p>&nbsp;<\/p>\n<p>&nbsp;<\/p>\n<address>Source\u00a0: AFP du 21\/02\/2012<\/address>\n<address>\u00a0<\/address>\n<address>\u00a0<\/address>\n<address>\u00a0<\/address>\n","protected":false},"excerpt":{"rendered":"<p>Des scientifiques russes ont r\u00e9ussi \u00e0 redonner vie \u00e0 des graines entrepos\u00e9es il y a 32.000 ans par des \u00e9cureuils et retrouv\u00e9es dans le sol gel\u00e9 de Sib\u00e9rie, et \u00e0 les faire pousser jusqu&rsquo;\u00e0 devenir une plante bourgeonnante, de loin &hellip; <a href=\"https:\/\/claire-jannot.com\/?p=1574\">Continuer la lecture <span class=\"meta-nav\">&rarr;<\/span><\/a><\/p>\n","protected":false},"author":1,"featured_media":0,"comment_status":"open","ping_status":"open","sticky":false,"template":"","format":"standard","meta":{"jetpack_post_was_ever_published":false,"_jetpack_newsletter_access":"","_jetpack_dont_email_post_to_subs":false,"_jetpack_newsletter_tier_id":0,"_jetpack_memberships_contains_paywalled_content":false,"_jetpack_memberships_contains_paid_content":false,"footnotes":"","jetpack_publicize_message":"","jetpack_publicize_feature_enabled":true,"jetpack_social_post_already_shared":false,"jetpack_social_options":{"image_generator_settings":{"template":"highway","default_image_id":0,"font":"","enabled":false},"version":2}},"categories":[2],"tags":[4,5,27,21],"class_list":["post-1574","post","type-post","status-publish","format-standard","hentry","category-ecologie","tag-ecologie2","tag-environnement","tag-insolite","tag-jardin"],"jetpack_publicize_connections":[],"jetpack_featured_media_url":"","jetpack_sharing_enabled":true,"jetpack_shortlink":"https:\/\/wp.me\/p5jjt5-po","_links":{"self":[{"href":"https:\/\/claire-jannot.com\/index.php?rest_route=\/wp\/v2\/posts\/1574","targetHints":{"allow":["GET"]}}],"collection":[{"href":"https:\/\/claire-jannot.com\/index.php?rest_route=\/wp\/v2\/posts"}],"about":[{"href":"https:\/\/claire-jannot.com\/index.php?rest_route=\/wp\/v2\/types\/post"}],"author":[{"embeddable":true,"href":"https:\/\/claire-jannot.com\/index.php?rest_route=\/wp\/v2\/users\/1"}],"replies":[{"embeddable":true,"href":"https:\/\/claire-jannot.com\/index.php?rest_route=%2Fwp%2Fv2%2Fcomments&post=1574"}],"version-history":[{"count":1,"href":"https:\/\/claire-jannot.com\/index.php?rest_route=\/wp\/v2\/posts\/1574\/revisions"}],"predecessor-version":[{"id":5504,"href":"https:\/\/claire-jannot.com\/index.php?rest_route=\/wp\/v2\/posts\/1574\/revisions\/5504"}],"wp:attachment":[{"href":"https:\/\/claire-jannot.com\/index.php?rest_route=%2Fwp%2Fv2%2Fmedia&parent=1574"}],"wp:term":[{"taxonomy":"category","embeddable":true,"href":"https:\/\/claire-jannot.com\/index.php?rest_route=%2Fwp%2Fv2%2Fcategories&post=1574"},{"taxonomy":"post_tag","embeddable":true,"href":"https:\/\/claire-jannot.com\/index.php?rest_route=%2Fwp%2Fv2%2Ftags&post=1574"}],"curies":[{"name":"wp","href":"https:\/\/api.w.org\/{rel}","templated":true}]}}