{"id":1585,"date":"2012-02-23T14:02:17","date_gmt":"2012-02-23T13:02:17","guid":{"rendered":"http:\/\/www.clairejannot.com\/?p=1585"},"modified":"2015-01-06T21:14:38","modified_gmt":"2015-01-06T20:14:38","slug":"langleterre-touchee-par-la-secheresse-en-plein-automne","status":"publish","type":"post","link":"https:\/\/claire-jannot.com\/?p=1585","title":{"rendered":"L\u2019Angleterre touch\u00e9e par la s\u00e9cheresse en plein automne"},"content":{"rendered":"<h2>Plusieurs r\u00e9gions de l&rsquo;est et du sud-est de l&rsquo;Angleterre ont \u00e9t\u00e9 d\u00e9clar\u00e9es lundi en \u00e9tat de s\u00e9cheresse, du fait des pluies trop rares intervenues depuis l&rsquo;automne, selon le minist\u00e8re de l&rsquo;Environnement.<\/h2>\n<div id=\"attachment_1586\" style=\"width: 310px\" class=\"wp-caption alignleft\"><a href=\"https:\/\/i0.wp.com\/www.clairejannot.com\/wp-content\/uploads\/2012\/02\/secheresseen-GB.jpg\"><img data-recalc-dims=\"1\" loading=\"lazy\" decoding=\"async\" aria-describedby=\"caption-attachment-1586\" class=\"size-medium wp-image-1586 \" title=\"secheresse en GB\" src=\"https:\/\/i0.wp.com\/www.clairejannot.com\/wp-content\/uploads\/2012\/02\/secheresseen-GB-300x230.jpg?resize=300%2C230\" alt=\"\" width=\"300\" height=\"230\" \/><\/a><p id=\"caption-attachment-1586\" class=\"wp-caption-text\">S\u00e9cheresse sans pr\u00e9c\u00e9dent en Angleterre<\/p><\/div>\n<p><strong>L&rsquo;Anglia, dans l&rsquo;est du pays, a connu les cinq mois les plus secs de son histoire entre septembre et janvier<\/strong>. Le sud-est a \u00e9galement \u00e9t\u00e9 d\u00e9clar\u00e9 en \u00e9tat de s\u00e9cheresse lundi, apr\u00e8s une r\u00e9union de crise au minist\u00e8re de l&rsquo;Environnement.<\/p>\n<p><em>\u00ab\u00a0La s\u00e9cheresse est d\u00e9j\u00e0 un sujet de pr\u00e9occupation cette ann\u00e9e, avec le sud-est, l&rsquo;Anglia et d&rsquo;autres parties du Royaume-Uni officiellement d\u00e9clar\u00e9es en \u00e9tat de s\u00e9cheresse\u00a0\u00bb<\/em>, a d\u00e9clar\u00e9 <strong>la ministre de l&rsquo;Environnement Caroline Spelman<\/strong> au cours de la r\u00e9union avec les compagnies d&rsquo;eau, les repr\u00e9sentants agricoles et les associations d&rsquo;environnement.<\/p>\n<p>Certaines rivi\u00e8res sont d\u00e9j\u00e0 au niveau de la <strong>grande s\u00e9cheresse de 1976<\/strong>. Le d\u00e9bit de la rivi\u00e8re Lee, au nord de Londres, est seulement \u00e0 24% du niveau moyen observ\u00e9 \u00e0 long terme, selon <strong>Richard Aylard<\/strong>, un des responsables de la compagnie d&rsquo;eau <strong>Thames Water<\/strong>. Plusieurs rivi\u00e8res du sud-est sont totalement \u00e0 sec.<\/p>\n<p>Le Royaume-Uni a d\u00e9j\u00e0 souffert l&rsquo;an dernier d&rsquo;une p\u00e9riode de s\u00e9cheresse apr\u00e8s le printemps le plus sec depuis vingt ans sur une grande partie du pays.<\/p>\n<p>Le minist\u00e8re de l&rsquo;Environnement a mis en garde contre <strong>l&rsquo;impact sur les ressources en eau de l&rsquo;augmentation de la population, de l&rsquo;accroissement de la consommation et du changement climatique.<\/strong> <em>\u00ab\u00a0En d\u00e9pit de notre r\u00e9putation de pays pluvieux, nous pourrions faire face \u00e0 l&rsquo;avenir \u00e0 des pr\u00e9cipitations plus faibles et moins pr\u00e9visibles\u00a0\u00bb<\/em>, avertit le minist\u00e8re.<\/p>\n<p>Le gouvernement a incit\u00e9 la population \u00e0 <strong>\u00e9conomiser l&rsquo;eau<\/strong>, en prenant par exemple des douches plus courtes, et \u00e0 r\u00e9parer les fuites dispendieuses. La consommation quotidienne d&rsquo;une personne vivant au Royaume-Uni est de <strong>150 litres d&rsquo;eau par jour<\/strong>.<\/p>\n<p>&nbsp;<\/p>\n<p>&nbsp;<\/p>\n<address>Source\u00a0: AFP du 20\/02\/2012<\/address>\n<address>Cr\u00e9dit photo : <a href=\"http:\/\/www.meteoconsult.be\/\">www.meteoconsult.be<\/a><\/address>\n<address>\u00a0<\/address>\n<address>\u00a0<\/address>\n<address>\u00a0<\/address>\n","protected":false},"excerpt":{"rendered":"<p>Plusieurs r\u00e9gions de l&rsquo;est et du sud-est de l&rsquo;Angleterre ont \u00e9t\u00e9 d\u00e9clar\u00e9es lundi en \u00e9tat de s\u00e9cheresse, du fait des pluies trop rares intervenues depuis l&rsquo;automne, selon le minist\u00e8re de l&rsquo;Environnement. L&rsquo;Anglia, dans l&rsquo;est du pays, a connu les cinq &hellip; <a href=\"https:\/\/claire-jannot.com\/?p=1585\">Continuer la lecture <span class=\"meta-nav\">&rarr;<\/span><\/a><\/p>\n","protected":false},"author":1,"featured_media":0,"comment_status":"open","ping_status":"open","sticky":false,"template":"","format":"standard","meta":{"jetpack_post_was_ever_published":false,"_jetpack_newsletter_access":"","_jetpack_dont_email_post_to_subs":false,"_jetpack_newsletter_tier_id":0,"_jetpack_memberships_contains_paywalled_content":false,"_jetpack_memberships_contains_paid_content":false,"footnotes":"","jetpack_publicize_message":"","jetpack_publicize_feature_enabled":true,"jetpack_social_post_already_shared":false,"jetpack_social_options":{"image_generator_settings":{"template":"highway","default_image_id":0,"font":"","enabled":false},"version":2}},"categories":[2],"tags":[51,39,4,5],"class_list":["post-1585","post","type-post","status-publish","format-standard","hentry","category-ecologie","tag-climat","tag-eau","tag-ecologie2","tag-environnement"],"jetpack_publicize_connections":[],"jetpack_featured_media_url":"","jetpack_sharing_enabled":true,"jetpack_shortlink":"https:\/\/wp.me\/p5jjt5-pz","_links":{"self":[{"href":"https:\/\/claire-jannot.com\/index.php?rest_route=\/wp\/v2\/posts\/1585","targetHints":{"allow":["GET"]}}],"collection":[{"href":"https:\/\/claire-jannot.com\/index.php?rest_route=\/wp\/v2\/posts"}],"about":[{"href":"https:\/\/claire-jannot.com\/index.php?rest_route=\/wp\/v2\/types\/post"}],"author":[{"embeddable":true,"href":"https:\/\/claire-jannot.com\/index.php?rest_route=\/wp\/v2\/users\/1"}],"replies":[{"embeddable":true,"href":"https:\/\/claire-jannot.com\/index.php?rest_route=%2Fwp%2Fv2%2Fcomments&post=1585"}],"version-history":[{"count":1,"href":"https:\/\/claire-jannot.com\/index.php?rest_route=\/wp\/v2\/posts\/1585\/revisions"}],"predecessor-version":[{"id":5672,"href":"https:\/\/claire-jannot.com\/index.php?rest_route=\/wp\/v2\/posts\/1585\/revisions\/5672"}],"wp:attachment":[{"href":"https:\/\/claire-jannot.com\/index.php?rest_route=%2Fwp%2Fv2%2Fmedia&parent=1585"}],"wp:term":[{"taxonomy":"category","embeddable":true,"href":"https:\/\/claire-jannot.com\/index.php?rest_route=%2Fwp%2Fv2%2Fcategories&post=1585"},{"taxonomy":"post_tag","embeddable":true,"href":"https:\/\/claire-jannot.com\/index.php?rest_route=%2Fwp%2Fv2%2Ftags&post=1585"}],"curies":[{"name":"wp","href":"https:\/\/api.w.org\/{rel}","templated":true}]}}