{"id":1591,"date":"2012-02-23T14:22:23","date_gmt":"2012-02-23T13:22:23","guid":{"rendered":"http:\/\/www.clairejannot.com\/?p=1591"},"modified":"2014-09-22T15:02:07","modified_gmt":"2014-09-22T14:02:07","slug":"4-000-logements-sociaux-equipes-de-panneaux-solaires-en-seine-maritime","status":"publish","type":"post","link":"https:\/\/claire-jannot.com\/?p=1591","title":{"rendered":"4.000 logements sociaux \u00e9quip\u00e9s de panneaux solaires en Seine-Maritime"},"content":{"rendered":"<h2>Le bailleur social Habitat 76 a inaugur\u00e9 mercredi 22 f\u00e9vrier \u00e0 Darn\u00e9tal, pr\u00e8s de Rouen, la premi\u00e8re des 190 centrales solaires, d&rsquo;une puissance totale de 3,7 m\u00e9gawatts, qui vont \u00e9quiper 226 immeubles de son parc dispers\u00e9 en Seine-Maritime, repr\u00e9sentant quelque 4.243 logements.<\/h2>\n<p>Ce programme est pr\u00e9sent\u00e9 comme <strong><em>\u00ab\u00a0unique\u00a0\u00bb<\/em><\/strong> en France par son ampleur dans l&rsquo;immobilier d&rsquo;habitation. <strong><em>\u00ab\u00a0Notre objectif est de r\u00e9duire de 30% la consommation \u00e9nerg\u00e9tique de notre parc d&rsquo;ici 2020\u00a0\u00bb<\/em><\/strong>, a pr\u00e9cis\u00e9 <strong>Didier Marie, le pr\u00e9sident PS du conseil g\u00e9n\u00e9ral de la Seine-Maritime<\/strong>, dont d\u00e9pend <strong>Habitat 76<\/strong>.<\/p>\n<p>Selon cet \u00e9lu, cet investissement <em>\u00ab\u00a0\u00e0 lui seul\u00a0\u00bb<\/em> <strong>permettra de doubler la production d&rsquo;\u00e9lectricit\u00e9 d&rsquo;origine solaire en Haute-Normandie.<\/strong> Il assure qu&rsquo;il n&rsquo;aura pas d&rsquo;incidence sur la quittance de loyer des locataires et que <strong>leurs charges baisseront d&rsquo;environ 40 \u00e0 50%<\/strong>.<\/p>\n<p>Ce march\u00e9, d&rsquo;un montant de <strong>60 millions d&rsquo;euros<\/strong>, a \u00e9t\u00e9 attribu\u00e9 \u00e0 un groupement d&rsquo;entreprises conduit par <strong>EDF Optimal Solutions<\/strong>. Il comprend l&rsquo;installation, dans les trois ans, de <strong>32.000 m2 de panneaux photovolta\u00efques sur les terrasses de 226 immeubles r\u00e9partis dans 42 communes.<\/strong><\/p>\n<p>Selon <strong>Didier Marie<\/strong>, l&rsquo;ampleur du projet a du \u00eatre <strong>r\u00e9duite de 40.000 m2 \u00e0 32.000 en raison de la diminution d\u00e9cid\u00e9e par le gouvernement du tarif de rachat de l&rsquo;\u00e9lectricit\u00e9 d&rsquo;origine solaire. <em>\u00ab\u00a0Lors de nos \u00e9tudes, il \u00e9tait de 60 centimes le kilowatt\/heure, il est tomb\u00e9 depuis dans une fourchette comprise entre 40 et 46 centimes\u00a0\u00bb<\/em>,<\/strong> a regrett\u00e9 cet \u00e9lu.<\/p>\n<p>&nbsp;<\/p>\n<address>Source\u00a0: AFP du 22\/02\/2012<\/address>\n<address>\u00a0<\/address>\n<address>\u00a0<\/address>\n<address>\u00a0<\/address>\n<address>\u00a0<\/address>\n","protected":false},"excerpt":{"rendered":"<p>Le bailleur social Habitat 76 a inaugur\u00e9 mercredi 22 f\u00e9vrier \u00e0 Darn\u00e9tal, pr\u00e8s de Rouen, la premi\u00e8re des 190 centrales solaires, d&rsquo;une puissance totale de 3,7 m\u00e9gawatts, qui vont \u00e9quiper 226 immeubles de son parc dispers\u00e9 en Seine-Maritime, repr\u00e9sentant quelque &hellip; <a href=\"https:\/\/claire-jannot.com\/?p=1591\">Continuer la lecture <span class=\"meta-nav\">&rarr;<\/span><\/a><\/p>\n","protected":false},"author":1,"featured_media":0,"comment_status":"open","ping_status":"open","sticky":false,"template":"","format":"standard","meta":{"jetpack_post_was_ever_published":false,"_jetpack_newsletter_access":"","_jetpack_dont_email_post_to_subs":false,"_jetpack_newsletter_tier_id":0,"_jetpack_memberships_contains_paywalled_content":false,"_jetpack_memberships_contains_paid_content":false,"footnotes":"","jetpack_publicize_message":"","jetpack_publicize_feature_enabled":true,"jetpack_social_post_already_shared":false,"jetpack_social_options":{"image_generator_settings":{"template":"highway","default_image_id":0,"font":"","enabled":false},"version":2}},"categories":[2],"tags":[26,3,4,5,11],"class_list":["post-1591","post","type-post","status-publish","format-standard","hentry","category-ecologie","tag-architecture","tag-consommation","tag-ecologie2","tag-environnement","tag-societe-2"],"jetpack_publicize_connections":[],"jetpack_featured_media_url":"","jetpack_sharing_enabled":true,"jetpack_shortlink":"https:\/\/wp.me\/p5jjt5-pF","_links":{"self":[{"href":"https:\/\/claire-jannot.com\/index.php?rest_route=\/wp\/v2\/posts\/1591","targetHints":{"allow":["GET"]}}],"collection":[{"href":"https:\/\/claire-jannot.com\/index.php?rest_route=\/wp\/v2\/posts"}],"about":[{"href":"https:\/\/claire-jannot.com\/index.php?rest_route=\/wp\/v2\/types\/post"}],"author":[{"embeddable":true,"href":"https:\/\/claire-jannot.com\/index.php?rest_route=\/wp\/v2\/users\/1"}],"replies":[{"embeddable":true,"href":"https:\/\/claire-jannot.com\/index.php?rest_route=%2Fwp%2Fv2%2Fcomments&post=1591"}],"version-history":[{"count":1,"href":"https:\/\/claire-jannot.com\/index.php?rest_route=\/wp\/v2\/posts\/1591\/revisions"}],"predecessor-version":[{"id":5503,"href":"https:\/\/claire-jannot.com\/index.php?rest_route=\/wp\/v2\/posts\/1591\/revisions\/5503"}],"wp:attachment":[{"href":"https:\/\/claire-jannot.com\/index.php?rest_route=%2Fwp%2Fv2%2Fmedia&parent=1591"}],"wp:term":[{"taxonomy":"category","embeddable":true,"href":"https:\/\/claire-jannot.com\/index.php?rest_route=%2Fwp%2Fv2%2Fcategories&post=1591"},{"taxonomy":"post_tag","embeddable":true,"href":"https:\/\/claire-jannot.com\/index.php?rest_route=%2Fwp%2Fv2%2Ftags&post=1591"}],"curies":[{"name":"wp","href":"https:\/\/api.w.org\/{rel}","templated":true}]}}