{"id":1601,"date":"2012-02-27T13:21:02","date_gmt":"2012-02-27T12:21:02","guid":{"rendered":"http:\/\/www.clairejannot.com\/?p=1601"},"modified":"2015-03-18T14:15:29","modified_gmt":"2015-03-18T13:15:29","slug":"un-1er-grand-cru-du-bordelais-certifie-bio","status":"publish","type":"post","link":"https:\/\/claire-jannot.com\/?p=1601","title":{"rendered":"Un 1er grand cru du Bordelais certifi\u00e9 bio"},"content":{"rendered":"<h2>Le logo Agriculture biologique (AB) va appara\u00eetre au printemps sur l&rsquo;\u00e9tiquette d&rsquo;un 1er grand cru du Bordelais, celle du mill\u00e9sime 2011 de Ch\u00e2teau Guiraud, dans le Sauternes, une premi\u00e8re qui pourrait inspirer d&rsquo;autres grands noms du vignoble.<\/h2>\n<p>Le s\u00e9same obtenu en f\u00e9vrier par ce <strong>vin blanc liquoreux, ch\u00e2teau Guiraud<\/strong> le doit \u00e0 l&rsquo;un de ses propri\u00e9taires, <strong>Xavier Planty<\/strong>, engag\u00e9 dans cette d\u00e9marche depuis 1996.<\/p>\n<p>Egalement agriculteur, <strong>M. Planty<\/strong> \u00e9voque cette \u00e9poque o\u00f9 il a fini par en avoir <em>\u00ab\u00a0ras-le-bol\u00a0\u00bb<\/em> des <strong>traitements phytosanitaires sur ses cultures de ma\u00efs et sa vigne personnelle de 15 hectares<\/strong>. La mort d&rsquo;un cancer, en 1994, d&rsquo;un ami chef de culture <em>\u00ab\u00a0ayant pass\u00e9 sa vie au milieu des produits chimiques\u00a0\u00bb<\/em> l&rsquo;a convaincu de \u00ab\u00a0travailler autrement\u00a0\u00bb.<\/p>\n<p>Il a d\u00e9marr\u00e9 sur 12 ha pour se <em>\u00ab\u00a0faire la main\u00a0\u00bb<\/em> et connu <em>\u00ab\u00a0quelques \u00e9checs\u00a0\u00bb<\/em>. Sa premi\u00e8re action, entam\u00e9e en collaboration avec <strong>Jacques Moreau<\/strong>, un ing\u00e9nieur agronome, a \u00e9t\u00e9 <strong><em>\u00ab\u00a0la r\u00e9g\u00e9n\u00e9ration des sols\u00a0\u00bb<\/em> avec des composts liquides afin de <em>\u00ab\u00a0retrouver une v\u00e9g\u00e9tation herbac\u00e9e\u00a0\u00bb<\/em> entre les ceps.<\/strong> <em>\u00ab\u00a0Au lieu de le nourrir avec de l&rsquo;engrais, on nourrit le sol avec des bact\u00e9ries, <strong>des populations telluriques classiques comme dans tout sol forestier. C&rsquo;est facile de faire du bio\u00a0\u00bb<\/strong><\/em><strong>, lance M. Planty<\/strong>.<\/p>\n<p><em>\u00ab\u00a0Toutes les \u00e9pid\u00e9mies de <strong>mildiou<\/strong><\/em> (champignon qui avait an\u00e9anti totalement la vigne \u00e0 la fin du 19e si\u00e8cle) <em>sont recens\u00e9es, on peut anticiper les traitements pr\u00e9ventifs mais aussi la m\u00e9t\u00e9o \u00e0 huit jours\u00a0\u00bb<\/em>, dit-il, soulignant: <strong><em>\u00ab\u00a0Et c&rsquo;est hallucinant d&rsquo;assister au retour de la faune et de la flore\u00a0\u00bb<\/em>, avec le bonheur\u00a0<em>\u00ab\u00a0de revoir des papillons et des insectes que je ne voyais plus\u00a0\u00bb<\/em> depuis longtemps.<\/strong> Une \u00e9tude faite sur les 100 hectares de ch\u00e2teau Guiraud a d\u00e9montr\u00e9 que <strong>635 esp\u00e8ces d&rsquo;insectes diff\u00e9rents avaient \u00e9t\u00e9 recens\u00e9es, contre moins de 200<\/strong> dans les vignes dites en <em>\u00ab\u00a0agriculture conventionnelle\u00a0\u00bb<\/em>.<\/p>\n<p>Ce renouveau de la biodiversit\u00e9 est notamment d\u00fb \u00e0 la plantation de <strong>six km de haies <em>\u00ab\u00a0capables d&rsquo;abriter des insectes et de les nourrir au printemps\u00a0\u00bb<\/em>.<\/strong> Dans la masse des insectes revenus, ceux qui se nourrissent des pr\u00e9dateurs de la vigne ont permis en 2004 au viticulteur d&rsquo;en finir compl\u00e8tement avec l&rsquo;utilisation d&rsquo;insecticides.<\/p>\n<p><strong>Ch\u00e2teau Guiraud<\/strong> restera dans les annales bordelaises comme le tout premier 1er grand cru class\u00e9 \u00e0 avoir franchi le pas, mais le premier domaine class\u00e9 \u00e0 s&rsquo;\u00eatre affranchi des pr\u00e9jug\u00e9s qui existent contre le vin bio a \u00e9t\u00e9 le <strong>Ch\u00e2teau Fonroque, grand cru class\u00e9 de rouge dans le Saint-Emilion, certifi\u00e9 d\u00e8s 2006.<\/strong><\/p>\n<p>Si l&rsquo;Aquitaine est la troisi\u00e8me r\u00e9gion en terme de surface viticole bio, derri\u00e8re le Languedoc-Roussillon et PACA, avec <strong>300 exploitations certifi\u00e9es AB et 400 en cours de conversion<\/strong>, les domaines class\u00e9s demeurent peu nombreux. M. Planty affirme n\u00e9anmoins qu&rsquo;un <em>\u00ab\u00a0mouvement est en train d&rsquo;appara\u00eetre\u00a0\u00bb<\/em> dans les grands noms du Bordelais. <em>\u00ab\u00a0Il y en a qui font du bio mais ne le disent pas\u00a0\u00bb<\/em>, indique-t-on au syndicat des vignerons bio d&rsquo;Aquitaine. D&rsquo;autres, n&rsquo;ayant pas la certification, assurent en faire mais omettent de dire qu&rsquo;il s&rsquo;agit de tests sur quelques rang\u00e9es de vignes&#8230;<\/p>\n<p><em><strong>\u00ab\u00a0Pour nous ce n&rsquo;est pas du marketing, c&rsquo;est une philosophie.<\/strong> Notre souhait est que le plus grand nombre fasse de m\u00eame\u00a0\u00bb<\/em>, ajoute Caroline Blondeel, commerciale au Ch\u00e2teau Fonroque. Le ch\u00e2teau Fonroque dispense des conseils aux vignerons d\u00e9sireux d&rsquo;op\u00e9rer la conversion dans l&rsquo;agriculture biologique qui <em>\u00ab\u00a0permet de prot\u00e9ger non seulement l&rsquo;environnement<\/em> (sol, nappes phr\u00e9atiques, air, etc.) <em>mais aussi le personnel qui travaille dans le vignoble\u00a0\u00bb<\/em>. A Fonroque, \u00eatre bio ce n&rsquo;est pas seulement \u00eatre \u00e9colo. <em>\u00ab\u00a0Pour ce qui est du vin lui-m\u00eame, souligne-t-on, les traitements naturels permettent au terroir de se prononcer et donner plus de relief aux ar\u00f4mes\u00a0\u00bb<\/em> du vin.<\/p>\n<address>\u00a0<\/address>\n<address>\u00a0<\/address>\n<address>Source\u00a0: AFP du 26\/02\/2012<\/address>\n<address>\u00a0<\/address>\n<address>\u00a0<\/address>\n<address>\u00a0<\/address>\n<address>\u00a0<\/address>\n","protected":false},"excerpt":{"rendered":"<p>Le logo Agriculture biologique (AB) va appara\u00eetre au printemps sur l&rsquo;\u00e9tiquette d&rsquo;un 1er grand cru du Bordelais, celle du mill\u00e9sime 2011 de Ch\u00e2teau Guiraud, dans le Sauternes, une premi\u00e8re qui pourrait inspirer d&rsquo;autres grands noms du vignoble. Le s\u00e9same obtenu &hellip; <a href=\"https:\/\/claire-jannot.com\/?p=1601\">Continuer la lecture <span class=\"meta-nav\">&rarr;<\/span><\/a><\/p>\n","protected":false},"author":1,"featured_media":0,"comment_status":"open","ping_status":"open","sticky":false,"template":"","format":"standard","meta":{"jetpack_post_was_ever_published":false,"_jetpack_newsletter_access":"","_jetpack_dont_email_post_to_subs":false,"_jetpack_newsletter_tier_id":0,"_jetpack_memberships_contains_paywalled_content":false,"_jetpack_memberships_contains_paid_content":false,"footnotes":"","jetpack_publicize_message":"","jetpack_publicize_feature_enabled":true,"jetpack_social_post_already_shared":false,"jetpack_social_options":{"image_generator_settings":{"template":"highway","default_image_id":0,"font":"","enabled":false},"version":2}},"categories":[1,2],"tags":[58,22,3,4,5,10],"class_list":["post-1601","post","type-post","status-publish","format-standard","hentry","category-alimentation","category-ecologie","tag-alimentation-2","tag-biologique","tag-consommation","tag-ecologie2","tag-environnement","tag-sante"],"jetpack_publicize_connections":[],"jetpack_featured_media_url":"","jetpack_sharing_enabled":true,"jetpack_shortlink":"https:\/\/wp.me\/p5jjt5-pP","_links":{"self":[{"href":"https:\/\/claire-jannot.com\/index.php?rest_route=\/wp\/v2\/posts\/1601","targetHints":{"allow":["GET"]}}],"collection":[{"href":"https:\/\/claire-jannot.com\/index.php?rest_route=\/wp\/v2\/posts"}],"about":[{"href":"https:\/\/claire-jannot.com\/index.php?rest_route=\/wp\/v2\/types\/post"}],"author":[{"embeddable":true,"href":"https:\/\/claire-jannot.com\/index.php?rest_route=\/wp\/v2\/users\/1"}],"replies":[{"embeddable":true,"href":"https:\/\/claire-jannot.com\/index.php?rest_route=%2Fwp%2Fv2%2Fcomments&post=1601"}],"version-history":[{"count":2,"href":"https:\/\/claire-jannot.com\/index.php?rest_route=\/wp\/v2\/posts\/1601\/revisions"}],"predecessor-version":[{"id":5502,"href":"https:\/\/claire-jannot.com\/index.php?rest_route=\/wp\/v2\/posts\/1601\/revisions\/5502"}],"wp:attachment":[{"href":"https:\/\/claire-jannot.com\/index.php?rest_route=%2Fwp%2Fv2%2Fmedia&parent=1601"}],"wp:term":[{"taxonomy":"category","embeddable":true,"href":"https:\/\/claire-jannot.com\/index.php?rest_route=%2Fwp%2Fv2%2Fcategories&post=1601"},{"taxonomy":"post_tag","embeddable":true,"href":"https:\/\/claire-jannot.com\/index.php?rest_route=%2Fwp%2Fv2%2Ftags&post=1601"}],"curies":[{"name":"wp","href":"https:\/\/api.w.org\/{rel}","templated":true}]}}