{"id":1878,"date":"2012-04-02T08:53:56","date_gmt":"2012-04-02T07:53:56","guid":{"rendered":"http:\/\/www.clairejannot.com\/?p=1878"},"modified":"2014-11-15T13:20:42","modified_gmt":"2014-11-15T12:20:42","slug":"les-francais-de-plus-en-plus-concernes-par-lenvironnement","status":"publish","type":"post","link":"https:\/\/claire-jannot.com\/?p=1878","title":{"rendered":"Les Fran\u00e7ais de plus en plus concern\u00e9s par l\u2019environnement"},"content":{"rendered":"<h2><span style=\"color: #000000;\">D\u2019ann\u00e9e en ann\u00e9e, la tendance s\u2019affirme : les Fran\u00e7ais sont de plus en plus sensibles \u00e0 l\u2019environnement. Selon un rapport du Commissariat g\u00e9n\u00e9ral au d\u00e9veloppement durable publi\u00e9 fin 2011 et portant sur seize ann\u00e9es d\u2019observations (1995-2011), si les mentalit\u00e9s \u00e9voluent, il reste malgr\u00e9 tout encore un d\u00e9calage entre les opinions et le passage \u00e0 l\u2019acte.<\/span><\/h2>\n<p><span style=\"color: #000000;\"><br \/>\n<\/span><span style=\"color: #000000;\"><a href=\"https:\/\/i0.wp.com\/www.clairejannot.com\/wp-content\/uploads\/2012\/04\/p.gif\"><img data-recalc-dims=\"1\" loading=\"lazy\" decoding=\"async\" class=\"alignleft size-medium wp-image-1879\" title=\"p\" src=\"https:\/\/i0.wp.com\/www.clairejannot.com\/wp-content\/uploads\/2012\/04\/p-225x300.gif?resize=225%2C300\" alt=\"\" width=\"225\" height=\"300\" \/><\/a>D\u00e8s 2007, le rapport de l\u2019Institut fran\u00e7ais de l\u2019environnement (Ifen) r\u00e9v\u00e9lait que l\u2019environnement \u00e9tait devenu<strong> \u201cune pr\u00e9occupation de plus en plus consensuelle\u201d<\/strong>. Cette \u00e9volution de la pens\u00e9e collective et des normes sociales se confirme et s\u2019accentue en 2010 : pr\u00e9occupations environnementales et sensibilit\u00e9 \u00e9cologique se sont aujourd\u2019hui tr\u00e8s largement diffus\u00e9es au sein de la soci\u00e9t\u00e9. <\/span><\/p>\n<p><span style=\"color: #000000;\"><strong>La tr\u00e8s grande majorit\u00e9 des Fran\u00e7ais (80%) et particuli\u00e8rement les plus jeunes, estiment que le r\u00e9chauffement climatique est un fait scientifiquement prouv\u00e9<\/strong> ; les trois quarts des personnes interrog\u00e9es (75%) incriminent la responsabilit\u00e9 de l\u2019homme dans la d\u00e9gradation de l\u2019environnement. De nombreux Fran\u00e7ais s\u2019accordent en outre sur la n\u00e9cessit\u00e9 de s\u2019investir \u00e0 titre personnel dans la sauvegarde de l\u2019environnement : <strong>69% des personnes interrog\u00e9es consid\u00e8rent que, m\u00eame s\u2019il n\u2019y a pas d\u2019action collective, les efforts qu\u2019elles peuvent faire individuellement sont utiles pour pr\u00e9server l\u2019environnement.<\/strong> De m\u00eame, ceux-ci sont pr\u00eats \u00e0 faire un effort financier si n\u00e9cessaire pour tenter de pr\u00e9server l\u2019environnement : 63% des personnes interrog\u00e9es d\u00e9clarent ainsi faire ce qui est bon pour l\u2019environnement m\u00eame si cela co\u00fbte plus d\u2019argent. Assez logiquement, ce comportement est plus marqu\u00e9 chez les m\u00e9nages les plus ais\u00e9s.<\/span><\/p>\n<p><span style=\"color: #000000;\">Plus de bio et moins de suremballage<\/span><br \/>\n<span style=\"color: #000000;\">L\u2019attention des Fran\u00e7ais aux probl\u00e8mes environnementaux s\u2019est accrue de fa\u00e7on continue depuis 1995. <strong>En 2011, une majorit\u00e9 se d\u00e9clare tr\u00e8s sensible \u00e0 l\u2019environnement, alors qu\u2019en 1995, la proportion n\u2019\u00e9tait que d\u2019un tiers.<\/strong> Cette \u00e9volution se ressent notamment au travers de la progression entre 2005 et 2011 de l\u2019attention \u00e0 certains sujets : la quantit\u00e9 de d\u00e9chets qu\u2019impliquent certains achats (+18% par rapport \u00e0 2005), l\u2019\u00e9quipement en ampoules basse consommation (+32%), l\u2019attention port\u00e9e \u00e0 la consommation d\u2019\u00e9nergie lors de l\u2019achat d\u2019\u00e9lectrom\u00e9nager (+16%) et<strong> l\u2019achat de produits bio (+23%)<\/strong>. Cependant, si la tendance \u00e0 \u201cl\u2019\u00e9co-consommation\u201d a continu\u00e9 de progresser entre 2005 et 2010, <strong>l\u2019usage de la voiture semble toujours faire exception.<\/strong> Son emprise s\u2019est m\u00eame renforc\u00e9e entre 2005 et 2010 : elle est de plus en plus pr\u00e9sente dans les foyers fran\u00e7ais : 86% d\u00e9clarent en avoir au moins une (+5%) et parmi eux 32% disposent de deux v\u00e9hicules (+3%). Le prix et la consommation en carburant restent les principaux crit\u00e8res de choix devant les \u00e9missions de CO2.<\/span><\/p>\n<p><span style=\"color: #000000;\">Encore un d\u00e9calage entre paroles et actes<\/span><br \/>\n<span style=\"color: #000000;\">Des d\u00e9calages sensibles chez les m\u00e9nages entre leurs opinions ou intentions et leurs pratiques peuvent malgr\u00e9 tout exister. <strong>Les m\u00e9nages ais\u00e9s par exemple ach\u00e8tent plus fr\u00e9quemment que les autres des \u00e9quipements moins consommateurs d\u2019\u00e9lectricit\u00e9 ou d\u2019eau mais s\u2019en servent souvent plus et ont ainsi le m\u00eame impact sur l\u2019environnement.<\/strong> De m\u00eame, 50% laissent leur t\u00e9l\u00e9vision en veille au lieu de l\u2019\u00e9teindre compl\u00e8tement. Et <strong>l\u2019usage de la voiture ne baisse pas alors que les Fran\u00e7ais se d\u00e9clarent pr\u00eats \u00e0 s\u2019en passer davantage.<\/strong> Par ailleurs, concernant le chauffage, si les Fran\u00e7ais ont fait de gros efforts pour diminuer leur consommation, ce comportement est souvent la cons\u00e9quence de la recherche d\u2019\u00e9conomies : en 2010, <strong>85% des m\u00e9nages qui ont cherch\u00e9 \u00e0 limiter leur consommation de chauffage l\u2019ont fait pour des raisons purement financi\u00e8res.<\/strong> Ainsi, interrog\u00e9s par l\u2019Ademe, huit Fran\u00e7ais sur dix ont reconnu qu\u2019ils pourraient faire plus, ou mieux, dans leur vie quotidienne pour pr\u00e9server l\u2019environnement\u2026<\/span><\/p>\n<p>&nbsp;<\/p>\n<p><span style=\"color: #000000;\">Lire en int\u00e9gralit\u00e9 le rapport \u201cLes perceptions sociales et pratiques environnementales des Fran\u00e7ais de 1995 \u00e0 2011\u201d (PDF) :\u00a0<a href=\"http:\/\/www.developpement-durable.gouv.fr\/IMG\/pdf\/Revue_CGDD_octobre_2011.pdf\" target=\"_blank\"><span style=\"color: #000000;\">http:\/\/www.developpement-durable.gouv.fr\/IMG\/pdf\/Revue_CGDD_octobre_2011.pdf<\/span><\/a><\/span><\/p>\n<address><span style=\"color: #000000;\">\u00a0Source :\u00a0<a href=\"http:\/\/www.eco-jonction.com\/\"><span style=\"color: #000000;\">http:\/\/www.eco-jonction.com<\/span><\/a><\/span><\/address>\n<address>Cr\u00e9dit photo :\u00a0<a href=\"http:\/\/mdb94.org\/\">http:\/\/mdb94.org<\/a><\/address>\n<address>\u00a0<\/address>\n<address>\u00a0<\/address>\n","protected":false},"excerpt":{"rendered":"<p>D\u2019ann\u00e9e en ann\u00e9e, la tendance s\u2019affirme : les Fran\u00e7ais sont de plus en plus sensibles \u00e0 l\u2019environnement. Selon un rapport du Commissariat g\u00e9n\u00e9ral au d\u00e9veloppement durable publi\u00e9 fin 2011 et portant sur seize ann\u00e9es d\u2019observations (1995-2011), si les mentalit\u00e9s \u00e9voluent, &hellip; <a href=\"https:\/\/claire-jannot.com\/?p=1878\">Continuer la lecture <span class=\"meta-nav\">&rarr;<\/span><\/a><\/p>\n","protected":false},"author":1,"featured_media":0,"comment_status":"open","ping_status":"open","sticky":false,"template":"","format":"standard","meta":{"jetpack_post_was_ever_published":false,"_jetpack_newsletter_access":"","_jetpack_dont_email_post_to_subs":false,"_jetpack_newsletter_tier_id":0,"_jetpack_memberships_contains_paywalled_content":false,"_jetpack_memberships_contains_paid_content":false,"footnotes":"","jetpack_publicize_message":"","jetpack_publicize_feature_enabled":true,"jetpack_social_post_already_shared":false,"jetpack_social_options":{"image_generator_settings":{"template":"highway","default_image_id":0,"font":"","enabled":false},"version":2}},"categories":[2],"tags":[3,4,44,5,11,20],"class_list":["post-1878","post","type-post","status-publish","format-standard","hentry","category-ecologie","tag-consommation","tag-ecologie2","tag-energie","tag-environnement","tag-societe-2","tag-tri"],"jetpack_publicize_connections":[],"jetpack_featured_media_url":"","jetpack_sharing_enabled":true,"jetpack_shortlink":"https:\/\/wp.me\/p5jjt5-ui","_links":{"self":[{"href":"https:\/\/claire-jannot.com\/index.php?rest_route=\/wp\/v2\/posts\/1878","targetHints":{"allow":["GET"]}}],"collection":[{"href":"https:\/\/claire-jannot.com\/index.php?rest_route=\/wp\/v2\/posts"}],"about":[{"href":"https:\/\/claire-jannot.com\/index.php?rest_route=\/wp\/v2\/types\/post"}],"author":[{"embeddable":true,"href":"https:\/\/claire-jannot.com\/index.php?rest_route=\/wp\/v2\/users\/1"}],"replies":[{"embeddable":true,"href":"https:\/\/claire-jannot.com\/index.php?rest_route=%2Fwp%2Fv2%2Fcomments&post=1878"}],"version-history":[{"count":1,"href":"https:\/\/claire-jannot.com\/index.php?rest_route=\/wp\/v2\/posts\/1878\/revisions"}],"predecessor-version":[{"id":5664,"href":"https:\/\/claire-jannot.com\/index.php?rest_route=\/wp\/v2\/posts\/1878\/revisions\/5664"}],"wp:attachment":[{"href":"https:\/\/claire-jannot.com\/index.php?rest_route=%2Fwp%2Fv2%2Fmedia&parent=1878"}],"wp:term":[{"taxonomy":"category","embeddable":true,"href":"https:\/\/claire-jannot.com\/index.php?rest_route=%2Fwp%2Fv2%2Fcategories&post=1878"},{"taxonomy":"post_tag","embeddable":true,"href":"https:\/\/claire-jannot.com\/index.php?rest_route=%2Fwp%2Fv2%2Ftags&post=1878"}],"curies":[{"name":"wp","href":"https:\/\/api.w.org\/{rel}","templated":true}]}}