{"id":2182,"date":"2012-05-03T15:14:01","date_gmt":"2012-05-03T14:14:01","guid":{"rendered":"http:\/\/www.clairejannot.com\/?p=2182"},"modified":"2015-03-18T14:15:06","modified_gmt":"2015-03-18T13:15:06","slug":"interdiction-de-peche-en-mediterrannee","status":"publish","type":"post","link":"https:\/\/claire-jannot.com\/?p=2182","title":{"rendered":"Interdiction de p\u00eache en M\u00e9diterrann\u00e9e"},"content":{"rendered":"<h2>Au pied de la cri\u00e9e de Port-la-Nouvelle ( Aude) , comme dans les autres ports de M\u00e9diterran\u00e9e, les chalutiers sont \u00e0 quai pour un mois, victimes d&rsquo;une diminution de la taille du poisson et de la hausse du prix du gazole.<\/h2>\n<p><a href=\"https:\/\/i0.wp.com\/www.clairejannot.com\/wp-content\/uploads\/2012\/05\/chalutiers.jpg\"><img data-recalc-dims=\"1\" loading=\"lazy\" decoding=\"async\" class=\"alignleft size-medium wp-image-2183\" title=\"chalutiers\" src=\"https:\/\/i0.wp.com\/www.clairejannot.com\/wp-content\/uploads\/2012\/05\/chalutiers-300x168.jpg?resize=300%2C168\" alt=\"\" width=\"300\" height=\"168\" \/><\/a><strong>Les chalutiers de S\u00e8te (H\u00e9rault), du Grau-du-Roi (Gard), de Port-Vendres (Pyr\u00e9n\u00e9es-Orientales) et de Marseille<\/strong> respectent eux aussi un <strong>arr\u00eat de p\u00eache de 35 jours<\/strong>, une mesure prise pour la deuxi\u00e8me ann\u00e9e cons\u00e9cutive. Ils sont indemnis\u00e9s par l&rsquo;Etat sur la base des revenus des ann\u00e9es pr\u00e9c\u00e9dentes.<br \/>\nCette d\u00e9cision, accept\u00e9e par tous les m\u00e9tiers de la mer, r\u00e9pond \u00e0 une r\u00e9alit\u00e9 simple : <strong>ces gros navires de plus de 20 m ne sont plus rentables en M\u00e9diterran\u00e9e.<\/strong><\/p>\n<p><strong><\/strong><br \/>\nPourtant, la ressource traditionnelle de ces chalutiers, le<strong> \u00ab\u00a0poisson bleu\u00a0\u00bb (sardine et anchois)<\/strong>, est toujours l\u00e0. <strong>\u00ab\u00a0Les poissons sont disponibles en nombre, avec une tendance \u00e0 une hausse de la population, notamment pour les anchois\u00a0\u00bb<\/strong>, selon le dernier rapport PelMed (P\u00e9lagiques M\u00e9diterran\u00e9e) de l&rsquo;<strong>Ifremer.<\/strong><br \/>\n<strong>Mais pour une raison ind\u00e9termin\u00e9e (qualit\u00e9 de la nourriture et des conditions environnementales&#8230;), on observe une forte mortalit\u00e9 apr\u00e8s l&rsquo;\u00e2ge d&rsquo;un an<\/strong>, constate David Roos, scientifique de l&rsquo;<strong>Ifremer<\/strong> \u00e0 S\u00e8te.<\/p>\n<p><strong>\u00ab\u00a0A Port-la-Nouvelle, le tonnage des poissons bleus est pass\u00e9 de 2.600 \u00e0 400 tonnes entre 2008 \u00e0 2011, et \u00e0 Port-Vendres, de 1.200 \u00e0 700\u00a0\u00bb<\/strong>, pr\u00e9cise St\u00e9phane P\u00e9ron, d\u00e9l\u00e9gu\u00e9 \u00e0 la Direction d\u00e9partementale des territoires et de la mer<strong> (DDTM)<\/strong> pour les Pyr\u00e9n\u00e9es-Orientales et l&rsquo;Aude.<\/p>\n<p>Les \u00ab\u00a0petits m\u00e9tiers\u00a0\u00bb, p\u00eacheurs avec des bateaux de petit tonnage, s&rsquo;en sortent encore. Mais les chalutiers, gros consommateurs de gazole, ont du mal \u00e0 survivre. <strong>\u00ab\u00a0Pour 1.800 euros de recette par jour, on d\u00e9pense 1.400 \u00e0 1.500 euros en gazole\u00a0\u00bb<\/strong> et il faut encore payer l&rsquo;\u00e9quipage et les frais annexes, pr\u00e9cise Bernard P\u00e9rez, armateur de l&rsquo;Edouard-Fran\u00e7ois.<br \/>\n<strong>Les p\u00eacheurs de \u00ab\u00a0bleu\u00a0\u00bb ont bien tent\u00e9 de pallier le manque \u00e0 gagner en se tournant vers le poisson \u00ab\u00a0blanc\u00a0\u00bb, comme le merlu, mais celui-ci est en diminution, victime de la surp\u00eache.<\/strong><\/p>\n<p>Aujourd&rsquo;hui, les chalutiers de la c\u00f4te m\u00e9diterran\u00e9enne fran\u00e7aise se trouvent donc dans une impasse et beaucoup pensent \u00e0 cesser leur activit\u00e9, avec destruction de leur bateau gr\u00e2ce au plan de <strong>\u00ab\u00a0sortie de flotte\u00a0\u00bb<\/strong> mis en place par le gouvernement et l&rsquo;Europe.<\/p>\n<p>L&rsquo;\u00e9t\u00e9 dernier, le club de rugby de la commune voisine de Sigean a d\u00fb innover pour sa traditionnelle \u00ab\u00a0sardinade\u00a0\u00bb : \u00ab\u00a0On a pris des sardines d&rsquo;Italie, reconna\u00eet le secr\u00e9taire du club, celles d&rsquo;ici \u00e9taient trop petites\u00a0\u00bb.<\/p>\n<address>Source : AFP &#8211; 29 avr 2012<\/address>\n<address>Cr\u00e9dit photo : <a href=\"http:\/\/www.alvinet.com\/\">http:\/\/www.alvinet.com<\/a>\u00a0<\/address>\n","protected":false},"excerpt":{"rendered":"<p>Au pied de la cri\u00e9e de Port-la-Nouvelle ( Aude) , comme dans les autres ports de M\u00e9diterran\u00e9e, les chalutiers sont \u00e0 quai pour un mois, victimes d&rsquo;une diminution de la taille du poisson et de la hausse du prix du &hellip; <a href=\"https:\/\/claire-jannot.com\/?p=2182\">Continuer la lecture <span class=\"meta-nav\">&rarr;<\/span><\/a><\/p>\n","protected":false},"author":1,"featured_media":0,"comment_status":"open","ping_status":"open","sticky":false,"template":"","format":"standard","meta":{"jetpack_post_was_ever_published":false,"_jetpack_newsletter_access":"","_jetpack_dont_email_post_to_subs":false,"_jetpack_newsletter_tier_id":0,"_jetpack_memberships_contains_paywalled_content":false,"_jetpack_memberships_contains_paid_content":false,"footnotes":"","jetpack_publicize_message":"","jetpack_publicize_feature_enabled":true,"jetpack_social_post_already_shared":false,"jetpack_social_options":{"image_generator_settings":{"template":"highway","default_image_id":0,"font":"","enabled":false},"version":2}},"categories":[2],"tags":[58,3,4,5,52,10,11],"class_list":["post-2182","post","type-post","status-publish","format-standard","hentry","category-ecologie","tag-alimentation-2","tag-consommation","tag-ecologie2","tag-environnement","tag-oceans","tag-sante","tag-societe-2"],"jetpack_publicize_connections":[],"jetpack_featured_media_url":"","jetpack_sharing_enabled":true,"jetpack_shortlink":"https:\/\/wp.me\/p5jjt5-zc","_links":{"self":[{"href":"https:\/\/claire-jannot.com\/index.php?rest_route=\/wp\/v2\/posts\/2182","targetHints":{"allow":["GET"]}}],"collection":[{"href":"https:\/\/claire-jannot.com\/index.php?rest_route=\/wp\/v2\/posts"}],"about":[{"href":"https:\/\/claire-jannot.com\/index.php?rest_route=\/wp\/v2\/types\/post"}],"author":[{"embeddable":true,"href":"https:\/\/claire-jannot.com\/index.php?rest_route=\/wp\/v2\/users\/1"}],"replies":[{"embeddable":true,"href":"https:\/\/claire-jannot.com\/index.php?rest_route=%2Fwp%2Fv2%2Fcomments&post=2182"}],"version-history":[{"count":1,"href":"https:\/\/claire-jannot.com\/index.php?rest_route=\/wp\/v2\/posts\/2182\/revisions"}],"predecessor-version":[{"id":5865,"href":"https:\/\/claire-jannot.com\/index.php?rest_route=\/wp\/v2\/posts\/2182\/revisions\/5865"}],"wp:attachment":[{"href":"https:\/\/claire-jannot.com\/index.php?rest_route=%2Fwp%2Fv2%2Fmedia&parent=2182"}],"wp:term":[{"taxonomy":"category","embeddable":true,"href":"https:\/\/claire-jannot.com\/index.php?rest_route=%2Fwp%2Fv2%2Fcategories&post=2182"},{"taxonomy":"post_tag","embeddable":true,"href":"https:\/\/claire-jannot.com\/index.php?rest_route=%2Fwp%2Fv2%2Ftags&post=2182"}],"curies":[{"name":"wp","href":"https:\/\/api.w.org\/{rel}","templated":true}]}}