{"id":2190,"date":"2012-05-03T17:35:16","date_gmt":"2012-05-03T16:35:16","guid":{"rendered":"http:\/\/www.clairejannot.com\/?p=2190"},"modified":"2014-09-22T14:58:35","modified_gmt":"2014-09-22T13:58:35","slug":"larchitecte-calatrava-presente-le-musee-de-demain","status":"publish","type":"post","link":"https:\/\/claire-jannot.com\/?p=2190","title":{"rendered":"L&rsquo;architecte Calatrava pr\u00e9sente le \u00ab\u00a0Mus\u00e9e de demain\u00a0\u00bb"},"content":{"rendered":"<h2>L&rsquo;architecte espagnol Santiago Pevsner Calatrava Vall a pr\u00e9sent\u00e9 pour la premi\u00e8re fois mercredi \u00e0 Rio sa maquette du \u00ab\u00a0Museu do Amanh\u00e3\u00a0\u00bb (\u00ab\u00a0Mus\u00e9e de Demain\u00a0\u00bb) en construction dans la zone portuaire de la ville en cours de r\u00e9novation, un projet de conception \u00e9cologique.<\/h2>\n<p><strong>\u00ab\u00a0On voulait pouvoir faire des jardins et une promenade architecturale autour du mus\u00e9e qui sera un le\u00e7on d&rsquo;\u00e9cologie, comme filtrer l&rsquo;eau (de la baie) des bassins\u00a0\u00bb sur les c\u00f4t\u00e9s, a d\u00e9clar\u00e9 M. Calatrava en pr\u00e9sentant ce mus\u00e9e scientifique qui doit \u00eatre inaugur\u00e9 en 2014.<\/strong><\/p>\n<p>\u00ab\u00a0Le mus\u00e9e n&rsquo;est pas seulement un objet,<strong> il est la ville.<\/strong> Le paysage devient un \u00e9l\u00e9ment fondamental. Il fallait que l&rsquo;on voie le monast\u00e8re de Sao Bento (du 17 si\u00e8cle); il fallait que le b\u00e2timent soit horizontal\u00a0\u00bb, a soulign\u00e9 l&rsquo;architecte.<\/p>\n<p><strong>Sur le toit, de grandes structures en acier, qui bougent comme des ailes, serviront pour capter l&rsquo;\u00e9nergie solaire.<\/strong><\/p>\n<p>Ce mus\u00e9e, le premier \u00e0 traiter des possibilit\u00e9s de construction de l&rsquo;avenir, conduira le public \u00e0 r\u00e9fl\u00e9chir sur l&rsquo;impact de ses actions sur la plan\u00e8te, a expliqu\u00e9 de son c\u00f4t\u00e9 le physicien Luiz Alberto de Oliveira, responsable du contenu du Mus\u00e9e qui a comme partenaires comme celui de la Villette (Paris) ou les am\u00e9ricains Smithsonian Institute et California Academy of Sciences.<\/p>\n<p><strong>\u00ab\u00a0Le mus\u00e9e sera un outil \u00e9ducatif sur nos actions d&rsquo;aujourd&rsquo;hui qui construiront le monde de demain<\/strong>, sur comment vivrons-nous en 2050 quand nous serons 9 milliards\u00a0\u00bb, a encore soulign\u00e9 M. de Oliveira.<\/p>\n<p><strong>Le mus\u00e9e est construit sur une jet\u00e9e, au milieu d&rsquo;une grande zone verte de 30.000 m2 avec des jardins, des bassins, une piste cyclable et une aire de loisirs.<\/strong> Le b\u00e2timent fera 15.000 m2. L&rsquo;eau de la baie de Rio sera utilis\u00e9e \u00e9galement pour la climatisation de l&rsquo;int\u00e9rieur du mus\u00e9e.<\/p>\n<p>La construction du mus\u00e9e fait partie d&rsquo;un ensemble de grands travaux entrepris par la mairie en vue de la modernisation de la ville \u00e0 l&rsquo;occasion du <strong>Mondial de football de 2014 et des Jeux Olympiques de 2016.<\/strong> Les travaux de quelque 4,2 milliards de dollars sont financ\u00e9s par le plus important partenariat public-priv\u00e9 du Br\u00e9sil. Le co\u00fbt du mus\u00e9e est estim\u00e9 \u00e0 215 millions de reais (112 millions de dollars).<\/p>\n<address>Source : AFP-\u00a002 mai 2012\u00a0<\/address>\n<address>\u00a0<\/address>\n<address>\u00a0<\/address>\n<address>\u00a0<\/address>\n<address>\u00a0<\/address>\n","protected":false},"excerpt":{"rendered":"<p>L&rsquo;architecte espagnol Santiago Pevsner Calatrava Vall a pr\u00e9sent\u00e9 pour la premi\u00e8re fois mercredi \u00e0 Rio sa maquette du \u00ab\u00a0Museu do Amanh\u00e3\u00a0\u00bb (\u00ab\u00a0Mus\u00e9e de Demain\u00a0\u00bb) en construction dans la zone portuaire de la ville en cours de r\u00e9novation, un projet de &hellip; <a href=\"https:\/\/claire-jannot.com\/?p=2190\">Continuer la lecture <span class=\"meta-nav\">&rarr;<\/span><\/a><\/p>\n","protected":false},"author":1,"featured_media":0,"comment_status":"open","ping_status":"open","sticky":false,"template":"","format":"standard","meta":{"jetpack_post_was_ever_published":false,"_jetpack_newsletter_access":"","_jetpack_dont_email_post_to_subs":false,"_jetpack_newsletter_tier_id":0,"_jetpack_memberships_contains_paywalled_content":false,"_jetpack_memberships_contains_paid_content":false,"footnotes":"","jetpack_publicize_message":"","jetpack_publicize_feature_enabled":true,"jetpack_social_post_already_shared":false,"jetpack_social_options":{"image_generator_settings":{"template":"highway","default_image_id":0,"font":"","enabled":false},"version":2}},"categories":[2],"tags":[28,4,5,31],"class_list":["post-2190","post","type-post","status-publish","format-standard","hentry","category-ecologie","tag-art","tag-ecologie2","tag-environnement","tag-musee"],"jetpack_publicize_connections":[],"jetpack_featured_media_url":"","jetpack_sharing_enabled":true,"jetpack_shortlink":"https:\/\/wp.me\/p5jjt5-zk","_links":{"self":[{"href":"https:\/\/claire-jannot.com\/index.php?rest_route=\/wp\/v2\/posts\/2190","targetHints":{"allow":["GET"]}}],"collection":[{"href":"https:\/\/claire-jannot.com\/index.php?rest_route=\/wp\/v2\/posts"}],"about":[{"href":"https:\/\/claire-jannot.com\/index.php?rest_route=\/wp\/v2\/types\/post"}],"author":[{"embeddable":true,"href":"https:\/\/claire-jannot.com\/index.php?rest_route=\/wp\/v2\/users\/1"}],"replies":[{"embeddable":true,"href":"https:\/\/claire-jannot.com\/index.php?rest_route=%2Fwp%2Fv2%2Fcomments&post=2190"}],"version-history":[{"count":1,"href":"https:\/\/claire-jannot.com\/index.php?rest_route=\/wp\/v2\/posts\/2190\/revisions"}],"predecessor-version":[{"id":5499,"href":"https:\/\/claire-jannot.com\/index.php?rest_route=\/wp\/v2\/posts\/2190\/revisions\/5499"}],"wp:attachment":[{"href":"https:\/\/claire-jannot.com\/index.php?rest_route=%2Fwp%2Fv2%2Fmedia&parent=2190"}],"wp:term":[{"taxonomy":"category","embeddable":true,"href":"https:\/\/claire-jannot.com\/index.php?rest_route=%2Fwp%2Fv2%2Fcategories&post=2190"},{"taxonomy":"post_tag","embeddable":true,"href":"https:\/\/claire-jannot.com\/index.php?rest_route=%2Fwp%2Fv2%2Ftags&post=2190"}],"curies":[{"name":"wp","href":"https:\/\/api.w.org\/{rel}","templated":true}]}}