{"id":2197,"date":"2012-05-04T15:20:24","date_gmt":"2012-05-04T14:20:24","guid":{"rendered":"http:\/\/www.clairejannot.com\/?p=2197"},"modified":"2014-11-29T15:15:26","modified_gmt":"2014-11-29T14:15:26","slug":"le-koala-menace","status":"publish","type":"post","link":"https:\/\/claire-jannot.com\/?p=2197","title":{"rendered":"Le koala menac\u00e9"},"content":{"rendered":"<h2><span style=\"color: #000000;\">Le koala a \u00e9t\u00e9 class\u00e9 lundi parmi les esp\u00e8ces \u00e0 prot\u00e9ger dans plusieurs r\u00e9gions d&rsquo;Australie o\u00f9 sa survie est menac\u00e9e par le d\u00e9veloppement des villes, la circulation automobile, les chiens domestiques et les maladies, a annonc\u00e9 le gouvernement.<\/span><\/h2>\n<p><span style=\"color: #000000;\"><a href=\"https:\/\/i0.wp.com\/www.clairejannot.com\/wp-content\/uploads\/2012\/05\/koala.jpg\"><span style=\"color: #000000;\"><img data-recalc-dims=\"1\" loading=\"lazy\" decoding=\"async\" class=\"alignleft size-medium wp-image-2198\" title=\"koala\" src=\"https:\/\/i0.wp.com\/www.clairejannot.com\/wp-content\/uploads\/2012\/05\/koala-300x169.jpg?resize=300%2C169\" alt=\"\" width=\"300\" height=\"169\" \/><\/span><\/a>Les populations des provinces de <strong>Nouvelle-Galles du Sud, du Queensland et de l&rsquo;Australian Capital Territory<\/strong> (autour de la capitale f\u00e9d\u00e9rale Canberra), toutes situ\u00e9es dans l&rsquo;est et le sud-est de l&rsquo;\u00eele, ont \u00e9t\u00e9 class\u00e9es parmi les esp\u00e8ces \u00ab\u00a0vuln\u00e9rables\u00a0\u00bb.<\/span><\/p>\n<p><span style=\"color: #000000;\">Il s&rsquo;agit de la cat\u00e9gorie inf\u00e9rieure \u00e0 celle d&rsquo;esp\u00e8ce \u00ab\u00a0en danger\u00a0\u00bb selon la liste de <strong>l&rsquo;Union internationale pour la conservation de la nature (UICN).\u00a0<\/strong>Le petit marsupial, esp\u00e8ce end\u00e9mique australienne, est d&rsquo;abord victime de la r\u00e9duction de son habitat dans les r\u00e9gions les plus dens\u00e9ment peupl\u00e9es de l&rsquo;\u00eele, selon un rapport officiel datant de 2011.<\/span><\/p>\n<p><span style=\"color: #000000;\">Alors qu&rsquo;ils \u00e9taient plusieurs millions avant l&rsquo;arriv\u00e9e des colons britanniques en 1788, ils ont \u00e9t\u00e9 massivement chass\u00e9s pour leur \u00e9paisse fourrure dans les ann\u00e9es 1920 et leur population a drastiquement diminu\u00e9.<\/span><br \/>\n<span style=\"color: #000000;\">L&rsquo;indignation populaire a mis fin au carnage mais l&rsquo;<strong>urbanisation de l&rsquo;Australie est devenue un pr\u00e9dateur au moins aussi redoutable.<\/strong> Leur population est estim\u00e9e aujourd&rsquo;hui au <strong>maximum \u00e0 quelques centaines de milliers, certaines \u00e9tudes n&rsquo;en d\u00e9nombrant qu&rsquo;un peu plus de 40.000.<\/strong><\/span><\/p>\n<address><span style=\"color: #000000;\">Source : AFP &#8211;\u00a030 avr 2012<\/span><\/address>\n<address><span style=\"color: #000000;\">Cr\u00e9dit photo :\u00a0<a href=\"http:\/\/www.onekind.org\/\"><span style=\"color: #000000;\">http:\/\/www.onekind.org<\/span><\/a><\/span><\/address>\n","protected":false},"excerpt":{"rendered":"<p>Le koala a \u00e9t\u00e9 class\u00e9 lundi parmi les esp\u00e8ces \u00e0 prot\u00e9ger dans plusieurs r\u00e9gions d&rsquo;Australie o\u00f9 sa survie est menac\u00e9e par le d\u00e9veloppement des villes, la circulation automobile, les chiens domestiques et les maladies, a annonc\u00e9 le gouvernement. Les populations &hellip; <a href=\"https:\/\/claire-jannot.com\/?p=2197\">Continuer la lecture <span class=\"meta-nav\">&rarr;<\/span><\/a><\/p>\n","protected":false},"author":1,"featured_media":0,"comment_status":"open","ping_status":"open","sticky":false,"template":"","format":"standard","meta":{"jetpack_post_was_ever_published":false,"_jetpack_newsletter_access":"","_jetpack_dont_email_post_to_subs":false,"_jetpack_newsletter_tier_id":0,"_jetpack_memberships_contains_paywalled_content":false,"_jetpack_memberships_contains_paid_content":false,"footnotes":"","jetpack_publicize_message":"","jetpack_publicize_feature_enabled":true,"jetpack_social_post_already_shared":false,"jetpack_social_options":{"image_generator_settings":{"template":"highway","default_image_id":0,"font":"","enabled":false},"version":2}},"categories":[2],"tags":[4,5,48],"class_list":["post-2197","post","type-post","status-publish","format-standard","hentry","category-ecologie","tag-ecologie2","tag-environnement","tag-vie-animale"],"jetpack_publicize_connections":[],"jetpack_featured_media_url":"","jetpack_sharing_enabled":true,"jetpack_shortlink":"https:\/\/wp.me\/p5jjt5-zr","_links":{"self":[{"href":"https:\/\/claire-jannot.com\/index.php?rest_route=\/wp\/v2\/posts\/2197","targetHints":{"allow":["GET"]}}],"collection":[{"href":"https:\/\/claire-jannot.com\/index.php?rest_route=\/wp\/v2\/posts"}],"about":[{"href":"https:\/\/claire-jannot.com\/index.php?rest_route=\/wp\/v2\/types\/post"}],"author":[{"embeddable":true,"href":"https:\/\/claire-jannot.com\/index.php?rest_route=\/wp\/v2\/users\/1"}],"replies":[{"embeddable":true,"href":"https:\/\/claire-jannot.com\/index.php?rest_route=%2Fwp%2Fv2%2Fcomments&post=2197"}],"version-history":[{"count":1,"href":"https:\/\/claire-jannot.com\/index.php?rest_route=\/wp\/v2\/posts\/2197\/revisions"}],"predecessor-version":[{"id":5742,"href":"https:\/\/claire-jannot.com\/index.php?rest_route=\/wp\/v2\/posts\/2197\/revisions\/5742"}],"wp:attachment":[{"href":"https:\/\/claire-jannot.com\/index.php?rest_route=%2Fwp%2Fv2%2Fmedia&parent=2197"}],"wp:term":[{"taxonomy":"category","embeddable":true,"href":"https:\/\/claire-jannot.com\/index.php?rest_route=%2Fwp%2Fv2%2Fcategories&post=2197"},{"taxonomy":"post_tag","embeddable":true,"href":"https:\/\/claire-jannot.com\/index.php?rest_route=%2Fwp%2Fv2%2Ftags&post=2197"}],"curies":[{"name":"wp","href":"https:\/\/api.w.org\/{rel}","templated":true}]}}