{"id":2270,"date":"2012-05-09T17:30:16","date_gmt":"2012-05-09T16:30:16","guid":{"rendered":"http:\/\/www.clairejannot.com\/?p=2270"},"modified":"2012-05-09T17:30:16","modified_gmt":"2012-05-09T16:30:16","slug":"un-nouvel-eclairage-pour-lempire-state-building","status":"publish","type":"post","link":"https:\/\/claire-jannot.com\/?p=2270","title":{"rendered":"Un nouvel \u00e9clairage pour l&rsquo;Empire State Building"},"content":{"rendered":"<h2><span style=\"color: #000000;\">Des ampoules basse consommation pour l&rsquo;Empire State Building.\u00a0Le l\u00e9gendaire gratte-ciel Empire State Building, le plus haut de New York, va s&rsquo;\u00e9quiper d&rsquo;ampoules basses consommation LED, a annonc\u00e9 mardi le g\u00e9ant n\u00e9erlandais de l&rsquo;\u00e9lectronique Philips, qui va fournir les ampoules.<\/span><\/h2>\n<p><span style=\"color: #000000;\"><a href=\"https:\/\/i0.wp.com\/www.clairejannot.com\/wp-content\/uploads\/2012\/05\/empirestate.jpg\"><img data-recalc-dims=\"1\" loading=\"lazy\" decoding=\"async\" class=\"alignleft size-medium wp-image-2271\" title=\"empirestate\" src=\"https:\/\/i0.wp.com\/www.clairejannot.com\/wp-content\/uploads\/2012\/05\/empirestate-300x199.jpg?resize=300%2C199\" alt=\"\" width=\"300\" height=\"199\" \/><\/a>Mondialement reconnu comme une merveille d&rsquo;ing\u00e9nierie et un symbole de la ville de New York, <strong>l&rsquo;Empire State Building a s\u00e9lectionn\u00e9 Philips<\/strong> (&#8230;) comme partenaire dans le <strong>changement des lumi\u00e8res iconiques du b\u00e2timent vers des LEDs innovantes.<\/strong><\/span><\/p>\n<p><span style=\"color: #000000;\">Le nouveau syst\u00e8me d&rsquo;\u00e9clairage informatis\u00e9, qui offrira un choix parmi <strong>16 millions de nuances, devrait permettre une r\u00e9duction de 73% de la consommation \u00e9nerg\u00e9tique.<\/strong><\/span>\u00a0<span style=\"color: #000000;\">Symbole de New York \u00e0 l&rsquo;instar de la statue de la Libert\u00e9 ou du pont de Brooklyn, l&rsquo;Empire State Building, haut de 443 m\u00e8tres, est le gratte-ciel le plus haut de la ville depuis les attentats du 11 septembre 2001 qui avaient d\u00e9truit les tours du World Trade Center.<\/span><\/p>\n<p><span style=\"color: #000000;\">Construit en 1931, il est visit\u00e9 chaque ann\u00e9e par des centaines de milliers de touristes, et s&rsquo;illumine chaque soir de fa\u00e7on diff\u00e9rente pour c\u00e9l\u00e9brer f\u00eates, victoires ou anniversaires.<\/span><\/p>\n<address><span style=\"color: #000000;\">Source : AFP &#8211;\u00a008 mai 2012\u00a0<\/span><\/address>\n<address><span style=\"color: #000000;\">Cr\u00e9dit photo :\u00a0<a href=\"http:\/\/crefrance.ning.com\/\"><span style=\"color: #000000;\">http:\/\/crefrance.ning.com<\/span><\/a><\/span><\/address>\n<address>\u00a0<\/address>\n<address>\u00a0<\/address>\n<address>\u00a0<\/address>\n","protected":false},"excerpt":{"rendered":"<p>Des ampoules basse consommation pour l&rsquo;Empire State Building.\u00a0Le l\u00e9gendaire gratte-ciel Empire State Building, le plus haut de New York, va s&rsquo;\u00e9quiper d&rsquo;ampoules basses consommation LED, a annonc\u00e9 mardi le g\u00e9ant n\u00e9erlandais de l&rsquo;\u00e9lectronique Philips, qui va fournir les ampoules. Mondialement &hellip; <a href=\"https:\/\/claire-jannot.com\/?p=2270\">Continuer la lecture <span class=\"meta-nav\">&rarr;<\/span><\/a><\/p>\n","protected":false},"author":1,"featured_media":0,"comment_status":"open","ping_status":"open","sticky":false,"template":"","format":"standard","meta":{"jetpack_post_was_ever_published":false,"_jetpack_newsletter_access":"","_jetpack_dont_email_post_to_subs":false,"_jetpack_newsletter_tier_id":0,"_jetpack_memberships_contains_paywalled_content":false,"_jetpack_memberships_contains_paid_content":false,"footnotes":"","jetpack_publicize_message":"","jetpack_publicize_feature_enabled":true,"jetpack_social_post_already_shared":false,"jetpack_social_options":{"image_generator_settings":{"template":"highway","default_image_id":0,"font":"","enabled":false},"version":2}},"categories":[2],"tags":[26,3,4,5],"class_list":["post-2270","post","type-post","status-publish","format-standard","hentry","category-ecologie","tag-architecture","tag-consommation","tag-ecologie2","tag-environnement"],"jetpack_publicize_connections":[],"jetpack_featured_media_url":"","jetpack_sharing_enabled":true,"jetpack_shortlink":"https:\/\/wp.me\/p5jjt5-AC","_links":{"self":[{"href":"https:\/\/claire-jannot.com\/index.php?rest_route=\/wp\/v2\/posts\/2270","targetHints":{"allow":["GET"]}}],"collection":[{"href":"https:\/\/claire-jannot.com\/index.php?rest_route=\/wp\/v2\/posts"}],"about":[{"href":"https:\/\/claire-jannot.com\/index.php?rest_route=\/wp\/v2\/types\/post"}],"author":[{"embeddable":true,"href":"https:\/\/claire-jannot.com\/index.php?rest_route=\/wp\/v2\/users\/1"}],"replies":[{"embeddable":true,"href":"https:\/\/claire-jannot.com\/index.php?rest_route=%2Fwp%2Fv2%2Fcomments&post=2270"}],"version-history":[{"count":0,"href":"https:\/\/claire-jannot.com\/index.php?rest_route=\/wp\/v2\/posts\/2270\/revisions"}],"wp:attachment":[{"href":"https:\/\/claire-jannot.com\/index.php?rest_route=%2Fwp%2Fv2%2Fmedia&parent=2270"}],"wp:term":[{"taxonomy":"category","embeddable":true,"href":"https:\/\/claire-jannot.com\/index.php?rest_route=%2Fwp%2Fv2%2Fcategories&post=2270"},{"taxonomy":"post_tag","embeddable":true,"href":"https:\/\/claire-jannot.com\/index.php?rest_route=%2Fwp%2Fv2%2Ftags&post=2270"}],"curies":[{"name":"wp","href":"https:\/\/api.w.org\/{rel}","templated":true}]}}