{"id":2294,"date":"2012-05-12T14:41:15","date_gmt":"2012-05-12T13:41:15","guid":{"rendered":"http:\/\/www.clairejannot.com\/?p=2294"},"modified":"2014-11-29T15:15:17","modified_gmt":"2014-11-29T14:15:17","slug":"une-6e-fete-de-la-nature-sur-le-theme-des-oiseaux","status":"publish","type":"post","link":"https:\/\/claire-jannot.com\/?p=2294","title":{"rendered":"Une 6e F\u00eate de la Nature sur le th\u00e8me des oiseaux"},"content":{"rendered":"<h2>Observer le vol du Gypa\u00e8te barbu dans la Vanoise, d\u00e9couvrir les techniques de s\u00e9duction des oiseaux en p\u00e9riode pr\u00e9nuptiale en Seine-et-Marne ou apprendre \u00e0 fabriquer un nichoir pour petite m\u00e9sange bleue: mille et une fa\u00e7ons de f\u00eater la nature du 9 au 13 mai en France.<\/h2>\n<p><a href=\"https:\/\/i0.wp.com\/www.clairejannot.com\/wp-content\/uploads\/2012\/05\/fete-de-la-nature.jpg\"><img data-recalc-dims=\"1\" loading=\"lazy\" decoding=\"async\" class=\"alignleft size-full wp-image-2295\" title=\"fete-de-la-nature\" src=\"https:\/\/i0.wp.com\/www.clairejannot.com\/wp-content\/uploads\/2012\/05\/fete-de-la-nature.jpg?resize=266%2C400\" alt=\"\" width=\"266\" height=\"400\" \/><\/a>Des plages de Boulogne-sur-Mer aux montagnes des Pyr\u00e9n\u00e9es, de la mangrove guadeloup\u00e9enne \u00e0 la for\u00eat s\u00e8che de Nouvelle-Cal\u00e9donie, d\u00e9couvrez <strong>la F\u00eate de la nature, organis\u00e9e du 9\u00a0au\u00a013\u00a0mai\u00a02012.<\/strong><\/p>\n<p>La 6e \u00e9dition de la <strong>\u00ab\u00a0F\u00eate de la Nature\u00a0\u00bb<\/strong> avec son choix de pr\u00e8s de <strong>5.000 manifestations gratuites organis\u00e9es tant par des professionnels que des b\u00e9n\u00e9voles sur 1.500 lieux en ville, \u00e0 la mer, la montagne et dans les for\u00eats et champs, est plac\u00e9e sous le th\u00e8me \u00ab\u00a0Dr\u00f4les d&rsquo;oiseaux\u00a0\u00bb.<\/strong><\/p>\n<p>En cette ann\u00e9e du <strong>centenaire de la Ligue pour la protection des oiseaux (LPO)<\/strong>, mettre l&rsquo;avifaune \u00e0 l&rsquo;honneur s&rsquo;imposait. Avec un d\u00e9fi, celui d&rsquo;installer <strong>10.000 nichoirs<\/strong>, faciles \u00e0 fabriquer soi-m\u00eame avec quelques morceaux de bois.\u00a0\u00ab\u00a0Poser un nichoir, c&rsquo;est un geste simple qui peut avoir un effet positif sur la pr\u00e9servation de la biodiversit\u00e9\u00a0\u00bb, explique <strong>le pr\u00e9sident de la LPO Allain Bougrain Dubourg.<\/strong><br \/>\nL&rsquo;installation de nichoirs a d\u00e9j\u00e0 permis de maintenir, par exemple, en Alsace, <strong>la chouette Chev\u00eache d&rsquo;Athena<\/strong>, menac\u00e9e par la r\u00e9duction des lieux de nidification comme les arbres morts, de plus en plus syst\u00e9matiquement \u00e9limin\u00e9s, selon lui.<\/p>\n<p>Pour les Sherlock Holmes en herbe, une enqu\u00eate participative intitul\u00e9e <strong>\u00ab\u00a0devine qui vient nicher chez moi ?\u00a0\u00bb<\/strong> invite \u00e0 contribuer \u00e0 un inventaire d&rsquo;ici septembre des esp\u00e8ces les plus r\u00e9pandues. Il s&rsquo;agit de noter les observations faites sur son ou ses nichoirs, d&rsquo;\u00e9valuer le nombre d&rsquo;oeufs sans d\u00e9ranger les oiseaux, d&rsquo;inscrire la date d&rsquo;envol des petits et d&rsquo;en estimer le nombre, le tout <strong>sur le site internet enquetes.lpo.fr.<\/strong><\/p>\n<p>Les r\u00e9sultats alimenteront <strong>l&rsquo;Observatoire national des oiseaux des jardins<\/strong> cr\u00e9\u00e9 cette ann\u00e9e par la <strong>LPO<\/strong> et le <strong>Mus\u00e9um national d&rsquo;histoire naturelle.<\/strong><\/p>\n<p><strong>Poids plume ou pr\u00e9dateurs redout\u00e9s, l&rsquo;avifaune repr\u00e9sente autant d&rsquo;indicateurs pr\u00e9cieux de l&rsquo;\u00e9tat de la biodiversit\u00e9.<\/strong> En France les chercheurs ont \u00e9tabli que sur <strong>les 277 esp\u00e8ces d&rsquo;oiseaux nicheurs en m\u00e9tropole, 73 sont menac\u00e9es, soit environ une sur quatre.<\/strong><\/p>\n<p>A Paris, dans un <strong>Village Nature<\/strong> install\u00e9 au <strong>Jardin des Plantes de vendredi \u00e0 dimanche,<\/strong> des ornithologues expliqueront comment identifier les oiseaux nicheurs dans la capitale.\u00a0En Seine-et-Marne au <strong>domaine du Grand Voyeux<\/strong>, l&rsquo;Agence des espaces verts initie samedi aux techniques de s\u00e9duction des oiseaux pour la saison des amours. <strong>(www.aev-iledefrance.fr).<\/strong><\/p>\n<p><strong>Pour les amateurs de rapaces, le Parc national des C\u00e9vennes (vendredi) et celui de la Vanoise (samedi et dimanche) proposent d&rsquo;y d\u00e9couvrir le plus grand vautour d&rsquo;Europe, le Gypa\u00e8te barbu<\/strong>, d&rsquo;une envergure pouvant atteindre 2,85 m pour un poids allant jusqu&rsquo;\u00e0 7 kg. Il se nourrit surtout d&rsquo;os riches en moelle qu&rsquo;il laisse tomber sur les rochers pour qu&rsquo;ils se brisent.\u00a0Dans le Gard, les agents du Parc des Gorges du Gardon renseignent mercredi sur les coutumes de <strong>l&rsquo;aigle de Bonelli,<\/strong> dont seuls 31 couples survivent dans la nature en France, selon le recensement de 2011.<\/p>\n<p>La F\u00eate de la Nature a \u00e9t\u00e9 lanc\u00e9e en 2007 par le Comit\u00e9 fran\u00e7ais de l&rsquo;Union internationale pour la conservation de la nature et le magazine Terre Sauvage.<br \/>\nRenseignements sur :\u00a0<a href=\"http:\/\/www.fetedelanature.com\/\">www.fetedelanature.com<\/a><\/p>\n<p>&nbsp;<\/p>\n<address>Source\u00a0: AFP du 08 mai 2012<\/address>\n<address>\u00a0<\/address>\n<p>&nbsp;<\/p>\n","protected":false},"excerpt":{"rendered":"<p>Observer le vol du Gypa\u00e8te barbu dans la Vanoise, d\u00e9couvrir les techniques de s\u00e9duction des oiseaux en p\u00e9riode pr\u00e9nuptiale en Seine-et-Marne ou apprendre \u00e0 fabriquer un nichoir pour petite m\u00e9sange bleue: mille et une fa\u00e7ons de f\u00eater la nature du &hellip; <a href=\"https:\/\/claire-jannot.com\/?p=2294\">Continuer la lecture <span class=\"meta-nav\">&rarr;<\/span><\/a><\/p>\n","protected":false},"author":1,"featured_media":0,"comment_status":"open","ping_status":"open","sticky":false,"template":"","format":"standard","meta":{"jetpack_post_was_ever_published":false,"_jetpack_newsletter_access":"","_jetpack_dont_email_post_to_subs":false,"_jetpack_newsletter_tier_id":0,"_jetpack_memberships_contains_paywalled_content":false,"_jetpack_memberships_contains_paid_content":false,"footnotes":"","jetpack_publicize_message":"","jetpack_publicize_feature_enabled":true,"jetpack_social_post_already_shared":false,"jetpack_social_options":{"image_generator_settings":{"template":"highway","default_image_id":0,"font":"","enabled":false},"version":2}},"categories":[2],"tags":[4,5,11,48],"class_list":["post-2294","post","type-post","status-publish","format-standard","hentry","category-ecologie","tag-ecologie2","tag-environnement","tag-societe-2","tag-vie-animale"],"jetpack_publicize_connections":[],"jetpack_featured_media_url":"","jetpack_sharing_enabled":true,"jetpack_shortlink":"https:\/\/wp.me\/p5jjt5-B0","_links":{"self":[{"href":"https:\/\/claire-jannot.com\/index.php?rest_route=\/wp\/v2\/posts\/2294","targetHints":{"allow":["GET"]}}],"collection":[{"href":"https:\/\/claire-jannot.com\/index.php?rest_route=\/wp\/v2\/posts"}],"about":[{"href":"https:\/\/claire-jannot.com\/index.php?rest_route=\/wp\/v2\/types\/post"}],"author":[{"embeddable":true,"href":"https:\/\/claire-jannot.com\/index.php?rest_route=\/wp\/v2\/users\/1"}],"replies":[{"embeddable":true,"href":"https:\/\/claire-jannot.com\/index.php?rest_route=%2Fwp%2Fv2%2Fcomments&post=2294"}],"version-history":[{"count":1,"href":"https:\/\/claire-jannot.com\/index.php?rest_route=\/wp\/v2\/posts\/2294\/revisions"}],"predecessor-version":[{"id":5741,"href":"https:\/\/claire-jannot.com\/index.php?rest_route=\/wp\/v2\/posts\/2294\/revisions\/5741"}],"wp:attachment":[{"href":"https:\/\/claire-jannot.com\/index.php?rest_route=%2Fwp%2Fv2%2Fmedia&parent=2294"}],"wp:term":[{"taxonomy":"category","embeddable":true,"href":"https:\/\/claire-jannot.com\/index.php?rest_route=%2Fwp%2Fv2%2Fcategories&post=2294"},{"taxonomy":"post_tag","embeddable":true,"href":"https:\/\/claire-jannot.com\/index.php?rest_route=%2Fwp%2Fv2%2Ftags&post=2294"}],"curies":[{"name":"wp","href":"https:\/\/api.w.org\/{rel}","templated":true}]}}