{"id":2325,"date":"2012-05-15T09:23:51","date_gmt":"2012-05-15T08:23:51","guid":{"rendered":"http:\/\/www.clairejannot.com\/?p=2325"},"modified":"2014-11-15T13:20:11","modified_gmt":"2014-11-15T12:20:11","slug":"2325","status":"publish","type":"post","link":"https:\/\/claire-jannot.com\/?p=2325","title":{"rendered":"Vale continue son ravage de la Nouvelle Cal\u00e9donie"},"content":{"rendered":"<h2><span style=\"color: #000000;\">Apr\u00e8s avoir re\u00e7u la distinction de l\u2019entreprise la plus \u00ab\u00a0irrespectueuse de l\u2019environnement et des droits humains\u00a0\u00bb par La D\u00e9claration de Berne et Greenpeace en avril dernier ( voir : <a href=\"http:\/\/www.clairejannot.com\/?p=1874\">http:\/\/www.clairejannot.com\/?p=1874<\/a>\u00a0), Vale fait encore des siennes en Nouvelle Cal\u00e9donie.<\/span><\/h2>\n<p><span style=\"color: #000000;\"><strong>La deuxi\u00e8me entreprise mini\u00e8re du monde, le g\u00e9ant br\u00e9silien Vale a d\u00e9clar\u00e9 vendredi l&rsquo;\u00e9tat de force majeure dans son usine de traitement de nickel en Nouvelle-Cal\u00e9donie<\/strong>, \u00e0 l&rsquo;arr\u00eat depuis un incident, a indiqu\u00e9 la direction de Vale Nouvelle-Cal\u00e9donie.<\/span>\u00a0<span style=\"color: #000000;\"><strong>Mardi, une fuite s&rsquo;est produite \u00e0 l&rsquo;usine de production d&rsquo;acide sulfurique de ce gigantesque site m\u00e9tallurgique<\/strong> au sud de l&rsquo;archipel, suite \u00e0 la pr\u00e9sence d&rsquo;eau dans les circuits de production.<\/span><\/p>\n<p><strong><span style=\"color: #000000;\">\u00ab\u00a0Nous avons d\u00e9clar\u00e9 l&rsquo;\u00e9tat de force majeure vendredi pour ce qui concerne les ventes de nickel \u00e0 notre client australien Queensland Nickel et aussi Vale\u00a0\u00bb, a d\u00e9clar\u00e9 \u00e0 l&rsquo;AFP Yves Roussel, directeur d\u00e9l\u00e9gu\u00e9 de Vale NC.<\/span><\/strong><\/p>\n<p><span style=\"color: #000000;\">Il a \u00e9galement indiqu\u00e9 qu&rsquo;une op\u00e9ration de pompage d&rsquo;environ 500 tonnes d&rsquo;acide \u00e9tait en cours, avant une neutralisation dans du calcaire et de la chaux. <strong>Aucun dommage \u00e0 l&rsquo;environnement n&rsquo;aurait jusqu&rsquo;alors \u00e9t\u00e9 observ\u00e9.<\/strong><\/span><\/p>\n<p><span style=\"color: #000000;\">\u00ab\u00a0Il faut maintenant trouver une m\u00e9thode pour <strong>purger l&rsquo;usine<\/strong> dans laquelle il y a d\u00e9sormais du gaz, dans des conditions strictes de respect de l&rsquo;environnement et de la s\u00e9curit\u00e9\u00a0\u00bb, a d\u00e9clar\u00e9 <strong>M. Roussel<\/strong>, qualifiant cet incident \u00ab\u00a0d&rsquo;important\u00a0\u00bb, m\u00eame si ses cons\u00e9quences ne sont pas encore identifiables.<\/span><\/p>\n<p><strong><span style=\"color: #000000;\">Cet incident intervient apr\u00e8s qu&rsquo;un employ\u00e9 a \u00e9t\u00e9 r\u00e9cemment br\u00fbl\u00e9 au visage par des projections d&rsquo;acide. Auparavant, en 2009, une fuite de quelque 41.000 litres d&rsquo;acide avait caus\u00e9 de nombreux d\u00e9g\u00e2ts \u00e0 l&rsquo;environnement. <\/span><\/strong><\/p>\n<p><span style=\"color: #000000;\">Vale Nouvelle-Cal\u00e9donie a \u00e9t\u00e9 condamn\u00e9 <strong>en avril dernier \u00e0 une amende pour cette fuite avant une proc\u00e9dure au civil sur la disparition de la faune et de la flore que l&rsquo;acide a engendr\u00e9e.<\/strong><\/span><br \/> <span style=\"color: #000000;\"><br \/> <\/span><span style=\"color: #000000;\"><strong>Situ\u00e9e en bordure d&rsquo;une magnifique baie du grand sud cal\u00e9donien, \u00e0 la biodiversit\u00e9 unique au monde,<\/strong> l&rsquo;usine est en proie depuis plusieurs ann\u00e9es \u00e0 des incidents techniques, suscitant des conflits avec les populations locales.<\/span><\/p>\n<address><span style=\"color: #000000;\">Source : AFP &#8211; 11 mai 2012<\/span><\/address>\n<address>\u00a0<\/address>\n<address>\u00a0<\/address>\n<address>\u00a0<\/address>\n<address>\u00a0<\/address>\n","protected":false},"excerpt":{"rendered":"<p>Apr\u00e8s avoir re\u00e7u la distinction de l\u2019entreprise la plus \u00ab\u00a0irrespectueuse de l\u2019environnement et des droits humains\u00a0\u00bb par La D\u00e9claration de Berne et Greenpeace en avril dernier ( voir : http:\/\/www.clairejannot.com\/?p=1874\u00a0), Vale fait encore des siennes en Nouvelle Cal\u00e9donie. La deuxi\u00e8me &hellip; <a href=\"https:\/\/claire-jannot.com\/?p=2325\">Continuer la lecture <span class=\"meta-nav\">&rarr;<\/span><\/a><\/p>\n","protected":false},"author":1,"featured_media":0,"comment_status":"open","ping_status":"open","sticky":false,"template":"","format":"standard","meta":{"jetpack_post_was_ever_published":false,"_jetpack_newsletter_access":"","_jetpack_dont_email_post_to_subs":false,"_jetpack_newsletter_tier_id":0,"_jetpack_memberships_contains_paywalled_content":false,"_jetpack_memberships_contains_paid_content":false,"footnotes":"","jetpack_publicize_message":"","jetpack_publicize_feature_enabled":true,"jetpack_social_post_already_shared":false,"jetpack_social_options":{"image_generator_settings":{"template":"highway","default_image_id":0,"font":"","enabled":false},"version":2}},"categories":[2],"tags":[4,44,5,10],"class_list":["post-2325","post","type-post","status-publish","format-standard","hentry","category-ecologie","tag-ecologie2","tag-energie","tag-environnement","tag-sante"],"jetpack_publicize_connections":[],"jetpack_featured_media_url":"","jetpack_sharing_enabled":true,"jetpack_shortlink":"https:\/\/wp.me\/s5jjt5-2325","_links":{"self":[{"href":"https:\/\/claire-jannot.com\/index.php?rest_route=\/wp\/v2\/posts\/2325","targetHints":{"allow":["GET"]}}],"collection":[{"href":"https:\/\/claire-jannot.com\/index.php?rest_route=\/wp\/v2\/posts"}],"about":[{"href":"https:\/\/claire-jannot.com\/index.php?rest_route=\/wp\/v2\/types\/post"}],"author":[{"embeddable":true,"href":"https:\/\/claire-jannot.com\/index.php?rest_route=\/wp\/v2\/users\/1"}],"replies":[{"embeddable":true,"href":"https:\/\/claire-jannot.com\/index.php?rest_route=%2Fwp%2Fv2%2Fcomments&post=2325"}],"version-history":[{"count":1,"href":"https:\/\/claire-jannot.com\/index.php?rest_route=\/wp\/v2\/posts\/2325\/revisions"}],"predecessor-version":[{"id":5498,"href":"https:\/\/claire-jannot.com\/index.php?rest_route=\/wp\/v2\/posts\/2325\/revisions\/5498"}],"wp:attachment":[{"href":"https:\/\/claire-jannot.com\/index.php?rest_route=%2Fwp%2Fv2%2Fmedia&parent=2325"}],"wp:term":[{"taxonomy":"category","embeddable":true,"href":"https:\/\/claire-jannot.com\/index.php?rest_route=%2Fwp%2Fv2%2Fcategories&post=2325"},{"taxonomy":"post_tag","embeddable":true,"href":"https:\/\/claire-jannot.com\/index.php?rest_route=%2Fwp%2Fv2%2Ftags&post=2325"}],"curies":[{"name":"wp","href":"https:\/\/api.w.org\/{rel}","templated":true}]}}