{"id":2395,"date":"2012-05-18T14:29:17","date_gmt":"2012-05-18T13:29:17","guid":{"rendered":"http:\/\/www.clairejannot.com\/?p=2395"},"modified":"2014-11-15T13:17:32","modified_gmt":"2014-11-15T12:17:32","slug":"energie-sale-greenpeace-contre-apple","status":"publish","type":"post","link":"https:\/\/claire-jannot.com\/?p=2395","title":{"rendered":"Energie sale : Greenpeace contre Apple"},"content":{"rendered":"<h2><span style=\"color: #000000;\">Deux militants de Greenpeace ont \u00e9t\u00e9 arr\u00eat\u00e9s mardi devant le si\u00e8ge d&rsquo;Apple en Californie lors d&rsquo;une action destin\u00e9e \u00e0 d\u00e9noncer l'\u00a0\u00bb\u00e9nergie sale\u00a0\u00bb \u00e0 laquelle Apple aurait recours, selon l&rsquo;organisation, pour fournir de l&rsquo;\u00e9lectricit\u00e9 \u00e0 ses \u00ab\u00a0centres de donn\u00e9es\u00a0\u00bb.<\/span><\/h2>\n<div id=\"attachment_2396\" style=\"width: 310px\" class=\"wp-caption alignleft\"><span style=\"color: #000000;\"><a href=\"https:\/\/i0.wp.com\/www.clairejannot.com\/wp-content\/uploads\/2012\/05\/greenpeace.jpg\"><span style=\"color: #000000;\"><img data-recalc-dims=\"1\" loading=\"lazy\" decoding=\"async\" aria-describedby=\"caption-attachment-2396\" class=\"size-medium wp-image-2396\" title=\"greenpeace\" src=\"https:\/\/i0.wp.com\/www.clairejannot.com\/wp-content\/uploads\/2012\/05\/greenpeace-300x204.jpg?resize=300%2C204\" alt=\"\" width=\"300\" height=\"204\" \/><\/span><\/a><\/span><p id=\"caption-attachment-2396\" class=\"wp-caption-text\">Action \u00e0 l&#39;Apple store du Louvre \u00e0 Paris - Cr\u00e9dits photographiques : Greenpeace France\/ Emile Loreaux<\/p><\/div>\n<p><span style=\"color: #000000;\">Les militants s&rsquo;\u00e9taient enferm\u00e9s dans une sorte de capsule g\u00e9ante blanche, haute de 2,5 m, install\u00e9e devant le si\u00e8ge de la soci\u00e9t\u00e9 \u00e0 <strong>Cupertino<\/strong>.<\/span><\/p>\n<p><span style=\"color: #000000;\"><strong>Greenpeace<\/strong> a confirm\u00e9 l&rsquo;arrestation de ses deux membres par la police, mais n&rsquo;\u00e9tait pas en mesure de dire quelles sont les accusations qui p\u00e8sent contre eux.\u00a0Avant leur arrestation, les militants avaient diffus\u00e9 des messages enregistr\u00e9s <strong>exhortant Apple \u00e0 avoir recours \u00e0 de l'\u00a0\u00bb\u00e9nergie propre\u00a0\u00bb pour fournir l&rsquo;\u00e9lectricit\u00e9 n\u00e9cessaire au fonctionnement de ses \u00ab\u00a0centres num\u00e9riques\u00a0\u00bb o\u00f9 sont notamment stock\u00e9es les donn\u00e9es du \u00ab\u00a0cloud\u00a0\u00bb.<\/strong> <strong>Le \u00ab\u00a0cloud\u00a0\u00bb, ou \u00ab\u00a0nuage informatique\u00a0\u00bb, permet de g\u00e9rer \u00e0 travers internet des donn\u00e9es informatiques stock\u00e9es dans des serveurs distants.<\/strong><\/span><\/p>\n<p><span style=\"color: #000000;\">Greenpeace accuse Apple d&rsquo;utiliser de l&rsquo;\u00e9lectricit\u00e9 produite \u00e0 l&rsquo;aide de <strong>charbon<\/strong>, un proc\u00e9d\u00e9 polluant, pour faire fonctionner ces centres de donn\u00e9es.<\/span><\/p>\n<p><span style=\"color: #000000;\">\u00ab\u00a0Jusqu&rsquo;\u00e0 maintenant, les responsables d&rsquo;Apple ont ignor\u00e9 les centaines de milliers de personnes qui leur demandent d&rsquo;user de leur influence pour mettre en place un <strong>+nuage informatique+ fonctionnant \u00e0 l&rsquo;aide d&rsquo;\u00e9nergies renouvelables\u00a0\u00bb<\/strong>, a lanc\u00e9 le <strong>directeur de Greenpeace pour les Etats-Unis, Phil Radford.<\/strong><\/span><\/p>\n<p><span style=\"color: #000000;\">Apple a rejet\u00e9 ces accusations, expliquant notamment que l&rsquo;\u00e9lectricit\u00e9 utilis\u00e9e par son nouveau centre de donn\u00e9es situ\u00e9 en Caroline du Nord (sud-est des Etats-Unis) devrait \u00e0 terme provenir \u00e0 60% d&rsquo;\u00e9nergies renouvelables.<\/span><\/p>\n<p><span style=\"color: #000000;\">Source :\u00a0AFP -15 mai 2012\u00a0<\/span><\/p>\n<p><span style=\"color: #000000;\">Cr\u00e9dit photo :\u00a0<a href=\"http:\/\/blog.greenpeace.fr\/\">http:\/\/blog.greenpeace.fr\/<\/a><\/span><\/p>\n","protected":false},"excerpt":{"rendered":"<p>Deux militants de Greenpeace ont \u00e9t\u00e9 arr\u00eat\u00e9s mardi devant le si\u00e8ge d&rsquo;Apple en Californie lors d&rsquo;une action destin\u00e9e \u00e0 d\u00e9noncer l&rsquo;\u00a0\u00bb\u00e9nergie sale\u00a0\u00bb \u00e0 laquelle Apple aurait recours, selon l&rsquo;organisation, pour fournir de l&rsquo;\u00e9lectricit\u00e9 \u00e0 ses \u00ab\u00a0centres de donn\u00e9es\u00a0\u00bb. Les militants &hellip; <a href=\"https:\/\/claire-jannot.com\/?p=2395\">Continuer la lecture <span class=\"meta-nav\">&rarr;<\/span><\/a><\/p>\n","protected":false},"author":1,"featured_media":0,"comment_status":"open","ping_status":"open","sticky":false,"template":"","format":"standard","meta":{"jetpack_post_was_ever_published":false,"_jetpack_newsletter_access":"","_jetpack_dont_email_post_to_subs":false,"_jetpack_newsletter_tier_id":0,"_jetpack_memberships_contains_paywalled_content":false,"_jetpack_memberships_contains_paid_content":false,"footnotes":"","jetpack_publicize_message":"","jetpack_publicize_feature_enabled":true,"jetpack_social_post_already_shared":false,"jetpack_social_options":{"image_generator_settings":{"template":"highway","default_image_id":0,"font":"","enabled":false},"version":2}},"categories":[2],"tags":[4,44,5],"class_list":["post-2395","post","type-post","status-publish","format-standard","hentry","category-ecologie","tag-ecologie2","tag-energie","tag-environnement"],"jetpack_publicize_connections":[],"jetpack_featured_media_url":"","jetpack_sharing_enabled":true,"jetpack_shortlink":"https:\/\/wp.me\/p5jjt5-CD","_links":{"self":[{"href":"https:\/\/claire-jannot.com\/index.php?rest_route=\/wp\/v2\/posts\/2395","targetHints":{"allow":["GET"]}}],"collection":[{"href":"https:\/\/claire-jannot.com\/index.php?rest_route=\/wp\/v2\/posts"}],"about":[{"href":"https:\/\/claire-jannot.com\/index.php?rest_route=\/wp\/v2\/types\/post"}],"author":[{"embeddable":true,"href":"https:\/\/claire-jannot.com\/index.php?rest_route=\/wp\/v2\/users\/1"}],"replies":[{"embeddable":true,"href":"https:\/\/claire-jannot.com\/index.php?rest_route=%2Fwp%2Fv2%2Fcomments&post=2395"}],"version-history":[{"count":1,"href":"https:\/\/claire-jannot.com\/index.php?rest_route=\/wp\/v2\/posts\/2395\/revisions"}],"predecessor-version":[{"id":5662,"href":"https:\/\/claire-jannot.com\/index.php?rest_route=\/wp\/v2\/posts\/2395\/revisions\/5662"}],"wp:attachment":[{"href":"https:\/\/claire-jannot.com\/index.php?rest_route=%2Fwp%2Fv2%2Fmedia&parent=2395"}],"wp:term":[{"taxonomy":"category","embeddable":true,"href":"https:\/\/claire-jannot.com\/index.php?rest_route=%2Fwp%2Fv2%2Fcategories&post=2395"},{"taxonomy":"post_tag","embeddable":true,"href":"https:\/\/claire-jannot.com\/index.php?rest_route=%2Fwp%2Fv2%2Ftags&post=2395"}],"curies":[{"name":"wp","href":"https:\/\/api.w.org\/{rel}","templated":true}]}}