{"id":2485,"date":"2012-05-23T14:03:56","date_gmt":"2012-05-23T13:03:56","guid":{"rendered":"http:\/\/www.clairejannot.com\/?p=2485"},"modified":"2015-01-06T21:14:04","modified_gmt":"2015-01-06T20:14:04","slug":"energies-renouvelables-mesures-a-prendre-durgence","status":"publish","type":"post","link":"https:\/\/claire-jannot.com\/?p=2485","title":{"rendered":"Energies renouvelables : mesures \u00e0 prendre d&rsquo;urgence"},"content":{"rendered":"<h2><span style=\"color: #000000;\">Le syndicat des \u00e9nergies renouvelables (SER) et l&rsquo;association des professionnels de l&rsquo;\u00e9lectricit\u00e9 solaire Enerplan ont propos\u00e9 chacun des mesures d&rsquo;urgence au nouveau gouvernement pour relancer leur secteur, mis en difficult\u00e9 par la r\u00e9vision de r\u00e9gimes d&rsquo;aide l&rsquo;an dernier.<\/span><\/h2>\n<p><span style=\"color: #000000;\"><strong>Le SER<\/strong> a salu\u00e9 lundi dans un communiqu\u00e9 la nomination de <strong>Nicole Bricq<\/strong> \u00e0 la t\u00eate d&rsquo;un minist\u00e8re qui regroupe <strong>l&rsquo;Ecologie, le d\u00e9veloppement durable et l&rsquo;\u00e9nergie<\/strong> (auparavant rattach\u00e9e \u00e0 Bercy), et a soulign\u00e9 <strong>\u00ab\u00a0l&rsquo;urgence de prendre plusieurs mesures pour enclencher une nouvelle dynamique de croissance\u00a0\u00bb des \u00e9nergies renouvelables.<\/strong><\/span><\/p>\n<p><span style=\"color: #000000;\">Ces propositions incluent<\/span><strong style=\"color: #000000;\"> l&rsquo;int\u00e9gration des \u00e9nergies renouvelables dans le plan de r\u00e9novation des b\u00e2timents<\/strong><span style=\"color: #000000;\"> promis par le gouvernement, <\/span><strong style=\"color: #000000;\">le doublement du Fonds chaleur au profit de sources d&rsquo;\u00e9nergie renouvelables, la simplification des r\u00e8gles administratives dans l&rsquo;\u00e9olien<\/strong><span style=\"color: #000000;\">, mais aussi le lancement au second semestre (comme l&rsquo;avait annonc\u00e9 l&rsquo;ancien gouvernement) du <\/span><strong><span style=\"color: #000000;\">deuxi\u00e8me appel d&rsquo;offres pour des parcs \u00e9oliens au large des c\u00f4tes fran\u00e7aises.<\/span>\u00a0<\/strong><span style=\"color: #000000;\">Le SER f\u00e9d\u00e8re plus de 500 adh\u00e9rents dans l&rsquo;ensemble des \u00e9nergies renouvelables.<\/span><\/p>\n<p><span style=\"color: #000000;\">De son c\u00f4t\u00e9, <strong>Enerplan<\/strong> a demand\u00e9 au nouveau gouvernement de <strong>\u00ab\u00a0stabiliser\u00a0\u00bb les tarifs d&rsquo;achat de l&rsquo;\u00e9lectricit\u00e9 solaire \u00e0 leur niveau du premier trimestre, \u00ab\u00a0pour maintenir une rentabilit\u00e9 \u00e9conomique raisonnable\u00a0\u00bb et \u00ab\u00a0redynamiser le march\u00e9\u00a0\u00bb<\/strong>, selon un communiqu\u00e9.<\/span><\/p>\n<p><span style=\"color: #000000;\">Ces tarifs n&rsquo;ont cess\u00e9 de diminuer depuis l&rsquo;instauration en 2011 d&rsquo;un nouveau r\u00e9gime de soutien aux \u00e9nergies renouvelables beaucoup moins g\u00e9n\u00e9reux que l&rsquo;ancien syst\u00e8me, qui s&rsquo;\u00e9tait av\u00e9r\u00e9 trop co\u00fbteux. Ils sont d\u00e9sormais revus tous les trois mois et ont d\u00e9j\u00e0 \u00e9t\u00e9 abaiss\u00e9s \u00e0 cinq reprises depuis la fin du moratoire qui avait \u00e9t\u00e9 d\u00e9cr\u00e9t\u00e9 fin 2010.<\/span><\/p>\n<p><strong><span style=\"color: #000000;\">Enerplan demande aussi que le tarif de rachat, qui a \u00e9t\u00e9 restreint aux installations de faible puissance (100 kilowatt-cr\u00eate maximum, celles d\u00e9passant ce niveau \u00e9tant soumises \u00e0 des appels d&rsquo;offres), soit \u00e9tendu aux installations moyennes (jusqu&rsquo;\u00e0 250 kWc), une proposition \u00e9galement soutenue par le SER.<\/span><\/strong><\/p>\n<p><span style=\"color: #000000;\">Enfin, Enerplan appelle le gouvernement \u00e0 \u00ab\u00a0relancer l&rsquo;int\u00e9r\u00eat\u00a0\u00bb des Fran\u00e7ais pour l&rsquo;\u00e9nergie solaire, via une<strong> \u00ab\u00a0communication positive\u00a0\u00bb<\/strong> sur ses atouts.<\/span><\/p>\n<address>\u00a0<\/address>\n<address>\u00a0<\/address>\n<address>\u00a0<\/address>\n<address><span style=\"color: #000000;\">Source : AFP &#8211;\u00a021 mai 2012\u00a0<\/span><\/address>\n<address>\u00a0<\/address>\n<address>\u00a0<\/address>\n<address>\u00a0<\/address>\n<address>\u00a0<\/address>\n","protected":false},"excerpt":{"rendered":"<p>Le syndicat des \u00e9nergies renouvelables (SER) et l&rsquo;association des professionnels de l&rsquo;\u00e9lectricit\u00e9 solaire Enerplan ont propos\u00e9 chacun des mesures d&rsquo;urgence au nouveau gouvernement pour relancer leur secteur, mis en difficult\u00e9 par la r\u00e9vision de r\u00e9gimes d&rsquo;aide l&rsquo;an dernier. Le SER &hellip; <a href=\"https:\/\/claire-jannot.com\/?p=2485\">Continuer la lecture <span class=\"meta-nav\">&rarr;<\/span><\/a><\/p>\n","protected":false},"author":1,"featured_media":0,"comment_status":"open","ping_status":"open","sticky":false,"template":"","format":"standard","meta":{"jetpack_post_was_ever_published":false,"_jetpack_newsletter_access":"","_jetpack_dont_email_post_to_subs":false,"_jetpack_newsletter_tier_id":0,"_jetpack_memberships_contains_paywalled_content":false,"_jetpack_memberships_contains_paid_content":false,"footnotes":"","jetpack_publicize_message":"","jetpack_publicize_feature_enabled":true,"jetpack_social_post_already_shared":false,"jetpack_social_options":{"image_generator_settings":{"template":"highway","default_image_id":0,"font":"","enabled":false},"version":2}},"categories":[2],"tags":[26,51,3,4,44,5,11],"class_list":["post-2485","post","type-post","status-publish","format-standard","hentry","category-ecologie","tag-architecture","tag-climat","tag-consommation","tag-ecologie2","tag-energie","tag-environnement","tag-societe-2"],"jetpack_publicize_connections":[],"jetpack_featured_media_url":"","jetpack_sharing_enabled":true,"jetpack_shortlink":"https:\/\/wp.me\/p5jjt5-E5","_links":{"self":[{"href":"https:\/\/claire-jannot.com\/index.php?rest_route=\/wp\/v2\/posts\/2485","targetHints":{"allow":["GET"]}}],"collection":[{"href":"https:\/\/claire-jannot.com\/index.php?rest_route=\/wp\/v2\/posts"}],"about":[{"href":"https:\/\/claire-jannot.com\/index.php?rest_route=\/wp\/v2\/types\/post"}],"author":[{"embeddable":true,"href":"https:\/\/claire-jannot.com\/index.php?rest_route=\/wp\/v2\/users\/1"}],"replies":[{"embeddable":true,"href":"https:\/\/claire-jannot.com\/index.php?rest_route=%2Fwp%2Fv2%2Fcomments&post=2485"}],"version-history":[{"count":1,"href":"https:\/\/claire-jannot.com\/index.php?rest_route=\/wp\/v2\/posts\/2485\/revisions"}],"predecessor-version":[{"id":5497,"href":"https:\/\/claire-jannot.com\/index.php?rest_route=\/wp\/v2\/posts\/2485\/revisions\/5497"}],"wp:attachment":[{"href":"https:\/\/claire-jannot.com\/index.php?rest_route=%2Fwp%2Fv2%2Fmedia&parent=2485"}],"wp:term":[{"taxonomy":"category","embeddable":true,"href":"https:\/\/claire-jannot.com\/index.php?rest_route=%2Fwp%2Fv2%2Fcategories&post=2485"},{"taxonomy":"post_tag","embeddable":true,"href":"https:\/\/claire-jannot.com\/index.php?rest_route=%2Fwp%2Fv2%2Ftags&post=2485"}],"curies":[{"name":"wp","href":"https:\/\/api.w.org\/{rel}","templated":true}]}}