{"id":2587,"date":"2012-05-25T22:38:11","date_gmt":"2012-05-25T21:38:11","guid":{"rendered":"http:\/\/www.clairejannot.com\/?p=2587"},"modified":"2015-01-17T16:59:25","modified_gmt":"2015-01-17T15:59:25","slug":"sanex-zero-nettoie-nos-plages-preferees","status":"publish","type":"post","link":"https:\/\/claire-jannot.com\/?p=2587","title":{"rendered":"Sanex Z\u00e9ro% nettoie nos plages pr\u00e9f\u00e9r\u00e9es"},"content":{"rendered":"<div>\n<h2><span style=\"color: #000000;\">Sanex Z\u00e9ro% d\u00e9cide de s&rsquo;associer \u00e0 l&rsquo;ONG Surfrider Foundation et en particulier \u00e0 son op\u00e9ration annuelle de nettoyage des plages, les Initiatives Oc\u00e9anes. <\/span><\/h2>\n<p><span style=\"color: #000000;\"><a href=\"https:\/\/i0.wp.com\/www.clairejannot.com\/wp-content\/uploads\/2012\/05\/marcelgreen.jpg\"><img data-recalc-dims=\"1\" loading=\"lazy\" decoding=\"async\" class=\"alignleft  wp-image-2589\" title=\"marcelgreen\" src=\"https:\/\/i0.wp.com\/www.clairejannot.com\/wp-content\/uploads\/2012\/05\/marcelgreen.jpg?resize=420%2C314\" alt=\"\" width=\"420\" height=\"314\" \/><\/a>Vous avez certainement d\u00e9j\u00e0 crois\u00e9e la marque <strong>Sanex<\/strong> dans les lin\u00e9aires de votre supermarch\u00e9 et peut-\u00eatre avez-vous m\u00eame d\u00e9j\u00e0 dans votre salle de bain un flacon de sa gamme <strong>Sanex Z\u00e9ro%\u00a0<\/strong><\/span><span style=\"color: #000000;\">qui en plus d&rsquo;\u00eatre <strong>biod\u00e9gradable a le bon gout d&rsquo;int\u00e9grer des eco-recharges.\u00a0<\/strong><\/span><span style=\"color: #000000;\">Son partenariat avec <strong>Surfrider Foundation a vu le jour en 2009<\/strong><\/span><strong><span style=\"color: #000000;\">\u00a0avec l&rsquo;op\u00e9ration \u00ab\u00a01 gel douche Sanex Z\u00e9ro% achet\u00e9 = 1m2 de rivage nettoy\u00e9<\/span><\/strong><span style=\"color: #000000;\"><strong>\u00ab\u00a0.<\/strong> Op\u00e9ration qui <strong>a d\u00e9j\u00e0 permis le nettoyage de plus de 6 milions de m\u00e8tres carr\u00e9 de plage!<\/strong><\/span><\/p>\n<\/div>\n<div>\n<p><span style=\"color: #000000;\">Fort de ce premier succ\u00e8s, l&rsquo;initiative se voit enrichie en 2012, <strong>d&rsquo;un nouveau site internet et surtout d&rsquo;un jeu viral\u00a0qui permet aux internautes de voter pour la plage qu&rsquo;ils souhaitent voir nettoy\u00e9e en priorit\u00e9.<\/strong>\u00a0<\/span><\/p>\n<p><span style=\"color: #000000;\">Ce sont en revanche\u00a0les plages de m\u00e9dit\u00e9rann\u00e9e qui accueilleront cet \u00e9t\u00e9 le <strong>\u00ab\u00a0beach tour\u00a0\u00bb<\/strong> organis\u00e9 par <strong>Sanex<\/strong>\u00a0pour faire la promotion de son initiative et pr\u00e9senter les petits derniers de sa gamme<strong> \u00ab\u00a0Z\u00e9ro%\u00a0\u00bb<\/strong>: un produit nourrissant pour les peaux s\u00e8ches et une formule familiale pour peaux normales, toutes deux <strong>sans Parabens, sans phthalates et sans phenoxy\u00e9thanol \u00e9videmment.\u00a0<\/strong><\/span><\/p>\n<p><span style=\"color: #000000;\">Pour en savoir plus sur l&rsquo;op\u00e9ration et participer au vote, rendez-vous sur le site <strong>www.sanexzero.fr<\/strong><\/span><\/p>\n<p>&nbsp;<\/p>\n<p>&nbsp;<\/p>\n<p><span style=\"color: #000000;\">Source : www.marcelgreen.com<\/span><\/p>\n<\/div>\n","protected":false},"excerpt":{"rendered":"<p>Sanex Z\u00e9ro% d\u00e9cide de s&rsquo;associer \u00e0 l&rsquo;ONG Surfrider Foundation et en particulier \u00e0 son op\u00e9ration annuelle de nettoyage des plages, les Initiatives Oc\u00e9anes. Vous avez certainement d\u00e9j\u00e0 crois\u00e9e la marque Sanex dans les lin\u00e9aires de votre supermarch\u00e9 et peut-\u00eatre avez-vous &hellip; <a href=\"https:\/\/claire-jannot.com\/?p=2587\">Continuer la lecture <span class=\"meta-nav\">&rarr;<\/span><\/a><\/p>\n","protected":false},"author":1,"featured_media":0,"comment_status":"open","ping_status":"open","sticky":false,"template":"","format":"standard","meta":{"jetpack_post_was_ever_published":false,"_jetpack_newsletter_access":"","_jetpack_dont_email_post_to_subs":false,"_jetpack_newsletter_tier_id":0,"_jetpack_memberships_contains_paywalled_content":false,"_jetpack_memberships_contains_paid_content":false,"footnotes":"","jetpack_publicize_message":"","jetpack_publicize_feature_enabled":true,"jetpack_social_post_already_shared":false,"jetpack_social_options":{"image_generator_settings":{"template":"highway","default_image_id":0,"font":"","enabled":false},"version":2}},"categories":[2],"tags":[22,3,4,5,52,19],"class_list":["post-2587","post","type-post","status-publish","format-standard","hentry","category-ecologie","tag-biologique","tag-consommation","tag-ecologie2","tag-environnement","tag-oceans","tag-recyclage"],"jetpack_publicize_connections":[],"jetpack_featured_media_url":"","jetpack_sharing_enabled":true,"jetpack_shortlink":"https:\/\/wp.me\/p5jjt5-FJ","_links":{"self":[{"href":"https:\/\/claire-jannot.com\/index.php?rest_route=\/wp\/v2\/posts\/2587","targetHints":{"allow":["GET"]}}],"collection":[{"href":"https:\/\/claire-jannot.com\/index.php?rest_route=\/wp\/v2\/posts"}],"about":[{"href":"https:\/\/claire-jannot.com\/index.php?rest_route=\/wp\/v2\/types\/post"}],"author":[{"embeddable":true,"href":"https:\/\/claire-jannot.com\/index.php?rest_route=\/wp\/v2\/users\/1"}],"replies":[{"embeddable":true,"href":"https:\/\/claire-jannot.com\/index.php?rest_route=%2Fwp%2Fv2%2Fcomments&post=2587"}],"version-history":[{"count":1,"href":"https:\/\/claire-jannot.com\/index.php?rest_route=\/wp\/v2\/posts\/2587\/revisions"}],"predecessor-version":[{"id":5864,"href":"https:\/\/claire-jannot.com\/index.php?rest_route=\/wp\/v2\/posts\/2587\/revisions\/5864"}],"wp:attachment":[{"href":"https:\/\/claire-jannot.com\/index.php?rest_route=%2Fwp%2Fv2%2Fmedia&parent=2587"}],"wp:term":[{"taxonomy":"category","embeddable":true,"href":"https:\/\/claire-jannot.com\/index.php?rest_route=%2Fwp%2Fv2%2Fcategories&post=2587"},{"taxonomy":"post_tag","embeddable":true,"href":"https:\/\/claire-jannot.com\/index.php?rest_route=%2Fwp%2Fv2%2Ftags&post=2587"}],"curies":[{"name":"wp","href":"https:\/\/api.w.org\/{rel}","templated":true}]}}