{"id":2824,"date":"2012-06-13T16:12:35","date_gmt":"2012-06-13T15:12:35","guid":{"rendered":"http:\/\/www.clairejannot.com\/?p=2824"},"modified":"2015-01-17T16:58:53","modified_gmt":"2015-01-17T15:58:53","slug":"japon-gigantesque-gaspillage-de-chair-de-baleine","status":"publish","type":"post","link":"https:\/\/claire-jannot.com\/?p=2824","title":{"rendered":"Japon : Gigantesque gaspillage de chair de baleine"},"content":{"rendered":"<h2><span style=\"color: #000000;\">75% de la chair de baleine issue de la campagne de p\u00eache japonaise l&rsquo;an dernier n&rsquo;ont pas trouv\u00e9 preneurs, malgr\u00e9 les tentatives r\u00e9p\u00e9t\u00e9es de vente aux ench\u00e8res, ont indiqu\u00e9 mercredi des responsables japonais.<\/span><\/h2>\n<p><span style=\"color: #000000;\">L&rsquo;Institut nippon de recherche sur les c\u00e9tac\u00e9s, une <strong>structure semi-publique qui organise les missions de chasse \u00e0 la baleine<\/strong>, a reconnu qu&rsquo;environ <strong>75% des quelque 1.200 tonnes de chair propos\u00e9es \u00e9taient invendus.<\/strong><\/span><\/p>\n<p><span style=\"color: #000000;\">L&rsquo;organisme a pourtant ouvert des ventes aux ench\u00e8res r\u00e9guli\u00e8res entre novembre et mars pour \u00e9couler <strong>la marchandise congel\u00e9e provenant des sp\u00e9cimens captur\u00e9s dans les eaux du nord-ouest Pacifique<\/strong>, dans le but de promouvoir la consommation de baleine et d&rsquo;augmenter les recettes.<\/span>\u00a0<span style=\"color: #000000;\">Mais ce proc\u00e9d\u00e9 s&rsquo;est av\u00e9r\u00e9 \u00eatre un \u00e9chec, les grossistes et commer\u00e7ants ayant boud\u00e9 la chair en question <strong>afin d&rsquo;\u00e9viter les ennuis avec les militants d\u00e9fenseurs d&rsquo;esp\u00e8ces<\/strong> qu&rsquo;ils jugent menac\u00e9es.<\/span><br \/> <span style=\"color: #000000;\">\u00ab\u00a0Nous devons penser \u00e0 de nouvelles fa\u00e7ons de commercialiser cette chair de baleine\u00a0\u00bb, s&rsquo;est d\u00e9sol\u00e9 un responsable de l&rsquo;institut.<\/span><\/p>\n<p><span style=\"color: #000000;\">Dans un rapport r\u00e9cent, les opposants \u00e0 la chasse aux c\u00e9tac\u00e9s arguent que le r\u00e9sultat de ces ench\u00e8res rat\u00e9es prouve le fait que les consommateurs japonais n&rsquo;ont plus gu\u00e8re d&rsquo;app\u00e9tit pour la viande de baleine.<\/span>\u00a0<span style=\"color: #000000;\">Officiellement, les activit\u00e9s nippones de p\u00eache de baleine sont destin\u00e9es \u00e0 la <strong>\u00ab\u00a0recherche scientifique\u00a0\u00bb<\/strong>, une pratique <strong>tol\u00e9r\u00e9e par la Commission baleini\u00e8re internationale qui interdit la chasse commerciale aux c\u00e9tac\u00e9s depuis 1986.<\/strong><\/span><br \/> <span style=\"color: #000000;\">Les autorit\u00e9s japonaises affirment que cette p\u00eache fait partie int\u00e9grante de la culture nippone, sans cacher que la viande de baleine termine sur les \u00e9tals.<\/span>\u00a0<span style=\"color: #000000;\">Les baleiniers nippons, qui m\u00e8nent des campagnes annuelles dans l&rsquo;Antarctique, sont harcel\u00e9s par les militants de l&rsquo;association de d\u00e9fense de l&rsquo;environnement <strong>Sea Shepherd<\/strong>, bas\u00e9e aux Etats-Unis, qui poursuit chaque ann\u00e9e les baleiniers \u00e0 bord de ses propres navires pour emp\u00eacher la capture des c\u00e9tac\u00e9s, ce qui a parfois forc\u00e9 les Nippons \u00e0 interrompre leur chasse et \u00e0 rentrer au port avec un pauvre butin.<\/span><\/p>\n<address><span style=\"color: #000000;\">Source : AFP -13 juin 2012\u00a0<\/span><\/address>\n<address>\u00a0<\/address>\n<address>\u00a0<\/address>\n<address>\u00a0<\/address>\n<address>\u00a0<\/address>\n","protected":false},"excerpt":{"rendered":"<p>75% de la chair de baleine issue de la campagne de p\u00eache japonaise l&rsquo;an dernier n&rsquo;ont pas trouv\u00e9 preneurs, malgr\u00e9 les tentatives r\u00e9p\u00e9t\u00e9es de vente aux ench\u00e8res, ont indiqu\u00e9 mercredi des responsables japonais. L&rsquo;Institut nippon de recherche sur les c\u00e9tac\u00e9s, &hellip; <a href=\"https:\/\/claire-jannot.com\/?p=2824\">Continuer la lecture <span class=\"meta-nav\">&rarr;<\/span><\/a><\/p>\n","protected":false},"author":1,"featured_media":0,"comment_status":"open","ping_status":"open","sticky":false,"template":"","format":"standard","meta":{"jetpack_post_was_ever_published":false,"_jetpack_newsletter_access":"","_jetpack_dont_email_post_to_subs":false,"_jetpack_newsletter_tier_id":0,"_jetpack_memberships_contains_paywalled_content":false,"_jetpack_memberships_contains_paid_content":false,"footnotes":"","jetpack_publicize_message":"","jetpack_publicize_feature_enabled":true,"jetpack_social_post_already_shared":false,"jetpack_social_options":{"image_generator_settings":{"template":"highway","default_image_id":0,"font":"","enabled":false},"version":2}},"categories":[2],"tags":[3,4,5,52,11,48],"class_list":["post-2824","post","type-post","status-publish","format-standard","hentry","category-ecologie","tag-consommation","tag-ecologie2","tag-environnement","tag-oceans","tag-societe-2","tag-vie-animale"],"jetpack_publicize_connections":[],"jetpack_featured_media_url":"","jetpack_sharing_enabled":true,"jetpack_shortlink":"https:\/\/wp.me\/p5jjt5-Jy","_links":{"self":[{"href":"https:\/\/claire-jannot.com\/index.php?rest_route=\/wp\/v2\/posts\/2824","targetHints":{"allow":["GET"]}}],"collection":[{"href":"https:\/\/claire-jannot.com\/index.php?rest_route=\/wp\/v2\/posts"}],"about":[{"href":"https:\/\/claire-jannot.com\/index.php?rest_route=\/wp\/v2\/types\/post"}],"author":[{"embeddable":true,"href":"https:\/\/claire-jannot.com\/index.php?rest_route=\/wp\/v2\/users\/1"}],"replies":[{"embeddable":true,"href":"https:\/\/claire-jannot.com\/index.php?rest_route=%2Fwp%2Fv2%2Fcomments&post=2824"}],"version-history":[{"count":1,"href":"https:\/\/claire-jannot.com\/index.php?rest_route=\/wp\/v2\/posts\/2824\/revisions"}],"predecessor-version":[{"id":5495,"href":"https:\/\/claire-jannot.com\/index.php?rest_route=\/wp\/v2\/posts\/2824\/revisions\/5495"}],"wp:attachment":[{"href":"https:\/\/claire-jannot.com\/index.php?rest_route=%2Fwp%2Fv2%2Fmedia&parent=2824"}],"wp:term":[{"taxonomy":"category","embeddable":true,"href":"https:\/\/claire-jannot.com\/index.php?rest_route=%2Fwp%2Fv2%2Fcategories&post=2824"},{"taxonomy":"post_tag","embeddable":true,"href":"https:\/\/claire-jannot.com\/index.php?rest_route=%2Fwp%2Fv2%2Ftags&post=2824"}],"curies":[{"name":"wp","href":"https:\/\/api.w.org\/{rel}","templated":true}]}}