{"id":2962,"date":"2012-06-28T10:48:52","date_gmt":"2012-06-28T09:48:52","guid":{"rendered":"http:\/\/www.clairejannot.com\/?p=2962"},"modified":"2014-11-29T15:14:37","modified_gmt":"2014-11-29T14:14:37","slug":"vache-folle-et-abeilles-rudolf-steiner-lavait-bien-dit","status":"publish","type":"post","link":"https:\/\/claire-jannot.com\/?p=2962","title":{"rendered":"Vache folle et abeilles : Rudolf Steiner l&rsquo;avait bien dit !"},"content":{"rendered":"<h2><span style=\"color: #000000;\">Rudolf Steiner et la vache folle :<\/span><\/h2>\n<p><span style=\"color: #000000;\"><a href=\"https:\/\/i0.wp.com\/www.clairejannot.com\/wp-content\/uploads\/2012\/06\/rudolf-steiner.jpg\"><span style=\"color: #000000;\"><img data-recalc-dims=\"1\" loading=\"lazy\" decoding=\"async\" class=\"alignleft size-medium wp-image-2963\" title=\"rudolf-steiner\" src=\"https:\/\/i0.wp.com\/www.clairejannot.com\/wp-content\/uploads\/2012\/06\/rudolf-steiner-211x300.jpg?resize=211%2C300\" alt=\"\" width=\"211\" height=\"300\" \/><\/span><\/a><strong>Le 13 janvier 1923, \u00e0 Dornach en Suisse, Rudolf Steiner, fondateur de l&rsquo;agriculture biodynamique, de l&rsquo;anthroposophie et des \u00e9coles Waldorf,<\/strong> avait d\u00e9j\u00e0 pr\u00e9venu :\u00a0\u00bbQue se produirait-il si, au lieu de v\u00e9g\u00e9taux, le boeuf se mettait \u00e0 manger de la viande?<\/span><\/p>\n<p><span style=\"color: #000000;\">Toutes ses forces qui pourraient produire de la chair en lui se trouveraient donc d\u00e9soeuvr\u00e9es. La force qui est gaspill\u00e9e dans le corps de l&rsquo;animal ne peut pas se dissiper comme \u00e7a. Cette force demeure, elle est bien l\u00e0. Elle agit autrement en lui. Et ce qu&rsquo;elle fait produit en lui toutes sortes de d\u00e9chets. <strong>Au lieu de chair, ce sont des substances nuisibles qui sont fabriqu\u00e9es.<\/strong> Le boeuf se remplirait donc de toutes les mati\u00e8res nuisibles s&rsquo;il se mettait soudain \u00e0 \u00eatre carnivore. <strong>Il se remplirait notamment d&rsquo;acide urique et d&rsquo;urate. <\/strong>Or l&rsquo;urate quant \u00e0 lui a des habitudes particuli\u00e8res : <strong>avoir un faible pour le syst\u00e8me nerveux et le cerveau.<\/strong> Si le boeuf mangeait directement de la viande, il en r\u00e9sulterait une s\u00e9cr\u00e9tion d&rsquo;urate en \u00e9norme quantit\u00e9, <strong>l&rsquo;urate irait au cerveau et le boeuf deviendrait fou.\u00a0\u00bb<\/strong><\/span><\/p>\n<address><span style=\"color: #000000;\">\u2026.extrait des pages 181-182 du livre \u00a0\u00bb Alimentation et d\u00e9veloppement spirituel &#8211; 8 conf\u00e9rences faites dans diff\u00e9rentes villes en 1905, 1909, 1913, 1923 \u00a0\u00bb par Rudolf Steiner, publi\u00e9 en Suisse aux \u00c9ditions Anthroposophiques Romandes en 1996.<\/span><\/address>\n<h2><\/h2>\n<h2><span style=\"color: #000000;\">Rudolf Steiner et les abeilles :<\/span><\/h2>\n<p><span style=\"color: #000000;\"><strong>En 1923, Rudolf Steiner annon\u00e7a l\u2019effondrement des abeilles.<\/strong><\/span><br \/>\n<span style=\"color: #000000;\">Bien avant Einstein, il <strong>condamna fermement l\u2019\u00e9levage des reines<\/strong> lors d\u2019un cycle de conf\u00e9rences sur l\u2019abeille qu\u2019il donna aux apiculteurs. Lors de ce cycle de conf\u00e9rences, <strong>empreintes de po\u00e9sie et de perception v\u00e9ritable de la nature de l\u2019abeille,<\/strong> un apiculteur professionnel fit part de son incompr\u00e9hension totale quant \u00e0 la condamnation, par Steiner, de l\u2019\u00e9levage des reines. <strong>Rudolf Steiner insista alors que si on continuait de remplacer les forces organiques \u00e0 l\u2019oeuvre dans la ruche par des forces m\u00e9caniques (dont l\u2019\u00e9levage artificiel des reines \u00e0 partir de larves d\u2019ouvri\u00e8res) la situation deviendrait tr\u00e8s grave pour les abeilles.<\/strong> Il donna rendez-vous \u00e0 l\u2019apiculteur <strong>un si\u00e8cle plus tard en le pr\u00e9venant qu\u2019\u00e0 cette date, si ces pratiques artificielles perduraient, il n\u2019y aurait plus d\u2019\u00e9levage de reines, \u00e0 savoir que les abeilles auraient tout simplement disparu.<\/strong>\u00a0Il ajouta que la <strong>survie de l\u2019humanit\u00e9 d\u00e9pendait de la survie de l\u2019abeille.<\/strong> Un si\u00e8cle ne s\u2019est pas encore \u00e9coul\u00e9, mais l\u2019\u00e9ch\u00e9ance semble se rapprocher tr\u00e8s rapidement. Et elle est peut-\u00eatre d\u00e9j\u00e0 l\u00e0 car dans une autre conf\u00e9rence, <strong>Steiner donnait une \u00e9ch\u00e9ance \u00e0 80 ans. Ce qui est maintenant.<\/strong><\/span><\/p>\n<address><span style=\"color: #000000;\">\u00a0<\/span><\/address>\n<address><span style=\"color: #000000;\">Source\u00a0: <a href=\"http:\/\/saintefamille.skynetblogs.be\/\"><span style=\"color: #000000;\">http:\/\/saintefamille.skynetblogs.be<\/span><\/a><\/span><\/address>\n<p><span style=\"color: #000000;\">\u00a0<\/span><\/p>\n","protected":false},"excerpt":{"rendered":"<p>Rudolf Steiner et la vache folle : Le 13 janvier 1923, \u00e0 Dornach en Suisse, Rudolf Steiner, fondateur de l&rsquo;agriculture biodynamique, de l&rsquo;anthroposophie et des \u00e9coles Waldorf, avait d\u00e9j\u00e0 pr\u00e9venu :\u00a0\u00bbQue se produirait-il si, au lieu de v\u00e9g\u00e9taux, le boeuf &hellip; <a href=\"https:\/\/claire-jannot.com\/?p=2962\">Continuer la lecture <span class=\"meta-nav\">&rarr;<\/span><\/a><\/p>\n","protected":false},"author":1,"featured_media":0,"comment_status":"open","ping_status":"open","sticky":false,"template":"","format":"standard","meta":{"jetpack_post_was_ever_published":false,"_jetpack_newsletter_access":"","_jetpack_dont_email_post_to_subs":false,"_jetpack_newsletter_tier_id":0,"_jetpack_memberships_contains_paywalled_content":false,"_jetpack_memberships_contains_paid_content":false,"footnotes":"","jetpack_publicize_message":"","jetpack_publicize_feature_enabled":true,"jetpack_social_post_already_shared":false,"jetpack_social_options":{"image_generator_settings":{"template":"highway","default_image_id":0,"font":"","enabled":false},"version":2}},"categories":[1,2],"tags":[22,3,4,5,10,48],"class_list":["post-2962","post","type-post","status-publish","format-standard","hentry","category-alimentation","category-ecologie","tag-biologique","tag-consommation","tag-ecologie2","tag-environnement","tag-sante","tag-vie-animale"],"jetpack_publicize_connections":[],"jetpack_featured_media_url":"","jetpack_sharing_enabled":true,"jetpack_shortlink":"https:\/\/wp.me\/p5jjt5-LM","_links":{"self":[{"href":"https:\/\/claire-jannot.com\/index.php?rest_route=\/wp\/v2\/posts\/2962","targetHints":{"allow":["GET"]}}],"collection":[{"href":"https:\/\/claire-jannot.com\/index.php?rest_route=\/wp\/v2\/posts"}],"about":[{"href":"https:\/\/claire-jannot.com\/index.php?rest_route=\/wp\/v2\/types\/post"}],"author":[{"embeddable":true,"href":"https:\/\/claire-jannot.com\/index.php?rest_route=\/wp\/v2\/users\/1"}],"replies":[{"embeddable":true,"href":"https:\/\/claire-jannot.com\/index.php?rest_route=%2Fwp%2Fv2%2Fcomments&post=2962"}],"version-history":[{"count":1,"href":"https:\/\/claire-jannot.com\/index.php?rest_route=\/wp\/v2\/posts\/2962\/revisions"}],"predecessor-version":[{"id":5444,"href":"https:\/\/claire-jannot.com\/index.php?rest_route=\/wp\/v2\/posts\/2962\/revisions\/5444"}],"wp:attachment":[{"href":"https:\/\/claire-jannot.com\/index.php?rest_route=%2Fwp%2Fv2%2Fmedia&parent=2962"}],"wp:term":[{"taxonomy":"category","embeddable":true,"href":"https:\/\/claire-jannot.com\/index.php?rest_route=%2Fwp%2Fv2%2Fcategories&post=2962"},{"taxonomy":"post_tag","embeddable":true,"href":"https:\/\/claire-jannot.com\/index.php?rest_route=%2Fwp%2Fv2%2Ftags&post=2962"}],"curies":[{"name":"wp","href":"https:\/\/api.w.org\/{rel}","templated":true}]}}