{"id":2974,"date":"2012-06-28T15:46:55","date_gmt":"2012-06-28T14:46:55","guid":{"rendered":"http:\/\/www.clairejannot.com\/?p=2974"},"modified":"2015-03-18T14:13:30","modified_gmt":"2015-03-18T13:13:30","slug":"est-ce-prioritaire-de-manger-bio","status":"publish","type":"post","link":"https:\/\/claire-jannot.com\/?p=2974","title":{"rendered":"Manger bio, une priorit\u00e9 ?"},"content":{"rendered":"<h2><span style=\"color: #000000;\">Non, r\u00e9pondent les Fran\u00e7ais : ils\u00a0jugent g\u00e9n\u00e9ralement \u00ab\u00a0secondaire\u00a0\u00bb de manger des produits bio pour rester en bonne sant\u00e9 et pensent qu&rsquo;il est plus important de r\u00e9duire la cigarette ou de manger \u00e9quilibr\u00e9, selon un sondage publi\u00e9 mardi.<\/span><\/h2>\n<p><span style=\"color: #000000;\"><a href=\"https:\/\/i0.wp.com\/www.clairejannot.com\/wp-content\/uploads\/2012\/06\/bio.jpg\"><span style=\"color: #000000;\"><img data-recalc-dims=\"1\" loading=\"lazy\" decoding=\"async\" class=\"alignleft size-medium wp-image-2975\" title=\"bio\" src=\"https:\/\/i0.wp.com\/www.clairejannot.com\/wp-content\/uploads\/2012\/06\/bio-300x265.jpg?resize=300%2C265\" alt=\"\" width=\"300\" height=\"265\" \/><\/span><\/a>D&rsquo;apr\u00e8s cette enqu\u00eate r\u00e9alis\u00e9e par <strong>l&rsquo;Ifop aupr\u00e8s de 1.010 personnes interrog\u00e9es par internet en juin, 67% des Fran\u00e7ais jugent qu&rsquo;il est \u00ab\u00a0secondaire\u00a0\u00bb de manger bio pour \u00eatre ou pour rester en bonne sant\u00e9.<\/strong> Seuls 28% jugent que c&rsquo;est \u00ab\u00a0important\u00a0\u00bb et 5% pensent que c&rsquo;est \u00ab\u00a0prioritaire\u00a0\u00bb.<\/span><\/p>\n<p><span style=\"color: #000000;\">En revanche, <strong>\u00ab\u00a0surveiller sa consommation de tabac\u00a0\u00bb<\/strong> est consid\u00e9r\u00e9 comme \u00ab\u00a0prioritaire\u00a0\u00bb par 61% des personnes interrog\u00e9es, <strong>\u00ab\u00a0manger \u00e9quilibr\u00e9\u00a0\u00bb<\/strong> par 44%, <strong>\u00ab\u00a0dormir suffisamment\u00a0\u00bb<\/strong> par 40% et <strong>\u00ab\u00a0surveiller sa consommation d&rsquo;alcool\u00a0\u00bb<\/strong> par 39%.<\/span><br \/>\n<span style=\"color: #000000;\">\u00ab\u00a0Etre optimiste et \u00e9panoui\u00a0\u00bb, \u00ab\u00a0se reposer\u00a0\u00bb, \u00ab\u00a0\u00e9viter les situations de stress\u00a0\u00bb et \u00ab\u00a0avoir une activit\u00e9 sportive ou physique r\u00e9guli\u00e8re\u00a0\u00bb sont consid\u00e9r\u00e9s comme \u00ab\u00a0prioritaires\u00a0\u00bb par 31% \u00e0 38% des personnes interrog\u00e9es.<\/span><\/p>\n<p><span style=\"color: #000000;\">D&rsquo;apr\u00e8s cette enqu\u00eate r\u00e9alis\u00e9e pour un groupe d&rsquo;assurance,<strong> les personnes interrog\u00e9es jugent \u00e0 91% \u00eatre en bonne sant\u00e9 (13% en \u00ab\u00a0excellente\u00a0\u00bb et 78% en \u00ab\u00a0plut\u00f4t bonne\u00a0\u00bb sant\u00e9) et jugent en moyenne qu&rsquo;elles vivront jusqu&rsquo;\u00e0 83 ans.<\/strong><\/span><\/p>\n<address><span style=\"color: #000000;\">Source :\u00a0AFP &#8211; 26 juin 2012<\/span><\/address>\n<address>\u00a0<\/address>\n<address>\u00a0<\/address>\n","protected":false},"excerpt":{"rendered":"<p>Non, r\u00e9pondent les Fran\u00e7ais : ils\u00a0jugent g\u00e9n\u00e9ralement \u00ab\u00a0secondaire\u00a0\u00bb de manger des produits bio pour rester en bonne sant\u00e9 et pensent qu&rsquo;il est plus important de r\u00e9duire la cigarette ou de manger \u00e9quilibr\u00e9, selon un sondage publi\u00e9 mardi. D&rsquo;apr\u00e8s cette enqu\u00eate &hellip; <a href=\"https:\/\/claire-jannot.com\/?p=2974\">Continuer la lecture <span class=\"meta-nav\">&rarr;<\/span><\/a><\/p>\n","protected":false},"author":1,"featured_media":0,"comment_status":"open","ping_status":"open","sticky":false,"template":"","format":"standard","meta":{"jetpack_post_was_ever_published":false,"_jetpack_newsletter_access":"","_jetpack_dont_email_post_to_subs":false,"_jetpack_newsletter_tier_id":0,"_jetpack_memberships_contains_paywalled_content":false,"_jetpack_memberships_contains_paid_content":false,"footnotes":"","jetpack_publicize_message":"","jetpack_publicize_feature_enabled":true,"jetpack_social_post_already_shared":false,"jetpack_social_options":{"image_generator_settings":{"template":"highway","default_image_id":0,"font":"","enabled":false},"version":2}},"categories":[1,2],"tags":[42,58,22,3,4,5,10,11],"class_list":["post-2974","post","type-post","status-publish","format-standard","hentry","category-alimentation","category-ecologie","tag-agriculture","tag-alimentation-2","tag-biologique","tag-consommation","tag-ecologie2","tag-environnement","tag-sante","tag-societe-2"],"jetpack_publicize_connections":[],"jetpack_featured_media_url":"","jetpack_sharing_enabled":true,"jetpack_shortlink":"https:\/\/wp.me\/p5jjt5-LY","_links":{"self":[{"href":"https:\/\/claire-jannot.com\/index.php?rest_route=\/wp\/v2\/posts\/2974","targetHints":{"allow":["GET"]}}],"collection":[{"href":"https:\/\/claire-jannot.com\/index.php?rest_route=\/wp\/v2\/posts"}],"about":[{"href":"https:\/\/claire-jannot.com\/index.php?rest_route=\/wp\/v2\/types\/post"}],"author":[{"embeddable":true,"href":"https:\/\/claire-jannot.com\/index.php?rest_route=\/wp\/v2\/users\/1"}],"replies":[{"embeddable":true,"href":"https:\/\/claire-jannot.com\/index.php?rest_route=%2Fwp%2Fv2%2Fcomments&post=2974"}],"version-history":[{"count":1,"href":"https:\/\/claire-jannot.com\/index.php?rest_route=\/wp\/v2\/posts\/2974\/revisions"}],"predecessor-version":[{"id":5443,"href":"https:\/\/claire-jannot.com\/index.php?rest_route=\/wp\/v2\/posts\/2974\/revisions\/5443"}],"wp:attachment":[{"href":"https:\/\/claire-jannot.com\/index.php?rest_route=%2Fwp%2Fv2%2Fmedia&parent=2974"}],"wp:term":[{"taxonomy":"category","embeddable":true,"href":"https:\/\/claire-jannot.com\/index.php?rest_route=%2Fwp%2Fv2%2Fcategories&post=2974"},{"taxonomy":"post_tag","embeddable":true,"href":"https:\/\/claire-jannot.com\/index.php?rest_route=%2Fwp%2Fv2%2Ftags&post=2974"}],"curies":[{"name":"wp","href":"https:\/\/api.w.org\/{rel}","templated":true}]}}