{"id":2988,"date":"2012-06-28T17:07:33","date_gmt":"2012-06-28T16:07:33","guid":{"rendered":"http:\/\/www.clairejannot.com\/?p=2988"},"modified":"2014-11-15T13:33:19","modified_gmt":"2014-11-15T12:33:19","slug":"amazonie-raoni-demande-larret-du-barrage-de-belo-monte","status":"publish","type":"post","link":"https:\/\/claire-jannot.com\/?p=2988","title":{"rendered":"Amazonie : Raoni demande l&rsquo;arr\u00eat du barrage de Belo Monte"},"content":{"rendered":"<h2 id=\"mn-hat-date\"><span style=\"color: #000000;\">Le chef indien br\u00e9silien Raoni, connu dans le monde entier pour son combat en faveur de l&rsquo;Amazonie et des peuples indiens, a demand\u00e9 jeudi \u00e0 Rio l&rsquo;arr\u00eat de la construction du barrage de Belo Monte, un ouvrage g\u00e9ant au coeur de la for\u00eat.<\/span><\/h2>\n<div id=\"mn-doc\">\n<div id=\"mn-article\">\n<div>\n<div>\n<div>\n<div><noscript>&lt;span style=\u00a0\u00bbcolor: rgb(0, 0, 0);\u00a0\u00bb&gt;&amp;lt;object classid=\u00a0\u00bbclsid:D27CDB6E-AE6D-11cf-96B8-444553540000&Prime; codebase=\u00a0\u00bbhttp:\/\/fpdownload.macromedia.com\/get\/flashplayer\/current\/swflash.cab\u00a0\u00bb&amp;gt;&amp;lt;param name=\u00a0\u00bbmovie\u00a0\u00bb value=\u00a0\u00bbhttp:\/\/player.ooyala.com\/player.swf?embedCode=9waTkzNTqg4affaAHig5sh1sRFJdAX3A&amp;amp;version=2&Prime; \/&amp;gt;&amp;lt;param name=\u00a0\u00bballowScriptAccess\u00a0\u00bb value=\u00a0\u00bbalways\u00a0\u00bb \/&amp;gt;&amp;lt;param name=\u00a0\u00bballowFullScreen\u00a0\u00bb value=\u00a0\u00bbtrue\u00a0\u00bb \/&amp;gt;&amp;lt;param name=\u00a0\u00bbflashvars\u00a0\u00bb value=\u00a0\u00bbembedType=noscriptObjectTag&amp;amp;embedCode=9waTkzNTqg4affaAHig5sh1sRFJdAX3A\u00a0\u00bb \/&amp;gt;&amp;lt;embed width=\u00a0\u00bb465&Prime; height=\u00a0\u00bb350&Prime; src=\u00a0\u00bbhttp:\/\/player.ooyala.com\/player.swf?embedCode=9waTkzNTqg4affaAHig5sh1sRFJdAX3A&amp;amp;version=2&Prime; align=\u00a0\u00bbmiddle\u00a0\u00bb play=\u00a0\u00bbtrue\u00a0\u00bb loop=\u00a0\u00bbfalse\u00a0\u00bb allowscriptaccess=\u00a0\u00bbalways\u00a0\u00bb allowfullscreen=\u00a0\u00bbtrue\u00a0\u00bb type=\u00a0\u00bbapplication\/x-shockwave-flash\u00a0\u00bb flashvars=\u00a0\u00bb&amp;amp;embedCode=9waTkzNTqg4affaAHig5sh1sRFJdAX3A\u00a0\u00bb pluginspage=\u00a0\u00bbhttp:\/\/www.adobe.com\/go\/getflashplayer\u00a0\u00bb&amp;gt;&amp;lt;\/embed&amp;gt;&amp;lt;\/object&amp;gt;&lt;\/span&gt;<\/noscript>\u00a0<\/p>\n<p><span style=\"color: #000000;\">\u00ab\u00a0Je vais demander qu&rsquo;on nous respecte, nous les indig\u00e8nes, qu&rsquo;on respecte nos droits. Et pas seulement nous, mais aussi tous ceux qui vivent pr\u00e8s du<strong> barrage de Belo Monte<\/strong>\u00ab\u00a0, a d\u00e9clar\u00e9 \u00e0 l&rsquo;AFP <strong>Raoni, 82 ans, venu \u00e0 l&rsquo;occasion de la conf\u00e9rence sur le d\u00e9veloppement durable Rio+20, qui s&rsquo;est ouverte mercredi.<\/strong><\/span><\/p>\n<p><span style=\"color: #000000;\"><strong>\u00ab\u00a0Je vais demander qu&rsquo;on ne fasse pas ce barrage pour que l&rsquo;eau puisse continuer de couler normalement et que les poissons puissent vivre dans les rivi\u00e8res, pour que nous et nos enfants et petits-enfants puissions manger\u00a0\u00bb<\/strong>, a dit encore le chef indien, figure embl\u00e9matique du peuple <strong>Kayapo (Mato grosso, ouest du Br\u00e9sil),<\/strong> portant une coiffe traditionnelles en plumes jaune et noire et dont la l\u00e8vre inf\u00e9rieure est \u00e9tir\u00e9e par un anneau de bois de plus de 10 cm de diam\u00e8tre.<\/span><\/p>\n<p><span style=\"color: #000000;\">Le barrage de Belo Monte, en construction sur la rivi\u00e8re Xing\u00fa, pour un co\u00fbt de pr\u00e8s de <strong>13 milliards de dollars, est le barrage le plus important en cours d&rsquo;\u00e9dification au Br\u00e9sil.<\/strong> Il fournira <strong>11.233 MW, soit 11% de la capacit\u00e9 install\u00e9e du pays. Sa mise en place entra\u00eenera l&rsquo;inondation de 502 km2.<\/strong><\/span><\/p>\n<p><span style=\"color: #000000;\">Les terres indig\u00e8nes ne seront pas touch\u00e9es, mais l&rsquo;\u00e9dification du barrage risque de peser sur les communaut\u00e9s vivant aux alentours, qui ne pourront plus p\u00eacher dans la rivi\u00e8re. <\/span><span style=\"color: #000000;\">\u00ab\u00a0Je vais continuer de d\u00e9fendre la nature, les rivi\u00e8res, la for\u00eat. <strong>Je veux demander au monde entier qu&rsquo;il nous respecte, nous, les peuples indig\u00e8nes.<\/strong> Que le monde respecte nos terres, les terres indig\u00e8nes. Et qu&rsquo;il nous laisse vivre en paix. C&rsquo;est ce que je vais dire ici, quand viendra le jour pour moi de parler\u00a0\u00bb, a dit le chef Raoni.<\/span><\/p>\n<p><strong><span style=\"color: #000000;\">La construction du barrage est vigoureusement critiqu\u00e9e par les \u00e9cologistes et par des personnalit\u00e9s comme le chanteur Sting ou le r\u00e9alisateur James Cameron.<\/span><\/strong><\/p>\n<p><span style=\"color: #000000;\">Quelque 1.600 indig\u00e8nes du Br\u00e9sil ou d&rsquo;autres pays sont arriv\u00e9s \u00e0 Rio de Janeiro pour participer au Sommet des peuples, organis\u00e9 en parall\u00e8le au sommet officiel. Ils ont install\u00e9 un village traditionnel avec d&rsquo;\u00e9normes huttes de paille, baptis\u00e9 <strong>\u00ab\u00a0Kari-Oca\u00a0\u00bb.<\/strong><\/span><\/p>\n<p><span style=\"color: #000000;\">Depuis mercredi, les indig\u00e8nes allument le soir un feu sacr\u00e9 pour demander aux dieux la protection de leurs peuples et de leurs territoires. Ce jeudi, ils entamaient <strong>les \u00ab\u00a0Jeux verts indig\u00e8nes\u00a0\u00bb, une comp\u00e9tition sportive traditionnelle.<\/strong><\/span><\/p>\n<div id=\"mna-signature\"><span style=\"color: #000000;\">Source \u00a0: AFP &#8211; 20minutes.fr &#8211; \u00a9 2012<\/span><\/div>\n<div>\u00a0<\/div>\n<div><span style=\"color: #000000;\">\u00a0<\/span><\/div>\n<\/div>\n<\/div>\n<\/div>\n<\/div>\n<\/div>\n<\/div>\n","protected":false},"excerpt":{"rendered":"<p>Le chef indien br\u00e9silien Raoni, connu dans le monde entier pour son combat en faveur de l&rsquo;Amazonie et des peuples indiens, a demand\u00e9 jeudi \u00e0 Rio l&rsquo;arr\u00eat de la construction du barrage de Belo Monte, un ouvrage g\u00e9ant au coeur &hellip; <a href=\"https:\/\/claire-jannot.com\/?p=2988\">Continuer la lecture <span class=\"meta-nav\">&rarr;<\/span><\/a><\/p>\n","protected":false},"author":1,"featured_media":0,"comment_status":"open","ping_status":"open","sticky":false,"template":"","format":"standard","meta":{"jetpack_post_was_ever_published":false,"_jetpack_newsletter_access":"","_jetpack_dont_email_post_to_subs":false,"_jetpack_newsletter_tier_id":0,"_jetpack_memberships_contains_paywalled_content":false,"_jetpack_memberships_contains_paid_content":false,"footnotes":"","jetpack_publicize_message":"","jetpack_publicize_feature_enabled":true,"jetpack_social_post_already_shared":false,"jetpack_social_options":{"image_generator_settings":{"template":"highway","default_image_id":0,"font":"","enabled":false},"version":2}},"categories":[2],"tags":[39,4,5],"class_list":["post-2988","post","type-post","status-publish","format-standard","hentry","category-ecologie","tag-eau","tag-ecologie2","tag-environnement"],"jetpack_publicize_connections":[],"jetpack_featured_media_url":"","jetpack_sharing_enabled":true,"jetpack_shortlink":"https:\/\/wp.me\/p5jjt5-Mc","_links":{"self":[{"href":"https:\/\/claire-jannot.com\/index.php?rest_route=\/wp\/v2\/posts\/2988","targetHints":{"allow":["GET"]}}],"collection":[{"href":"https:\/\/claire-jannot.com\/index.php?rest_route=\/wp\/v2\/posts"}],"about":[{"href":"https:\/\/claire-jannot.com\/index.php?rest_route=\/wp\/v2\/types\/post"}],"author":[{"embeddable":true,"href":"https:\/\/claire-jannot.com\/index.php?rest_route=\/wp\/v2\/users\/1"}],"replies":[{"embeddable":true,"href":"https:\/\/claire-jannot.com\/index.php?rest_route=%2Fwp%2Fv2%2Fcomments&post=2988"}],"version-history":[{"count":1,"href":"https:\/\/claire-jannot.com\/index.php?rest_route=\/wp\/v2\/posts\/2988\/revisions"}],"predecessor-version":[{"id":5494,"href":"https:\/\/claire-jannot.com\/index.php?rest_route=\/wp\/v2\/posts\/2988\/revisions\/5494"}],"wp:attachment":[{"href":"https:\/\/claire-jannot.com\/index.php?rest_route=%2Fwp%2Fv2%2Fmedia&parent=2988"}],"wp:term":[{"taxonomy":"category","embeddable":true,"href":"https:\/\/claire-jannot.com\/index.php?rest_route=%2Fwp%2Fv2%2Fcategories&post=2988"},{"taxonomy":"post_tag","embeddable":true,"href":"https:\/\/claire-jannot.com\/index.php?rest_route=%2Fwp%2Fv2%2Ftags&post=2988"}],"curies":[{"name":"wp","href":"https:\/\/api.w.org\/{rel}","templated":true}]}}