{"id":299,"date":"2012-01-14T10:50:29","date_gmt":"2012-01-14T09:50:29","guid":{"rendered":"http:\/\/www.clairejannot.com\/?p=299"},"modified":"2015-03-18T14:16:32","modified_gmt":"2015-03-18T13:16:32","slug":"ogm-80-des-francais-opposes-a-la-culture-dogm-en-plein-champ","status":"publish","type":"post","link":"https:\/\/claire-jannot.com\/?p=299","title":{"rendered":"OGM : 80% des fran\u00e7ais oppos\u00e9s \u00e0 la culture d&rsquo;OGM en plein champ"},"content":{"rendered":"<h2>65% des Fran\u00e7ais se disent inquiets de la pr\u00e9sence \u00e9ventuelle d\u2019OGM dans les produits alimentaires alors que le Conseil d\u2019Etat a annul\u00e9 la suspension de culture du ma\u00efs OGM Monsanto d\u00e9cid\u00e9e par le gouvernement fran\u00e7ais, selon un sondage IFOP \u00e0 para\u00eetre dans Dimanche Ouest-France.<\/h2>\n<p><strong><a href=\"https:\/\/i0.wp.com\/www.clairejannot.com\/wp-content\/uploads\/2012\/01\/champ2.jpg\"><img data-recalc-dims=\"1\" loading=\"lazy\" decoding=\"async\" class=\"alignleft size-medium wp-image-834\" title=\"Champ d'orge et en arri\u00e8re plan le village de Vicq-sur-Gartempe\" src=\"https:\/\/i0.wp.com\/www.clairejannot.com\/wp-content\/uploads\/2012\/01\/champ2-300x199.jpg?resize=300%2C199\" alt=\"\" width=\"300\" height=\"199\" \/><\/a>Le Conseil d\u2019Etat, consid\u00e9rant que la preuve d\u2019un niveau de risque \u00e9lev\u00e9 pour la sant\u00e9 ou l\u2019environnement n\u2019avait pas \u00e9t\u00e9 apport\u00e9e, a annul\u00e9 la d\u00e9cision datant de f\u00e9vrier 2008 mais les ministres de l\u2019Agriculture et de l\u2019Ecologie ont affirm\u00e9 dans la foul\u00e9e que tous les moyens \u00e9taient \u00e0 l\u2019\u00e9tude pour l\u2019interdire en France.<\/strong><\/p>\n<p><strong>Selon le sondage IFOP 65% des Fran\u00e7ais restent inquiets (contre 73% en 2000 et 68% en 2008) face aux OGM<\/strong> et seuls 17% ne sont pas inquiets, 18% restant indiff\u00e9rents \u00e0 la question.<\/p>\n<p>Les sympathisants de gauche sont plus inquiets (73%) que ceux de droite (56%) mais quel que soit le sexe, la position sociale ou la tendance politique aucun groupe ne passe en de\u00e7a des 50% d\u2019inqui\u00e9tude.<\/p>\n<p><strong>La culture d\u2019organismes g\u00e9n\u00e9tiquement modifi\u00e9s (OGM) en plein champ en France se heurte \u00e0 une opposition tr\u00e8s forte (80%) des personnes interrog\u00e9es, seules 19% y \u00e9tant favorable.<\/strong><\/p>\n<p>(Sondage r\u00e9alis\u00e9 par t\u00e9l\u00e9phone du 1er au 2 d\u00e9cembre 2011 aupr\u00e8s d\u2019un \u00e9chantillon de 1.002 personnes repr\u00e9sentatif de la population fran\u00e7aise \u00e2g\u00e9e de 18 ans et plus, selon la m\u00e9thode des quotas).<\/p>\n<address><span style=\"text-decoration: underline;\">Source : <a href=\"http:\/\/www.herbi-mag.com\/2011\/12\/ogm-80-des-francais-opposes-a-la-culture-dogm-en-plein-champ\/\">http:\/\/www.herbi-mag.com\/2011\/12\/ogm-80-des-francais-opposes-a-la-culture-dogm-en-plein-champ\/<\/a>\u00a0 &#8211; <\/span>D\u00e9cembre 2011<\/address>\n<address>Cr\u00e9dit photo :\u00a0\u00a0www.blog.terracites.fr<\/address>\n","protected":false},"excerpt":{"rendered":"<p>65% des Fran\u00e7ais se disent inquiets de la pr\u00e9sence \u00e9ventuelle d\u2019OGM dans les produits alimentaires alors que le Conseil d\u2019Etat a annul\u00e9 la suspension de culture du ma\u00efs OGM Monsanto d\u00e9cid\u00e9e par le gouvernement fran\u00e7ais, selon un sondage IFOP \u00e0 &hellip; <a href=\"https:\/\/claire-jannot.com\/?p=299\">Continuer la lecture <span class=\"meta-nav\">&rarr;<\/span><\/a><\/p>\n","protected":false},"author":1,"featured_media":0,"comment_status":"open","ping_status":"open","sticky":false,"template":"","format":"standard","meta":{"jetpack_post_was_ever_published":false,"_jetpack_newsletter_access":"","_jetpack_dont_email_post_to_subs":false,"_jetpack_newsletter_tier_id":0,"_jetpack_memberships_contains_paywalled_content":false,"_jetpack_memberships_contains_paid_content":false,"footnotes":"","jetpack_publicize_message":"","jetpack_publicize_feature_enabled":true,"jetpack_social_post_already_shared":false,"jetpack_social_options":{"image_generator_settings":{"template":"highway","default_image_id":0,"font":"","enabled":false},"version":2}},"categories":[1,2],"tags":[42,58,22,3,4,5,9,10,11],"class_list":["post-299","post","type-post","status-publish","format-standard","hentry","category-alimentation","category-ecologie","tag-agriculture","tag-alimentation-2","tag-biologique","tag-consommation","tag-ecologie2","tag-environnement","tag-ogm","tag-sante","tag-societe-2"],"jetpack_publicize_connections":[],"jetpack_featured_media_url":"","jetpack_sharing_enabled":true,"jetpack_shortlink":"https:\/\/wp.me\/p5jjt5-4P","_links":{"self":[{"href":"https:\/\/claire-jannot.com\/index.php?rest_route=\/wp\/v2\/posts\/299","targetHints":{"allow":["GET"]}}],"collection":[{"href":"https:\/\/claire-jannot.com\/index.php?rest_route=\/wp\/v2\/posts"}],"about":[{"href":"https:\/\/claire-jannot.com\/index.php?rest_route=\/wp\/v2\/types\/post"}],"author":[{"embeddable":true,"href":"https:\/\/claire-jannot.com\/index.php?rest_route=\/wp\/v2\/users\/1"}],"replies":[{"embeddable":true,"href":"https:\/\/claire-jannot.com\/index.php?rest_route=%2Fwp%2Fv2%2Fcomments&post=299"}],"version-history":[{"count":1,"href":"https:\/\/claire-jannot.com\/index.php?rest_route=\/wp\/v2\/posts\/299\/revisions"}],"predecessor-version":[{"id":5450,"href":"https:\/\/claire-jannot.com\/index.php?rest_route=\/wp\/v2\/posts\/299\/revisions\/5450"}],"wp:attachment":[{"href":"https:\/\/claire-jannot.com\/index.php?rest_route=%2Fwp%2Fv2%2Fmedia&parent=299"}],"wp:term":[{"taxonomy":"category","embeddable":true,"href":"https:\/\/claire-jannot.com\/index.php?rest_route=%2Fwp%2Fv2%2Fcategories&post=299"},{"taxonomy":"post_tag","embeddable":true,"href":"https:\/\/claire-jannot.com\/index.php?rest_route=%2Fwp%2Fv2%2Ftags&post=299"}],"curies":[{"name":"wp","href":"https:\/\/api.w.org\/{rel}","templated":true}]}}