{"id":2993,"date":"2012-07-06T11:32:42","date_gmt":"2012-07-06T10:32:42","guid":{"rendered":"http:\/\/www.clairejannot.com\/?p=2993"},"modified":"2014-11-07T15:05:55","modified_gmt":"2014-11-07T14:05:55","slug":"le-marche-des-pesticides-se-porte-a-merveille","status":"publish","type":"post","link":"https:\/\/claire-jannot.com\/?p=2993","title":{"rendered":"Le march\u00e9 des pesticides se porte \u00e0 merveille"},"content":{"rendered":"<h2><span style=\"color: #000000;\">Le march\u00e9 des pesticides est en hausse en 2011 en raison de conditions m\u00e9t\u00e9orologiques particuli\u00e8rement \u00e9prouvantes pour certaines cultures, a annonc\u00e9 mercredi l&rsquo;Union des industries de la protection des plantes (UIPP).<\/span><\/h2>\n<p><span style=\"color: #000000;\"><a href=\"https:\/\/i0.wp.com\/www.clairejannot.com\/wp-content\/uploads\/2012\/06\/pesticides.jpg\"><span style=\"color: #000000;\"><img data-recalc-dims=\"1\" loading=\"lazy\" decoding=\"async\" class=\"alignleft size-full wp-image-2994\" title=\"spraying of peach\" src=\"https:\/\/i0.wp.com\/www.clairejannot.com\/wp-content\/uploads\/2012\/06\/pesticides.jpg?resize=416%2C257\" alt=\"\" width=\"416\" height=\"257\" \/><\/span><\/a><strong>En volume, la hausse est de 1,3% tandis qu&rsquo;en valeur la progression atteint +5% pour un chiffre d&rsquo;affaires approchant 1,9 milliard d&rsquo;euros,<\/strong> a pr\u00e9cis\u00e9 Jean-<strong>Charles Bocquet, directeur g\u00e9n\u00e9ral de l&rsquo;UIPP,<\/strong> lors d&rsquo;un point presse.<\/span><\/p>\n<p><span style=\"color: #000000;\">Une hausse des prix mais aussi la mise au point de nouveaux produits explique cette augmentation du chiffre d&rsquo;affaires, selon M. Bocquet. <strong>Les ventes d&rsquo;herbicides ont grimp\u00e9 de 17% pour contrer l&rsquo;apparition des mauvaises herbes qu&rsquo;un printemps exceptionnellement chaud et sec<\/strong> a contribu\u00e9 \u00e0 installer durablement, notamment sur les betteraves.<\/span><br \/>\n<span style=\"color: #000000;\">En raison des temp\u00e9ratures \u00e9lev\u00e9es, <strong>les ventes d&rsquo;insecticides ont, elles aussi, accus\u00e9 une hausse de 11% pour pallier la pression parasitaire sur le colza, les c\u00e9r\u00e9ales et la vigne.<\/strong><\/span><br \/>\n<span style=\"color: #000000;\">Pour leur part, les ventes de fongicides sont en recul de 10% pour la deuxi\u00e8me ann\u00e9e cons\u00e9cutive, en raison d&rsquo;une baisse de la pr\u00e9sence de parasites sur la vigne et les c\u00e9r\u00e9ales.<\/span><\/p>\n<p><span style=\"color: #000000;\">Enfin, l&rsquo;arriv\u00e9e sur le march\u00e9 de nouveaux produits, comme par exemple <strong>le traitement des semences contre les ravageurs,<\/strong> ont s\u00e9duit les agriculteurs puisque les ventes sont en <strong>augmentation de 7%,<\/strong> souligne l&rsquo;UIPP.<\/span><br \/>\n<strong><span style=\"color: #000000;\">En 2012, la tendance de hausse g\u00e9n\u00e9rale pourrait se poursuivre en raison d&rsquo;un printemps humide qui favorise la prolif\u00e9ration de champignons sur les c\u00e9r\u00e9ales, notamment le bl\u00e9.<\/span><\/strong><\/p>\n<p><span style=\"color: #000000;\"><strong>Premier pays agricole europ\u00e9en, la France est aussi le plus grand utilisateur de pesticides.<\/strong> En 2010, avec un chiffre d&rsquo;affaires de 1,8 milliard d&rsquo;euros, la France pr\u00e9c\u00e9dait l&rsquo;Allemagne (1,25 milliard), l&rsquo;Italie (807 millions), la Grande-Bretagne (589 millions) et la Pologne (455 millions), selon les chiffres communiqu\u00e9s par l&rsquo;UIPP.<\/span><\/p>\n<p><span style=\"color: #000000;\"><strong>Au niveau mondial, le march\u00e9 des pesticides est en nette progression, +15% en valeur.<\/strong> \u00ab\u00a0Dans la plupart des r\u00e9gions du monde, nous avons des croissances sup\u00e9rieures \u00e0 10% car les agriculteurs sont encore en phase de d\u00e9veloppement, afin de produire plus pour nourrir leur population\u00a0\u00bb, a soulign\u00e9 M. Bocquet.<\/span><\/p>\n<p><span style=\"color: #000000;\"><strong>L&rsquo;Europe est la premi\u00e8re r\u00e9gion utilisatrice de pesticides<\/strong> (27,7% du chiffre d&rsquo;affaires), devant l&rsquo;Asie (26,4%), l&rsquo;Am\u00e9rique latine (23%), l&rsquo;Am\u00e9rique du nord (19%) et l&rsquo;Afrique (4%).<\/span><\/p>\n<p><span style=\"color: #000000;\"><strong>Sur six ans, entre 2006 et 2011, le chiffre d&rsquo;affaires mondial a augment\u00e9 de 44,6%<\/strong> de 30,4 millions de dollars \u00e0 44 millions de dollars.<\/span><\/p>\n<address><span style=\"color: #000000;\">Source : AFP &#8211; 27 juin 2012 <\/span><\/address>\n<address><span style=\"color: #000000;\">Cr\u00e9dit photo : Ermess<\/span><\/address>\n<address>\u00a0<\/address>\n<address>\u00a0<\/address>\n<address>\u00a0<\/address>\n","protected":false},"excerpt":{"rendered":"<p>Le march\u00e9 des pesticides est en hausse en 2011 en raison de conditions m\u00e9t\u00e9orologiques particuli\u00e8rement \u00e9prouvantes pour certaines cultures, a annonc\u00e9 mercredi l&rsquo;Union des industries de la protection des plantes (UIPP). En volume, la hausse est de 1,3% tandis qu&rsquo;en &hellip; <a href=\"https:\/\/claire-jannot.com\/?p=2993\">Continuer la lecture <span class=\"meta-nav\">&rarr;<\/span><\/a><\/p>\n","protected":false},"author":1,"featured_media":0,"comment_status":"open","ping_status":"open","sticky":false,"template":"","format":"standard","meta":{"jetpack_post_was_ever_published":false,"_jetpack_newsletter_access":"","_jetpack_dont_email_post_to_subs":false,"_jetpack_newsletter_tier_id":0,"_jetpack_memberships_contains_paywalled_content":false,"_jetpack_memberships_contains_paid_content":false,"footnotes":"","jetpack_publicize_message":"","jetpack_publicize_feature_enabled":true,"jetpack_social_post_already_shared":false,"jetpack_social_options":{"image_generator_settings":{"template":"highway","default_image_id":0,"font":"","enabled":false},"version":2}},"categories":[2],"tags":[42,3,4,5,10],"class_list":["post-2993","post","type-post","status-publish","format-standard","hentry","category-ecologie","tag-agriculture","tag-consommation","tag-ecologie2","tag-environnement","tag-sante"],"jetpack_publicize_connections":[],"jetpack_featured_media_url":"","jetpack_sharing_enabled":true,"jetpack_shortlink":"https:\/\/wp.me\/p5jjt5-Mh","_links":{"self":[{"href":"https:\/\/claire-jannot.com\/index.php?rest_route=\/wp\/v2\/posts\/2993","targetHints":{"allow":["GET"]}}],"collection":[{"href":"https:\/\/claire-jannot.com\/index.php?rest_route=\/wp\/v2\/posts"}],"about":[{"href":"https:\/\/claire-jannot.com\/index.php?rest_route=\/wp\/v2\/types\/post"}],"author":[{"embeddable":true,"href":"https:\/\/claire-jannot.com\/index.php?rest_route=\/wp\/v2\/users\/1"}],"replies":[{"embeddable":true,"href":"https:\/\/claire-jannot.com\/index.php?rest_route=%2Fwp%2Fv2%2Fcomments&post=2993"}],"version-history":[{"count":1,"href":"https:\/\/claire-jannot.com\/index.php?rest_route=\/wp\/v2\/posts\/2993\/revisions"}],"predecessor-version":[{"id":5586,"href":"https:\/\/claire-jannot.com\/index.php?rest_route=\/wp\/v2\/posts\/2993\/revisions\/5586"}],"wp:attachment":[{"href":"https:\/\/claire-jannot.com\/index.php?rest_route=%2Fwp%2Fv2%2Fmedia&parent=2993"}],"wp:term":[{"taxonomy":"category","embeddable":true,"href":"https:\/\/claire-jannot.com\/index.php?rest_route=%2Fwp%2Fv2%2Fcategories&post=2993"},{"taxonomy":"post_tag","embeddable":true,"href":"https:\/\/claire-jannot.com\/index.php?rest_route=%2Fwp%2Fv2%2Ftags&post=2993"}],"curies":[{"name":"wp","href":"https:\/\/api.w.org\/{rel}","templated":true}]}}