{"id":3077,"date":"2012-07-04T19:02:39","date_gmt":"2012-07-04T18:02:39","guid":{"rendered":"http:\/\/www.clairejannot.com\/?p=3077"},"modified":"2014-11-27T12:49:57","modified_gmt":"2014-11-27T11:49:57","slug":"recyclage-sommes-nous-de-bons-trieurs","status":"publish","type":"post","link":"https:\/\/claire-jannot.com\/?p=3077","title":{"rendered":"Recyclage : Sommes-nous de bons trieurs ?"},"content":{"rendered":"<h2 style=\"text-align: left;\"><span style=\"color: #000000;\">Un quart des tonnages de d\u00e9chets recyclables sont pollu\u00e9s \u00e0 la suite d\u2019erreurs souvent commises par des trieurs trop z\u00e9l\u00e9s.<\/span><\/h2>\n<div>\n<p style=\"text-align: left;\"><span style=\"color: #000000;\"><strong>Les erreurs repr\u00e9sentent pr\u00e8s d\u2019un cinqui\u00e8me des tonnages de tri s\u00e9lectif<\/strong>, de 8% dans les coins \u00e0 habitat pavillonnaire o\u00f9 chaque habitant a son bac jusqu\u2019\u00e0 un quart dans les communes \u00e0 \u00ab\u00a0habitation verticale\u00a0\u00bb . Paradoxalement, la plupart des <strong>erreurs ne sont pas le fait de pignoufs qui jettent leurs poubelles dans le premier bac venu mais sont plut\u00f4t dues \u00e0 de l\u2019exc\u00e8s de z\u00e8le des trieurs.<\/strong><\/span><\/p>\n<p style=\"text-align: left;\"><span style=\"color: #000000;\"><strong>1. Les sacs plastique :\u00a0<\/strong><\/span><strong>La premi\u00e8re erreur<\/strong><span style=\"color: #000000;\"> d\u2019aiguillage, qui repr\u00e9sente 40% des pollutions de recyclages, d\u2019apr\u00e8s Olivier Castagno, responsable tri au SYCTOM<\/span><span style=\"color: #000000;\">, syndicat intercommunal de traitement des ordures m\u00e9nag\u00e8res, c\u2019est la <\/span><strong>pr\u00e9sence de sacs plastiques dans les poubelles jaunes.<\/strong><span style=\"color: #000000;\"> On a s\u00e9par\u00e9 ce qui \u00e9tait recyclage chez soi et on balance le sac plein des d\u00e9chets \u00e0 recycler dans la poubelle jaune. Impasse. <\/span><strong>Les trieurs au centre de recyclage ont pour consigne de ne pas ouvrir les sacs.<\/strong><span style=\"color: #000000;\"> Ils pourraient se blesser. Et \u00e7a fait perdre du temps. Pas la peine non plus de jeter le sac plastique vide s\u00e9par\u00e9ment. D\u2019une mani\u00e8re g\u00e9n\u00e9rale, <\/span><strong>le film plastique n\u2019est pas collect\u00e9<\/strong><span style=\"color: #000000;\"> (les consignes de tri ne sont pas homog\u00e8nes d\u2019une commune \u00e0 l\u2019autre, quelques collectivit\u00e9s locales y ajoutent le film plastique).\u00a0<\/span><\/p>\n<p style=\"text-align: left;\"><span style=\"color: #000000;\">Autre travers de z\u00e9l\u00e9s\u00a0: mettre dans la poubelle jaune ce qu\u2019on aimerait voir. \u00ab\u00a0L\u00e0 o\u00f9 il y a <strong>le plus de confusion, c\u2019est le plastique<\/strong>\u00a0\u00bb , r\u00e9sume <strong>Sylvain Pasquier, du d\u00e9partement organisation des fili\u00e8res et recyclage de l\u2019<\/strong><\/span><strong><a href=\"http:\/\/www.ademe.fr\/\" target=\"_blank\"><span style=\"color: #000000;\">Ademe<\/span><\/a><\/strong><span style=\"color: #000000;\"><strong>.<\/strong> Les bien-intentionn\u00e9s, qui pensent que parce que c\u2019est du plastique \u00e7a devrait \u00eatre recycl\u00e9, balancent barquettes en plastique, pots de yaourts, jouets ou jardini\u00e8res de plante\u2026 Or, <strong>il ne faut pas jeter d\u2019autres plastiques que les flacons et bouteilles, et exclusivement le verre d\u2019emballage (bouteilles et pots).<\/strong>\u00a0<\/span><\/p>\n<p style=\"text-align: left;\"><span style=\"color: #000000;\">\u00a0<\/span><strong>2. Les d\u00e9chets trop petits :\u00a0<\/strong><span style=\"color: #000000;\">Second grand type d\u2019erreur, selon <strong>Olivier Castagno<\/strong>, c\u2019est la pr\u00e9sence de \u00ab\u00a0fines\u00a0\u00bb , autrement dit<strong> les petits \u00e9l\u00e9ments, d\u2019un diam\u00e8tre inf\u00e9rieur \u00e0 huit centim\u00e8tres et qui n\u2019arrivent pas au bout des unit\u00e9s de tri.<\/strong><\/span><\/p>\n<p style=\"text-align: left;\"><span style=\"color: #000000;\">\u00ab\u00a0Un paquet de chewing-gum en carton\u2026 techniquement, ce n\u2019est pas une erreur\u2026 mais c\u2019est perdu.\u00a0\u00bb<\/span><\/p>\n<p style=\"text-align: left;\"><span style=\"color: #000000;\"><strong>3. Les d\u00e9chets pas propres :\u00a0<\/strong><\/span><span style=\"color: #000000;\"><strong>L\u2019emballage cracra repr\u00e9sente 5\u00a0\u00e0 8% des refus<\/strong> selon <strong>Olivier Castagno.<\/strong> Le journal jet\u00e9 dans son emballage plastique, \u00ab\u00a0c\u2019est un v\u0153u pieu de penser qu\u2019ils vont l\u2019ouvrir au centre de tri\u00a0\u00bb . La boite de raviolis \u00e0 moiti\u00e9 pleine. Vous ne pensez pas que les trieurs vont les racler \u00e0 la cuiller\u00a0? \u00ab\u00a0On vide le coca de la bouteille\u00a0\u00bb , demande Bernard Herodin. <strong>Inutile pourtant de laver les emballages, \u00ab\u00a0ils seront compact\u00e9s et les r\u00e9sidus de sauce tomate disparaitront.\u00a0\u00bb<\/strong><\/span><\/p>\n<p style=\"text-align: left;\"><span style=\"color: #000000;\"><strong>4. Les sculptures en d\u00e9chets :\u00a0<\/strong><\/span><span style=\"color: #000000;\">La derni\u00e8re erreur trop z\u00e9l\u00e9e, selon <strong>Olivier Castagno,<\/strong> c\u2019est de penser <strong>qu\u2019on va aider \u00e0 la rationalisation du recyclage en imbriquant les objets les uns dans les autres, \u00ab\u00a0une bouteille en plastique dans un carton d\u2019emballage pur\u00e9e dans un souci de gain de place\u00a0\u00bb .<\/strong> Vous perdez votre temps. Ces \u00e9l\u00e9ments sont renvers\u00e9s dans un camion qui les compacte. \u00ab\u00a0Mais \u00e7a donne un bloc uniforme impossible \u00e0 d\u00e9faire.\u00a0\u00bb <strong>Les d\u00e9chets doivent \u00eatre \u00ab\u00a0libres et s\u00e9par\u00e9s\u00a0\u00bb .<\/strong><\/span><\/p>\n<p style=\"text-align: left;\"><span style=\"color: #000000;\"><strong>5. Est-ce grave\u00a0? :\u00a0<\/strong><\/span><span style=\"color: #000000;\"><strong>S\u2019il y a \u00ab\u00a0pollution globale\u00a0\u00bb du bac, il n\u2019est pas collect\u00e9.<\/strong> Le sac plastique rempli de d\u00e9chets recyclables \u00ab\u00a0part directement au refus\u00a0\u00bb comme on dit dans le milieu. Les autres rebuts, tri\u00e9s \u00e0 la main, rejoignent les ordures m\u00e9nag\u00e8res, d\u2019o\u00f9 un surco\u00fbt au moment du tri et \u00e0 la d\u00e9charge. A <strong>France Nature Environnement, Bruno Genty fait valoir que\u00a0:\u00a0<\/strong><\/span><span style=\"color: #000000;\">\u00ab\u00a0Le tri, ce n\u2019est pas sans impact, ce sont des camions qui tournent. Quand il y a des erreurs, \u00e7a rallonge encore le transport, quand les refus de tri repartent en d\u00e9charge ou en incin\u00e9ration.\u00a0\u00bb<\/span><\/p>\n<p style=\"text-align: left;\"><span style=\"color: #000000;\">\u00a0<\/span><strong>6. Comment am\u00e9liorer les r\u00e9sultats du tri s\u00e9lectif\u00a0? :\u00a0<\/strong><span style=\"color: #000000;\"><strong>Le taux de 20\u00a0\u00e0 25%, on peut facilement le diviser par deux, \u00e0 en croire Bernard Herodin pour arriver \u00e0 un taux de 10% quasi incompressible.<\/strong> A \u00e9couter les sp\u00e9cialistes du tri s\u00e9lectif, on sait ce qui ne marche pas (le petit encart dans la lettre du maire par exemple). Parmi les id\u00e9es qui permettent de r\u00e9duire le taux d\u2019erreur\u00a0:\u00a0<\/span><\/p>\n<p style=\"text-align: left;\"><span style=\"color: #000000;\">Les actions de sensibilisation aupr\u00e8s des enfants et des jeunes. Parce que ce sont souvent eux qui descendent les poubelles, parce que, selon les mots d\u2019<strong>Olivier Catasgno, \u00ab\u00a0c\u2019est plus facile d\u2019apprendre que de modifier un geste\u00a0\u00bb .\u00a0<\/strong><\/span><\/p>\n<p style=\"text-align: left;\"><span style=\"color: #000000;\">Les explications \u00e0 domicile, en particulier dans les zones d\u2019habitat collectif ou vertical o\u00f9 il y a encore beaucoup \u00ab\u00a0de gens qui trient peu ou pas\u00a0\u00bb selon Sylvain Pasquier.<\/span><\/p>\n<p style=\"text-align: left;\"><span style=\"color: #000000;\">\u00a0<\/span><span style=\"color: #000000;\">Le choix des r\u00e9ceptacles peut aussi permettre de r\u00e9duire les erreurs de tri, rappelle Bruno Genty\u00a0: \u00ab\u00a0Les bacs roulants opaques peuvent inciter certains \u00e0 mettre n\u2019importe quoi. <strong>Avec des cagettes \u00e0 claires-voies, \u00e7a se voit si vous faites une erreur<\/strong> et vos voisins vous le diront.\u00a0\u00bb<\/span><\/p>\n<address style=\"text-align: left;\"><span style=\"color: #000000;\">Source :\u00a0<a href=\"http:\/\/www.rue89.com\/\"><span style=\"color: #000000;\">http:\/\/www.rue89.com<\/span><\/a>\u00a0&#8211;\u00a0<a href=\"http:\/\/riverains.rue89.com\/guillemette-faure\"><span style=\"color: #000000;\">Guillemette Faure<\/span><\/a><\/span><\/address>\n<address style=\"text-align: left;\">\u00a0<\/address>\n<address style=\"text-align: left;\">\u00a0<\/address>\n<address style=\"text-align: left;\">\u00a0<\/address>\n<\/div>\n","protected":false},"excerpt":{"rendered":"<p>Un quart des tonnages de d\u00e9chets recyclables sont pollu\u00e9s \u00e0 la suite d\u2019erreurs souvent commises par des trieurs trop z\u00e9l\u00e9s. Les erreurs repr\u00e9sentent pr\u00e8s d\u2019un cinqui\u00e8me des tonnages de tri s\u00e9lectif, de 8% dans les coins \u00e0 habitat pavillonnaire o\u00f9 &hellip; <a href=\"https:\/\/claire-jannot.com\/?p=3077\">Continuer la lecture <span class=\"meta-nav\">&rarr;<\/span><\/a><\/p>\n","protected":false},"author":1,"featured_media":0,"comment_status":"open","ping_status":"open","sticky":false,"template":"","format":"standard","meta":{"jetpack_post_was_ever_published":false,"_jetpack_newsletter_access":"","_jetpack_dont_email_post_to_subs":false,"_jetpack_newsletter_tier_id":0,"_jetpack_memberships_contains_paywalled_content":false,"_jetpack_memberships_contains_paid_content":false,"footnotes":"","jetpack_publicize_message":"","jetpack_publicize_feature_enabled":true,"jetpack_social_post_already_shared":false,"jetpack_social_options":{"image_generator_settings":{"template":"highway","default_image_id":0,"font":"","enabled":false},"version":2}},"categories":[2,47],"tags":[3,4,5,19,11,20],"class_list":["post-3077","post","type-post","status-publish","format-standard","hentry","category-ecologie","category-societe","tag-consommation","tag-ecologie2","tag-environnement","tag-recyclage","tag-societe-2","tag-tri"],"jetpack_publicize_connections":[],"jetpack_featured_media_url":"","jetpack_sharing_enabled":true,"jetpack_shortlink":"https:\/\/wp.me\/p5jjt5-ND","_links":{"self":[{"href":"https:\/\/claire-jannot.com\/index.php?rest_route=\/wp\/v2\/posts\/3077","targetHints":{"allow":["GET"]}}],"collection":[{"href":"https:\/\/claire-jannot.com\/index.php?rest_route=\/wp\/v2\/posts"}],"about":[{"href":"https:\/\/claire-jannot.com\/index.php?rest_route=\/wp\/v2\/types\/post"}],"author":[{"embeddable":true,"href":"https:\/\/claire-jannot.com\/index.php?rest_route=\/wp\/v2\/users\/1"}],"replies":[{"embeddable":true,"href":"https:\/\/claire-jannot.com\/index.php?rest_route=%2Fwp%2Fv2%2Fcomments&post=3077"}],"version-history":[{"count":1,"href":"https:\/\/claire-jannot.com\/index.php?rest_route=\/wp\/v2\/posts\/3077\/revisions"}],"predecessor-version":[{"id":5492,"href":"https:\/\/claire-jannot.com\/index.php?rest_route=\/wp\/v2\/posts\/3077\/revisions\/5492"}],"wp:attachment":[{"href":"https:\/\/claire-jannot.com\/index.php?rest_route=%2Fwp%2Fv2%2Fmedia&parent=3077"}],"wp:term":[{"taxonomy":"category","embeddable":true,"href":"https:\/\/claire-jannot.com\/index.php?rest_route=%2Fwp%2Fv2%2Fcategories&post=3077"},{"taxonomy":"post_tag","embeddable":true,"href":"https:\/\/claire-jannot.com\/index.php?rest_route=%2Fwp%2Fv2%2Ftags&post=3077"}],"curies":[{"name":"wp","href":"https:\/\/api.w.org\/{rel}","templated":true}]}}