{"id":3180,"date":"2012-07-07T18:03:16","date_gmt":"2012-07-07T17:03:16","guid":{"rendered":"http:\/\/www.clairejannot.com\/?p=3180"},"modified":"2015-01-17T16:57:59","modified_gmt":"2015-01-17T15:57:59","slug":"la-coree-reprend-la-chasse-a-la-baleine-pour-la-science","status":"publish","type":"post","link":"https:\/\/claire-jannot.com\/?p=3180","title":{"rendered":"La Cor\u00e9e reprend la chasse \u00e0 la baleine \u00ab\u00a0pour la science\u00a0\u00bb"},"content":{"rendered":"<div id=\"articleHeader\">\n<h2><span style=\"color: #000000;\">La Cor\u00e9e du Sud a surpris tout le monde en annon\u00e7ant mercredi \u00e0 la r\u00e9union de la Commission Baleini\u00e8re Internationale (CBI) qu&rsquo;elle envisageait de se remettre \u00e0 chasser la baleine \u00e0 des fins scientifiques. De nombreuses voix s&rsquo;\u00e9l\u00e8vent d&rsquo;ores et d\u00e9j\u00e0 contre cette d\u00e9cision.<\/span><\/h2>\n<\/div>\n<div id=\"minorColumn1\">\n<div id=\"articleText\">\n<p><span style=\"color: #000000;\"><a href=\"https:\/\/i0.wp.com\/www.clairejannot.com\/wp-content\/uploads\/2012\/07\/baleine.jpg\"><img data-recalc-dims=\"1\" loading=\"lazy\" decoding=\"async\" class=\"alignleft  wp-image-3181\" title=\"baleine\" src=\"https:\/\/i0.wp.com\/www.clairejannot.com\/wp-content\/uploads\/2012\/07\/baleine.jpg?resize=461%2C345\" alt=\"\" width=\"461\" height=\"345\" \/><\/a>C&rsquo;est lors de la derni\u00e8re r\u00e9union de la <strong>Commission baleini\u00e8re internationale (CBI),<\/strong> tenue au Panama ce mercredi, que <strong>la Cor\u00e9e\u00a0a annonc\u00e9 qu&rsquo;elle comptait reprendre la chasse \u00e0 la baleine.<\/strong> Les d\u00e9fenseurs de l&rsquo;environnement sont indign\u00e9s, bien que <strong>le motif de \u00ab\u00a0recherche scientifique\u00a0\u00bb<\/strong> ait \u00e9t\u00e9 invoqu\u00e9.\u00a0<\/span><span style=\"color: #000000;\">En effet, <strong>la chasse \u00e0 la baleine commerciale \u00e9tant interdite depuis 1986<\/strong>, la Cor\u00e9e n&rsquo;a pas d&rsquo;autre choix que de plaider pour une vis\u00e9e scientifique. C&rsquo;est d&rsquo;ailleurs <strong>la m\u00eame raison qu&rsquo;ont utilis\u00e9 le Japon, la Norv\u00e8ge et l&rsquo;Islande<\/strong> pour pouvoir chasser les gros c\u00e9tac\u00e9s.\u00a0Dans un communiqu\u00e9,<strong> le Fonds International\u00a0<\/strong><\/span><span style=\"color: #000000;\"><strong>pour la protection des animaux (IFAW) d\u00e9nonce explicitement\u00a0que \u00ab\u00a0la\u00a0chasse scientifique \u00e0 la baleine n&rsquo;est qu&rsquo;un d\u00e9guisement de la chasse commerciale\u00a0\u00bb.<\/strong> L&rsquo;association a fait savoir qu&rsquo;elle\u00a0s&rsquo;opposait \u00e0 cette chasse qu&rsquo;elle \u00ab\u00a0consid\u00e8re comme une pratique cruelle, superflue et non durable par essence\u00a0\u00bb.\u00a0<\/span><\/p>\n<p><span style=\"color: #000000;\">De son c\u00f4t\u00e9, l&rsquo;envoy\u00e9 sud-cor\u00e9en \u00e0 Panama <strong>Kang Joon-Suk<\/strong> a soulign\u00e9 que la consommation de viande de baleine dans son pays <strong>\u00ab\u00a0remontait aux temps anciens\u00a0\u00bb.<\/strong> Pourtant, cette viande est un aliment traditionnel dans certaines villes c\u00f4ti\u00e8res cor\u00e9ennes, notamment \u00e0 Ulsan. La vente de viande de baleines attrap\u00e9es accidentellement dans les filets de p\u00eache est d&rsquo;ailleurs d\u00e9j\u00e0 autoris\u00e9e en Cor\u00e9e. <strong>Le nombre de baleines captur\u00e9es \u00ab\u00a0par erreur\u00a0\u00bb \u00e9tant tr\u00e8s \u00e9lev\u00e9, il semblerait pour les d\u00e9fenseurs de l&rsquo;environnement que beaucoup de baleines soient tu\u00e9es d\u00e9lib\u00e9r\u00e9ment.\u00a0<\/strong><\/span><\/p>\n<p><span style=\"color: #000000;\"><strong>La Premi\u00e8re ministre australienne, Julia Gillard, a confi\u00e9 \u00e0 la presse : \u00ab\u00a0Je suis tr\u00e8s d\u00e9\u00e7ue de l&rsquo;annonce de la Cor\u00e9e du Sud. Nous sommes totalement oppos\u00e9s \u00e0 la chasse \u00e0 la baleine, il n&rsquo;y a aucune excuse pour une chasse \u00e0 la baleine sous des pr\u00e9textes scientifiques\u00a0\u00bb.<\/strong> Elle a d&rsquo;ailleurs \u00ab\u00a0demand\u00e9 \u00e0 notre ambassadeur en Cor\u00e9e d&rsquo;\u00e9voquer le sujet au plus haut niveau d\u00e8s aujourd&rsquo;hui\u00a0\u00bb. <strong>Le ministre des Affaires \u00e9trang\u00e8res n\u00e9o-z\u00e9landais Murray McCully<\/strong> a fait de m\u00eame de son c\u00f4t\u00e9. Pour lui, le projet de S\u00e9oul \u00ab\u00a0n&rsquo;a pas plus de cr\u00e9dibilit\u00e9 que le programme soit-disant scientifique conduit par le Japon, dont on sait depuis longtemps qu&rsquo;il cache une chasse commerciale\u00a0\u00bb. <strong>Il va m\u00eame jusqu&rsquo;\u00e0 d\u00e9noncer la CBI, qui aurait selon lui \u00ab\u00a0du mal \u00e0 se positionner comme une institution scientifique cr\u00e9dible\u00a0\u00bb.<\/strong><\/span><\/p>\n<p><span style=\"color: #000000;\">M\u00eame en Cor\u00e9e du Sud, l&rsquo;annonce a choqu\u00e9. <strong>Un membre de l&rsquo;organisation de d\u00e9fense de l&rsquo;environnement Greenpeace Cor\u00e9e, Han Jeong-Hee, a ainsi d\u00e9clar\u00e9 \u00e0 l&rsquo;AFP avoir \u00e9t\u00e9 \u00ab\u00a0surpris par cette d\u00e9cision\u00a0\u00bb.<\/strong> Dans un communiqu\u00e9, la F\u00e9d\u00e9ration cor\u00e9enne pour l&rsquo;environnement a directement appel\u00e9 le gouvernement \u00e0 changer d&rsquo;avis en ces termes : <strong>\u00ab\u00a0Nous condamnons le minist\u00e8re de l&rsquo;Agriculture et de la P\u00eache pour marcher dans les traces du Japon en mati\u00e8re de chasse \u00e0 la baleine, devenue un sujet de critiques internationales\u00a0\u00bb.<\/strong><\/span><\/p>\n<p><span style=\"color: #000000;\">L&rsquo;IFAW prie \u00ab\u00a0vivement la Cor\u00e9e d&rsquo;abandonner ce plan d\u00e8s maintenant\u00a0\u00bb.\u00a0A la chasse scientifique, l&rsquo;organisation propose une alternative : l&rsquo;observation responsable des baleines. Pour elle : \u00ab\u00a0Il n&rsquo;existe simplement aucun moyen humain de tuer une baleine. L&rsquo;observation responsable des baleines offre une alternative humaine et \u00e9conomiquement viable, meilleure pour les baleines et qui fournit des moyens de subsistance plus durables aux populations\u00a0\u00bb.<\/span><\/p>\n<p><span style=\"color: #000000;\">Le projet de S\u00e9oul sera examin\u00e9 par un comit\u00e9 scientifique de la CBI aux environs de l&rsquo;\u00e9t\u00e9 2013.\u00a0<\/span><\/p>\n<address><span style=\"color: #000000;\">Source :\u00a0<a href=\"http:\/\/www.maxisciences.com\/\"><span style=\"color: #000000;\">http:\/\/www.maxisciences.com<\/span><\/a><\/span><\/address>\n<address><span style=\"color: #000000;\">Cr\u00e9dit photo :\u00a0<a href=\"http:\/\/naturendanger.blogspot.com\/\"><span style=\"color: #000000;\">http:\/\/naturendanger.blogspot.com<\/span><\/a><\/span><\/address>\n<address>\u00a0<\/address>\n<address>\u00a0<\/address>\n<\/div>\n<\/div>\n","protected":false},"excerpt":{"rendered":"<p>La Cor\u00e9e du Sud a surpris tout le monde en annon\u00e7ant mercredi \u00e0 la r\u00e9union de la Commission Baleini\u00e8re Internationale (CBI) qu&rsquo;elle envisageait de se remettre \u00e0 chasser la baleine \u00e0 des fins scientifiques. De nombreuses voix s&rsquo;\u00e9l\u00e8vent d&rsquo;ores et &hellip; <a href=\"https:\/\/claire-jannot.com\/?p=3180\">Continuer la lecture <span class=\"meta-nav\">&rarr;<\/span><\/a><\/p>\n","protected":false},"author":1,"featured_media":0,"comment_status":"open","ping_status":"open","sticky":false,"template":"","format":"standard","meta":{"jetpack_post_was_ever_published":false,"_jetpack_newsletter_access":"","_jetpack_dont_email_post_to_subs":false,"_jetpack_newsletter_tier_id":0,"_jetpack_memberships_contains_paywalled_content":false,"_jetpack_memberships_contains_paid_content":false,"footnotes":"","jetpack_publicize_message":"","jetpack_publicize_feature_enabled":true,"jetpack_social_post_already_shared":false,"jetpack_social_options":{"image_generator_settings":{"template":"highway","default_image_id":0,"font":"","enabled":false},"version":2}},"categories":[2],"tags":[3,4,5,52,48],"class_list":["post-3180","post","type-post","status-publish","format-standard","hentry","category-ecologie","tag-consommation","tag-ecologie2","tag-environnement","tag-oceans","tag-vie-animale"],"jetpack_publicize_connections":[],"jetpack_featured_media_url":"","jetpack_sharing_enabled":true,"jetpack_shortlink":"https:\/\/wp.me\/p5jjt5-Pi","_links":{"self":[{"href":"https:\/\/claire-jannot.com\/index.php?rest_route=\/wp\/v2\/posts\/3180","targetHints":{"allow":["GET"]}}],"collection":[{"href":"https:\/\/claire-jannot.com\/index.php?rest_route=\/wp\/v2\/posts"}],"about":[{"href":"https:\/\/claire-jannot.com\/index.php?rest_route=\/wp\/v2\/types\/post"}],"author":[{"embeddable":true,"href":"https:\/\/claire-jannot.com\/index.php?rest_route=\/wp\/v2\/users\/1"}],"replies":[{"embeddable":true,"href":"https:\/\/claire-jannot.com\/index.php?rest_route=%2Fwp%2Fv2%2Fcomments&post=3180"}],"version-history":[{"count":1,"href":"https:\/\/claire-jannot.com\/index.php?rest_route=\/wp\/v2\/posts\/3180\/revisions"}],"predecessor-version":[{"id":5738,"href":"https:\/\/claire-jannot.com\/index.php?rest_route=\/wp\/v2\/posts\/3180\/revisions\/5738"}],"wp:attachment":[{"href":"https:\/\/claire-jannot.com\/index.php?rest_route=%2Fwp%2Fv2%2Fmedia&parent=3180"}],"wp:term":[{"taxonomy":"category","embeddable":true,"href":"https:\/\/claire-jannot.com\/index.php?rest_route=%2Fwp%2Fv2%2Fcategories&post=3180"},{"taxonomy":"post_tag","embeddable":true,"href":"https:\/\/claire-jannot.com\/index.php?rest_route=%2Fwp%2Fv2%2Ftags&post=3180"}],"curies":[{"name":"wp","href":"https:\/\/api.w.org\/{rel}","templated":true}]}}