{"id":3199,"date":"2012-07-09T16:05:23","date_gmt":"2012-07-09T15:05:23","guid":{"rendered":"http:\/\/www.clairejannot.com\/?p=3199"},"modified":"2014-11-27T12:49:38","modified_gmt":"2014-11-27T11:49:38","slug":"electromenager-les-chiffres-du-recyclage","status":"publish","type":"post","link":"https:\/\/claire-jannot.com\/?p=3199","title":{"rendered":"Electrom\u00e9nager : les chiffres du recyclage"},"content":{"rendered":"<div id=\"articleHeader\">\n<h2>En 2011, quelque 32,5 millions d&rsquo;appareils\u00a0\u00e9lectriques ont \u00e9t\u00e9 recycl\u00e9s, \u00e0 pr\u00e8s de 80%, par l&rsquo;\u00e9co-organisme Eco-syst\u00e8mes charg\u00e9 de la collecte et la valorisation de ce type de d\u00e9chets. Gr\u00e2ce\u00a0\u00e0 ce recyclage, ce sont 298.000 barils de p\u00e9trole brut qui ont \u00e9t\u00e9 \u00e9conomis\u00e9s l&rsquo;ann\u00e9e derni\u00e8re.<\/h2>\n<\/div>\n<div id=\"minorColumn1\">\n<div id=\"articleText\">\n<p><span style=\"color: #000000;\"><a href=\"https:\/\/i0.wp.com\/www.clairejannot.com\/wp-content\/uploads\/2012\/07\/recycl.jpg\"><img data-recalc-dims=\"1\" loading=\"lazy\" decoding=\"async\" class=\"alignleft size-medium wp-image-3200\" title=\"recycl\" src=\"https:\/\/i0.wp.com\/www.clairejannot.com\/wp-content\/uploads\/2012\/07\/recycl-300x156.jpg?resize=300%2C156\" alt=\"\" width=\"300\" height=\"156\" \/><\/a><strong>Eco-syst\u00e8mes, l&rsquo;organisme \u00e0 but non lucratif charg\u00e9 de la collecte et la valorisation des appareils \u00e9lectriques et \u00e9lectroniques,<\/strong> vient de publier son bilan de l&rsquo;ann\u00e9e 2011 en mati\u00e8re de d\u00e9veloppement durable. Dans un communiqu\u00e9, <strong>il annonce avoir recycl\u00e9 l&rsquo;ann\u00e9e derni\u00e8re quelque 32,5 millions d&rsquo;appareils, \u00e0 80%,<\/strong> et souligne l&rsquo;impact de cette valorisation sur la pr\u00e9servation des ressources naturelles.\u00a0<\/span><span style=\"color: #000000;\"><strong>\u00ab\u00a0Le recyclage et la valorisation de tous les appareils \u00e9lectriques et \u00e9lectroniques, allant du plus petit t\u00e9l\u00e9phone au plus gros r\u00e9frig\u00e9rateur, se traduisent par des r\u00e9sultats concrets \u00e0 l&rsquo;\u00e9chelle du d\u00e9veloppement durable\u00a0\u00bb<\/strong> affirme l&rsquo;organisme. Les millions d&rsquo;appareils pris en charge l&rsquo;ann\u00e9e derni\u00e8re par Eco-syst\u00e8mes<strong> ont ainsi permis d&rsquo;\u00e9conomiser 298 000 barils de p\u00e9troles bruts.<\/strong> Une quantit\u00e9 qui repr\u00e9sente l&rsquo;\u00e9quivalent de <strong>447.000 pleins de carburant d&rsquo;un v\u00e9hicule,<\/strong> tandis que l&rsquo;\u00e9mission de quelque 188 000 tonnes de CO2 a \u00e9galement pu \u00eatre \u00e9vit\u00e9e, pr\u00e9cise le communiqu\u00e9.<\/span><\/p>\n<p><span style=\"color: #000000;\"><strong>Eco-syst\u00e8mes indique en outre avoir extrait 134.000 tonnes de ferrailles des appareils qui ont \u00e9t\u00e9 collect\u00e9s.<\/strong> Une production de fer recycl\u00e9e qui a permis de r\u00e9aliser<strong> une \u00e9conomie \u00e9quivalente \u00e0 la consommation \u00e9nerg\u00e9tique de 4.100 m\u00e9nages sur un an.\u00a0<\/strong>Cette \u00e9nergie aurait \u00e9t\u00e9 d\u00e9pens\u00e9e par une production puisant dans les minerais, souligne l&rsquo;\u00e9co-organisme avant d&rsquo;expliquer ce que deviennent toutes ces mati\u00e8res recycl\u00e9es.<\/span><\/p>\n<p><span style=\"color: #000000;\"><strong>Une nouvelle vie pour les d\u00e9chets recycl\u00e9s :\u00a0<\/strong><\/span><span style=\"color: #000000;\">Nous les retrouvons dans notre quotidien, indique-t-il. <strong>L&rsquo;aluminium, par exemple, est utilis\u00e9 dans la fabrication de pi\u00e8ces automobiles,<\/strong> \u00e0 l&rsquo;instar des plastiques qui peuvent \u00eatre transform\u00e9s en pi\u00e8ces cach\u00e9es. <strong>Les m\u00e9taux ferreux, eux, deviennent essentiellement des armatures m\u00e9talliques pour la construction,<\/strong> tandis que le verre extrait des tubes cathodiques permet de fabriquer de nouveaux tubes mais aussi des mat\u00e9riaux abrasifs ou \u00eatre utilis\u00e9s dans la conception de certains mat\u00e9riaux de construction et c\u00e9ramiques.<\/span><\/p>\n<p><span style=\"color: #000000;\">En outre, en recyclant<strong> les DEEE (d\u00e9chets d&rsquo;\u00e9quipements \u00e9lectriques et \u00e9lectroniques),<\/strong>\u00a0Eco-syst\u00e8me extrait et neutralise les substances dangereuses qu&rsquo;ils contiennent. <strong>Plus de 490 tonnes de condensateurs, qui peuvent renfermer des PCB polluants, ont ainsi \u00e9t\u00e9 neutralis\u00e9s, de m\u00eame que 410 tonnes de gaz CFC.<\/strong> Ceux-ci \u00e9taient utilis\u00e9s dans l&rsquo;isolation des r\u00e9frig\u00e9rateurs et cong\u00e9lateurs avant d&rsquo;\u00eatre interdits en 1994 en raison de leur contribution \u00e0 la destruction de la couche d&rsquo;ozone et au r\u00e9chauffement climatique.<\/span><\/p>\n<p><strong><span style=\"color: #000000;\">Enfin, Eco-syst\u00e8me travaille avec les associations Emma\u00fcs et Envie, gr\u00e2ce auxquelles 450 appareils ont pu \u00eatre r\u00e9employ\u00e9s apr\u00e8s s&rsquo;\u00eatre vu offrir une seconde jeunesse.<\/span><\/strong><\/p>\n<address><span style=\"color: #000000;\">Source :\u00a0<a href=\"http:\/\/www.maxisciences.com\/\"><span style=\"color: #000000;\">http:\/\/www.maxisciences.com<\/span><\/a><\/span><\/address>\n<address><span style=\"color: #000000;\">Cr\u00e9dit photo :\u00a0<a href=\"http:\/\/www.cotemaison.fr\/\"><span style=\"color: #000000;\">http:\/\/www.cotemaison.fr<\/span><\/a><\/span><\/address>\n<address>\u00a0<\/address>\n<address>\u00a0<\/address>\n<address>\u00a0<\/address>\n<\/div>\n<\/div>\n","protected":false},"excerpt":{"rendered":"<p>En 2011, quelque 32,5 millions d&rsquo;appareils\u00a0\u00e9lectriques ont \u00e9t\u00e9 recycl\u00e9s, \u00e0 pr\u00e8s de 80%, par l&rsquo;\u00e9co-organisme Eco-syst\u00e8mes charg\u00e9 de la collecte et la valorisation de ce type de d\u00e9chets. Gr\u00e2ce\u00a0\u00e0 ce recyclage, ce sont 298.000 barils de p\u00e9trole brut qui ont &hellip; <a href=\"https:\/\/claire-jannot.com\/?p=3199\">Continuer la lecture <span class=\"meta-nav\">&rarr;<\/span><\/a><\/p>\n","protected":false},"author":1,"featured_media":0,"comment_status":"open","ping_status":"open","sticky":false,"template":"","format":"standard","meta":{"jetpack_post_was_ever_published":false,"_jetpack_newsletter_access":"","_jetpack_dont_email_post_to_subs":false,"_jetpack_newsletter_tier_id":0,"_jetpack_memberships_contains_paywalled_content":false,"_jetpack_memberships_contains_paid_content":false,"footnotes":"","jetpack_publicize_message":"","jetpack_publicize_feature_enabled":true,"jetpack_social_post_already_shared":false,"jetpack_social_options":{"image_generator_settings":{"template":"highway","default_image_id":0,"font":"","enabled":false},"version":2}},"categories":[2,47],"tags":[3,4,5,19,20],"class_list":["post-3199","post","type-post","status-publish","format-standard","hentry","category-ecologie","category-societe","tag-consommation","tag-ecologie2","tag-environnement","tag-recyclage","tag-tri"],"jetpack_publicize_connections":[],"jetpack_featured_media_url":"","jetpack_sharing_enabled":true,"jetpack_shortlink":"https:\/\/wp.me\/p5jjt5-PB","_links":{"self":[{"href":"https:\/\/claire-jannot.com\/index.php?rest_route=\/wp\/v2\/posts\/3199","targetHints":{"allow":["GET"]}}],"collection":[{"href":"https:\/\/claire-jannot.com\/index.php?rest_route=\/wp\/v2\/posts"}],"about":[{"href":"https:\/\/claire-jannot.com\/index.php?rest_route=\/wp\/v2\/types\/post"}],"author":[{"embeddable":true,"href":"https:\/\/claire-jannot.com\/index.php?rest_route=\/wp\/v2\/users\/1"}],"replies":[{"embeddable":true,"href":"https:\/\/claire-jannot.com\/index.php?rest_route=%2Fwp%2Fv2%2Fcomments&post=3199"}],"version-history":[{"count":1,"href":"https:\/\/claire-jannot.com\/index.php?rest_route=\/wp\/v2\/posts\/3199\/revisions"}],"predecessor-version":[{"id":5715,"href":"https:\/\/claire-jannot.com\/index.php?rest_route=\/wp\/v2\/posts\/3199\/revisions\/5715"}],"wp:attachment":[{"href":"https:\/\/claire-jannot.com\/index.php?rest_route=%2Fwp%2Fv2%2Fmedia&parent=3199"}],"wp:term":[{"taxonomy":"category","embeddable":true,"href":"https:\/\/claire-jannot.com\/index.php?rest_route=%2Fwp%2Fv2%2Fcategories&post=3199"},{"taxonomy":"post_tag","embeddable":true,"href":"https:\/\/claire-jannot.com\/index.php?rest_route=%2Fwp%2Fv2%2Ftags&post=3199"}],"curies":[{"name":"wp","href":"https:\/\/api.w.org\/{rel}","templated":true}]}}