{"id":3230,"date":"2012-07-13T15:16:44","date_gmt":"2012-07-13T13:16:44","guid":{"rendered":"http:\/\/www.clairejannot.com\/?p=3230"},"modified":"2012-07-13T15:16:44","modified_gmt":"2012-07-13T13:16:44","slug":"australie-creation-dune-reserve-naturelle-de-la-taille-du-portugal","status":"publish","type":"post","link":"https:\/\/claire-jannot.com\/?p=3230","title":{"rendered":"Australie : cr\u00e9ation d&rsquo;une r\u00e9serve naturelle de la taille du Portugal"},"content":{"rendered":"<div id=\"articleHeader\">\n<h2>Le gouvernement australien a proclam\u00e9 mardi la cr\u00e9ation d&rsquo;une r\u00e9serve naturelle autochtone de dix millions d&rsquo;hectares dans le d\u00e9sert de Tanami. Les aborig\u00e8nes vivant dans la zone c\u00e9l\u00e8brent la cr\u00e9ation du plus grand parc national du pays.<\/h2>\n<\/div>\n<div id=\"minorColumn1\">\n<div id=\"articleText\">\n<p><span style=\"color: #000000;\"><a href=\"https:\/\/i0.wp.com\/www.clairejannot.com\/wp-content\/uploads\/2012\/07\/australie.jpg\"><img data-recalc-dims=\"1\" loading=\"lazy\" decoding=\"async\" class=\"alignleft size-full wp-image-3231\" title=\"australie\" src=\"https:\/\/i0.wp.com\/www.clairejannot.com\/wp-content\/uploads\/2012\/07\/australie.jpg?resize=300%2C339\" alt=\"\" width=\"300\" height=\"339\" \/><\/a>Au milieu du d\u00e9sert australien, dans la petite localit\u00e9 de <strong>Sangsters Bore,<\/strong> des dizaines d&rsquo;Aborig\u00e8nes ont explos\u00e9 de joie hier. Ils viennent d&rsquo;apprendre que le gouvernement central a d\u00e9cr\u00e9t\u00e9 la protection d&rsquo;une <strong>zone de dix millions d&rsquo;hectares (plus de 100.000 kilom\u00e8tres carr\u00e9s), qui comprend leurs propres terres ancestrales.<\/strong><\/span><\/p>\n<p><span style=\"color: #000000;\">\u00ab\u00a0Aujourd&rsquo;hui, je suis tr\u00e8s \u00e9mu. Aujourd&rsquo;hui, nous f\u00eatons la libert\u00e9\u00a0\u00bb, s&rsquo;enthousiasme <strong>Eddie Jampijinpa Robertson, un a\u00een\u00e9 de la tribu Warlpiri de Yuendemu,<\/strong> une communaut\u00e9 aborig\u00e8ne\u00a0situ\u00e9e \u00e0 250 kilom\u00e8tres d&rsquo;Alice Springs. \u00ab\u00a0Notre r\u00eave de pouvoir prendre soin de cette terre est exauc\u00e9\u00a0\u00bb, s&rsquo;est-il \u00e9mu, nous rapporte news.com.au.<\/span><\/p>\n<p><span style=\"color: #000000;\"><strong>Pr\u00e8s de deux millions d&rsquo;euros allou\u00e9s :<\/strong><\/span><span style=\"color: #000000;\"><strong>\u00ab\u00a0L&rsquo;Aire Autochtone Prot\u00e9g\u00e9e (Indigenous Protected Area &#8211; IPA) du Tanami Sud\u00a0\u00bb<\/strong> &#8211; c&rsquo;est son nom &#8211; fait partie du corridor \u00e9cologique transaustralien (Trans-Australia Eco-link) et s&rsquo;\u00e9tend de la Terre d&rsquo;Arnhem au nord, \u00e0 la Grande baie australienne, \u00e0 plus de 3.500 kilom\u00e8tres au sud.<\/span><\/p>\n<p><span style=\"color: #000000;\">Cette nouvelle zone de conservation est <strong>la plus grande surface terrestre en Australie\u00a0rendue \u00e0 la nature,<\/strong> elle inclut \u00e0 la fois une zone de d\u00e9serts et de savanes subtropicales. \u00c0 titre comparatif, la r\u00e9serve<strong> serait aussi vaste que le Portugal.<\/strong> Concr\u00e8tement, <strong>les Aborig\u00e8nes pourront prendre part \u00e0 la gestion de l&rsquo;\u00e9cosyst\u00e8me,<\/strong> \u00e0 son attribution et \u00e0 sa protection tant sur le plan culturel qu&rsquo;environnemental. Un atout ind\u00e9niable en mati\u00e8re de cr\u00e9ation d&#8217;emplois pour les natifs du continent.<\/span><\/p>\n<p><span style=\"color: #000000;\">Le gouvernement f\u00e9d\u00e9ral va allouer un fond d&rsquo;1,6 million de dollars australiens (<strong>plus d&rsquo;1,3 million d&rsquo;euros) sur les deux prochaines ann\u00e9es, destin\u00e9 aux rangers locaux pour g\u00e9rer la r\u00e9gion du Tanami Sud. Un groupe philanthropique, The Nature Conservancy, est venu se joindre au financement en proposant 500.000 dollars australiens (pr\u00e8s de 420.000 euros) d&rsquo;aide \u00e0 la conservation de la zone.<\/strong> \u00ab\u00a0Cette nouvelle aire prot\u00e9g\u00e9e sera un exemple pour toute l&rsquo;Australie dans la mani\u00e8re de prendre soin d&rsquo;une terre\u00a0\u00bb, a affirm\u00e9 le ministre f\u00e9d\u00e9ral de la Sant\u00e9 autochtone, Warren Snowdon.<\/span><\/p>\n<p><span style=\"color: #000000;\"><strong>Une reconnaissance du savoir aborig\u00e8ne :\u00a0<\/strong><\/span><span style=\"color: #000000;\">\u00ab\u00a0C&rsquo;est un message \u00e0 toute la communaut\u00e9 australienne du pays : nous n&rsquo;en sommes pas uniquement les gardiens, mais nous savons ce qu&rsquo;il faut faire pour prendre soin de notre pays\u00a0\u00bb, a-t-il soulign\u00e9.<\/span><\/p>\n<p><span style=\"color: #000000;\"><strong>Lottie Robertson,<\/strong> une propri\u00e9taire terrienne traditionnelle, a tenu \u00e0 insister que ce r\u00e9sultat probant \u00e9tait le fruit de cinq ans de travail acharn\u00e9. Avec cette protection du gouvernement, son peuple est assur\u00e9 de pouvoir transmettre ses connaissances aux g\u00e9n\u00e9rations futures. <strong>\u00ab\u00a0Le Sud Tanami appartient au peuple Warlpiri\u00a0\u00bb<\/strong>, a-t-elle lanc\u00e9 \u00e0 la foule en accueillant l&rsquo;annonce de la cr\u00e9ation de la r\u00e9serve. \u00ab\u00a0Nous avons maintenant de jeunes rangers qui apprennent \u00e0 prendre soin de leur terre\u00a0\u00bb, a pr\u00e9cis\u00e9 Mme Robertson.\u00a0<\/span><span style=\"color: #000000;\"><strong>Philip Wilyuka, pr\u00e9sident du Central Land Council,<\/strong> s&rsquo;est r\u00e9joui de cette d\u00e9cision. Pour lui, l&rsquo;instauration d&rsquo;Aires Autochtones Prot\u00e9g\u00e9es marquent un changement dans la mani\u00e8re dont les autochtones sont trait\u00e9s par le gouvernement australien, par rapport au pass\u00e9. \u00a0<\/span><span style=\"color: #000000;\">\u00ab\u00a0C&rsquo;est v\u00e9ritablement la cl\u00e9. <strong>Les Aborig\u00e8nes ont 40.000 ans de connaissance de l&rsquo;Australie et ils savent comment prendre soin de leur pays\u00a0\u00bb<\/strong>, a d\u00e9clar\u00e9 le <strong>Dr. Michael Looker<\/strong>, directeur de Nature Conservancy Australia.<\/span><\/p>\n<p><span style=\"color: #000000;\">La nouvelle zone prot\u00e9g\u00e9e du Tanami Sud h\u00e9bergerait une <strong>faune rare compos\u00e9e d&rsquo;esp\u00e8ces menac\u00e9es<\/strong>, telles que le grand scinque du d\u00e9sert, le bandicoot lapin ou la perruche d&rsquo;Alexandra.<\/span><\/p>\n<p><span style=\"color: #000000;\">Source et cr\u00e9dit photo : www.maxisciences.com<\/span><\/p>\n<\/div>\n<\/div>\n","protected":false},"excerpt":{"rendered":"<p>Le gouvernement australien a proclam\u00e9 mardi la cr\u00e9ation d&rsquo;une r\u00e9serve naturelle autochtone de dix millions d&rsquo;hectares dans le d\u00e9sert de Tanami. Les aborig\u00e8nes vivant dans la zone c\u00e9l\u00e8brent la cr\u00e9ation du plus grand parc national du pays. Au milieu du &hellip; <a href=\"https:\/\/claire-jannot.com\/?p=3230\">Continuer la lecture <span class=\"meta-nav\">&rarr;<\/span><\/a><\/p>\n","protected":false},"author":1,"featured_media":0,"comment_status":"open","ping_status":"open","sticky":false,"template":"","format":"standard","meta":{"jetpack_post_was_ever_published":false,"_jetpack_newsletter_access":"","_jetpack_dont_email_post_to_subs":false,"_jetpack_newsletter_tier_id":0,"_jetpack_memberships_contains_paywalled_content":false,"_jetpack_memberships_contains_paid_content":false,"footnotes":"","jetpack_publicize_message":"","jetpack_publicize_feature_enabled":true,"jetpack_social_post_already_shared":false,"jetpack_social_options":{"image_generator_settings":{"template":"highway","default_image_id":0,"font":"","enabled":false},"version":2}},"categories":[2],"tags":[4,5],"class_list":["post-3230","post","type-post","status-publish","format-standard","hentry","category-ecologie","tag-ecologie2","tag-environnement"],"jetpack_publicize_connections":[],"jetpack_featured_media_url":"","jetpack_sharing_enabled":true,"jetpack_shortlink":"https:\/\/wp.me\/p5jjt5-Q6","_links":{"self":[{"href":"https:\/\/claire-jannot.com\/index.php?rest_route=\/wp\/v2\/posts\/3230","targetHints":{"allow":["GET"]}}],"collection":[{"href":"https:\/\/claire-jannot.com\/index.php?rest_route=\/wp\/v2\/posts"}],"about":[{"href":"https:\/\/claire-jannot.com\/index.php?rest_route=\/wp\/v2\/types\/post"}],"author":[{"embeddable":true,"href":"https:\/\/claire-jannot.com\/index.php?rest_route=\/wp\/v2\/users\/1"}],"replies":[{"embeddable":true,"href":"https:\/\/claire-jannot.com\/index.php?rest_route=%2Fwp%2Fv2%2Fcomments&post=3230"}],"version-history":[{"count":0,"href":"https:\/\/claire-jannot.com\/index.php?rest_route=\/wp\/v2\/posts\/3230\/revisions"}],"wp:attachment":[{"href":"https:\/\/claire-jannot.com\/index.php?rest_route=%2Fwp%2Fv2%2Fmedia&parent=3230"}],"wp:term":[{"taxonomy":"category","embeddable":true,"href":"https:\/\/claire-jannot.com\/index.php?rest_route=%2Fwp%2Fv2%2Fcategories&post=3230"},{"taxonomy":"post_tag","embeddable":true,"href":"https:\/\/claire-jannot.com\/index.php?rest_route=%2Fwp%2Fv2%2Ftags&post=3230"}],"curies":[{"name":"wp","href":"https:\/\/api.w.org\/{rel}","templated":true}]}}