{"id":3264,"date":"2012-07-18T13:47:03","date_gmt":"2012-07-18T12:47:03","guid":{"rendered":"http:\/\/www.clairejannot.com\/?p=3264"},"modified":"2015-01-17T16:57:46","modified_gmt":"2015-01-17T15:57:46","slug":"chasse-a-la-baleine-la-coree-du-sud-fait-machine-arriere","status":"publish","type":"post","link":"https:\/\/claire-jannot.com\/?p=3264","title":{"rendered":"Chasse \u00e0 la baleine : La Cor\u00e9e du sud fait machine arri\u00e8re"},"content":{"rendered":"<div id=\"articleHeader\">\n<h2><span style=\"color: #000000;\">Mardi, l&rsquo;agence Yonhapa, citant un haut responsable du gouvernement, a annonc\u00e9 que la Cor\u00e9e du Sud ne reprendrait finalement pas la chasse \u00e0 la baleine. Le projet r\u00e9v\u00e9l\u00e9 \u00e0 la Commission baleini\u00e8re internationale (CBI) avait provoqu\u00e9 une indignation internationale.<\/span><\/h2>\n<\/div>\n<div id=\"minorColumn1\">\n<div id=\"articleText\">\n<p><span style=\"color: #000000;\">C&rsquo;est une bonne nouvelle que vient d&rsquo;annoncer <strong>l&rsquo;agence sud-cor\u00e9enne Yonhap.<\/strong> D&rsquo;apr\u00e8s les dires d&rsquo;un haut responsable du gouvernement, <strong>la Cor\u00e9e\u00a0du Sud aurait en effet renonc\u00e9 \u00e0 son projet de reprendre la chasse \u00e0 la baleine.<\/strong> C&rsquo;est le <strong>4 juillet dernier que le pays avait a<span style=\"color: #000000;\">nnonc\u00e9 cette intention\u00a0<\/span>lors de la r\u00e9union de la Commission baleini\u00e8re internationale (CBI)<\/strong> tenue au Panama. Un projet qui avait rapidement suscit\u00e9 un toll\u00e9 g\u00e9n\u00e9ral parmi la communaut\u00e9 internationale et surtout parmi les <strong>d\u00e9fenseurs de l&rsquo;environnement.<\/strong><\/span><\/p>\n<p><span style=\"color: #000000;\">Le pays avait en fait indiqu\u00e9 vouloir reprendre ses campagnes de chasse <strong>\u00e0 des fins scientifiques comme le fait d\u00e9j\u00e0 aujourd&rsquo;hui le Japon.<\/strong> Mais cet argument n&rsquo;a pas apais\u00e9 l&rsquo;indignation internationale, loin de l\u00e0, dans la mesure o\u00f9 les d\u00e9fenseurs le consid\u00e8rent comme <strong>totalement fallacieux, permettant de mener une chasse commerciale d\u00e9guis\u00e9e.<\/strong> En effet, si les baleines sont r\u00e9ellement p\u00each\u00e9es dans un objectif scientifique, la loi autorise ensuite la viande \u00e0 \u00eatre consomm\u00e9e. D&rsquo;o\u00f9 les critiques r\u00e9guli\u00e8rement faites au Japon. Mais contrairement \u00e0 ce dernier, l&rsquo;indignation g\u00e9n\u00e9rale aurait donc fait reculer la Cor\u00e9e.<\/span><\/p>\n<p><span style=\"color: #000000;\">\u00ab\u00a0Les discussions entre les minist\u00e8res du gouvernement se sont conclues d&rsquo;une mani\u00e8re qui signifie l&rsquo;abandon du projet de p\u00eache \u00e0 la baleine dans les eaux le long des c\u00f4tes du pays\u00a0\u00bb, a ainsi d\u00e9clar\u00e9 \u00e0 Yonhap ce haut responsable qui reste anonyme. Celui-ci a \u00e9galement ajout\u00e9 :<strong> \u00ab\u00a0M\u00eame si c&rsquo;est pour des recherches scientifiques, nous devons \u00eatre conscients du fait que c&rsquo;est apparu comme un sujet d\u00e9licat, \u00e0 l&rsquo;\u00e9tranger et ici\u00a0\u00bb.<\/strong>\u00a0N\u00e9anmoins, pour l&rsquo;heure, l&rsquo;information n&rsquo;a pas \u00e9t\u00e9 comment\u00e9e par le minist\u00e8re de l&rsquo;Alimentation, de l&rsquo;Agriculture, des For\u00eats et de la P\u00eache.\u00a0<\/span><\/p>\n<p><span style=\"color: #000000;\">Actuellement, <strong>seuls trois pays chassent officiellement la baleine : le Japon donc, pour des raisons suppos\u00e9es scientifiques, et la Norv\u00e8ge et l&rsquo;Islande,<\/strong> qui eux ne respectent pas l&rsquo;interdiction adopt\u00e9e dans les ann\u00e9es par la majorit\u00e9 des pays membres de la CBI.<\/span><\/p>\n<p><strong><span style=\"color: #000000;\">La Cor\u00e9e du Sud elle, a arr\u00eat\u00e9 la chasse depuis 26 ans mais elle autorise la vente de viande de baleines attrap\u00e9es accidentellement dans les filets de p\u00eache. Toutefois, au vu du taux \u00e9lev\u00e9 de ces captures, certaines associations environnementales sugg\u00e8rent que les c\u00e9tac\u00e9s seraient tu\u00e9s d\u00e9lib\u00e9r\u00e9ment.<\/span><\/strong><\/p>\n<address><span style=\"color: #000000;\">Source : www.maxisciences.com<\/span><\/address>\n<address>\u00a0<\/address>\n<address>\u00a0<\/address>\n<address>\u00a0<\/address>\n<\/div>\n<\/div>\n","protected":false},"excerpt":{"rendered":"<p>Mardi, l&rsquo;agence Yonhapa, citant un haut responsable du gouvernement, a annonc\u00e9 que la Cor\u00e9e du Sud ne reprendrait finalement pas la chasse \u00e0 la baleine. Le projet r\u00e9v\u00e9l\u00e9 \u00e0 la Commission baleini\u00e8re internationale (CBI) avait provoqu\u00e9 une indignation internationale. C&rsquo;est &hellip; <a href=\"https:\/\/claire-jannot.com\/?p=3264\">Continuer la lecture <span class=\"meta-nav\">&rarr;<\/span><\/a><\/p>\n","protected":false},"author":1,"featured_media":0,"comment_status":"open","ping_status":"open","sticky":false,"template":"","format":"standard","meta":{"jetpack_post_was_ever_published":false,"_jetpack_newsletter_access":"","_jetpack_dont_email_post_to_subs":false,"_jetpack_newsletter_tier_id":0,"_jetpack_memberships_contains_paywalled_content":false,"_jetpack_memberships_contains_paid_content":false,"footnotes":"","jetpack_publicize_message":"","jetpack_publicize_feature_enabled":true,"jetpack_social_post_already_shared":false,"jetpack_social_options":{"image_generator_settings":{"template":"highway","default_image_id":0,"font":"","enabled":false},"version":2}},"categories":[2],"tags":[3,4,5,52,48],"class_list":["post-3264","post","type-post","status-publish","format-standard","hentry","category-ecologie","tag-consommation","tag-ecologie2","tag-environnement","tag-oceans","tag-vie-animale"],"jetpack_publicize_connections":[],"jetpack_featured_media_url":"","jetpack_sharing_enabled":true,"jetpack_shortlink":"https:\/\/wp.me\/p5jjt5-QE","_links":{"self":[{"href":"https:\/\/claire-jannot.com\/index.php?rest_route=\/wp\/v2\/posts\/3264","targetHints":{"allow":["GET"]}}],"collection":[{"href":"https:\/\/claire-jannot.com\/index.php?rest_route=\/wp\/v2\/posts"}],"about":[{"href":"https:\/\/claire-jannot.com\/index.php?rest_route=\/wp\/v2\/types\/post"}],"author":[{"embeddable":true,"href":"https:\/\/claire-jannot.com\/index.php?rest_route=\/wp\/v2\/users\/1"}],"replies":[{"embeddable":true,"href":"https:\/\/claire-jannot.com\/index.php?rest_route=%2Fwp%2Fv2%2Fcomments&post=3264"}],"version-history":[{"count":1,"href":"https:\/\/claire-jannot.com\/index.php?rest_route=\/wp\/v2\/posts\/3264\/revisions"}],"predecessor-version":[{"id":5488,"href":"https:\/\/claire-jannot.com\/index.php?rest_route=\/wp\/v2\/posts\/3264\/revisions\/5488"}],"wp:attachment":[{"href":"https:\/\/claire-jannot.com\/index.php?rest_route=%2Fwp%2Fv2%2Fmedia&parent=3264"}],"wp:term":[{"taxonomy":"category","embeddable":true,"href":"https:\/\/claire-jannot.com\/index.php?rest_route=%2Fwp%2Fv2%2Fcategories&post=3264"},{"taxonomy":"post_tag","embeddable":true,"href":"https:\/\/claire-jannot.com\/index.php?rest_route=%2Fwp%2Fv2%2Ftags&post=3264"}],"curies":[{"name":"wp","href":"https:\/\/api.w.org\/{rel}","templated":true}]}}