{"id":3291,"date":"2012-08-16T17:22:08","date_gmt":"2012-08-16T16:22:08","guid":{"rendered":"http:\/\/www.clairejannot.com\/?p=3291"},"modified":"2014-11-29T15:13:19","modified_gmt":"2014-11-29T14:13:19","slug":"france-naissance-exceptionnelle-dun-bonobo","status":"publish","type":"post","link":"https:\/\/claire-jannot.com\/?p=3291","title":{"rendered":"France : Naissance exceptionnelle d&rsquo;un bonobo"},"content":{"rendered":"<div id=\"articleHeader\">\n<h2><span style=\"color: #000000;\">Samedi, pour la premi\u00e8re fois en France, un b\u00e9b\u00e9 singe bonobo a vu le jour. Il est n\u00e9 au parc zoologique La Vall\u00e9e des singes, \u00e0 Romagne (Vienne ) o\u00f9 les \u00e9quipes attendaient avec impatience l&rsquo;heureux \u00e9v\u00e8nement.<\/span><\/h2>\n<\/div>\n<div id=\"minorColumn1\">\n<div id=\"articleText\">\n<p><span style=\"color: #000000;\"><a href=\"https:\/\/i0.wp.com\/www.clairejannot.com\/wp-content\/uploads\/2012\/08\/bonobo1.jpg\"><img data-recalc-dims=\"1\" loading=\"lazy\" decoding=\"async\" class=\"alignleft  wp-image-3293\" title=\"bonobo\" src=\"https:\/\/i0.wp.com\/www.clairejannot.com\/wp-content\/uploads\/2012\/08\/bonobo1.jpg?resize=456%2C199\" alt=\"\" width=\"456\" height=\"199\" \/><\/a>Le zoo\u00a0de <strong>La Vall\u00e9e des singes, \u00e0 Romagne, dans la Vienne,<\/strong> a un nouveau pensionnaire et pas n&rsquo;importe lequel : <strong>le tout premier bonobo n\u00e9 en France. Le petit est n\u00e9 le 4 ao\u00fbt dernier<\/strong> au beau milieu du groupe de bonobos et sous les yeux de centaines de visiteurs ravis d&rsquo;assister \u00e0 l&rsquo;heureux \u00e9v\u00e8nement. C&rsquo;est \u00e0 10H du matin que la future m\u00e8re, la femelle <strong>Ukela, \u00e2g\u00e9e de 27 ans<\/strong> a commenc\u00e9 \u00e0 prendre des positions inhabituelles, signes que le travail avait commenc\u00e9. Le soigneur des primates, <strong>Franck Alexieff,<\/strong> a alors d\u00e9cid\u00e9 de leur redonner acc\u00e8s \u00e0 leur b\u00e2timent pour que la femelle se mette \u00e0 son aise dans la paille ou dans un hamac.<\/span><\/p>\n<p><span style=\"color: #000000;\">Mais il a fallu encore attendre avant que le petit pointe le bout de son nez. A 12H, il n&rsquo;y avait toujours rien mais Ukela \u00e9tait sous bonne garde, notamment celle de Daniela, la femelle dominante du groupe et doyenne (44 ans) qui est r\u00e9guli\u00e8rement venu inspecter la future m\u00e8re au cours du travail. \u00ab\u00a0Elle l&rsquo;assistait et tentait de la r\u00e9conforter en lui adressant des signes de t\u00eate et une mimique faisant immanquablement penser \u00e0 notre sourire. Les autres femelles tenaient les m\u00e2les \u00e0 bonne distance, leur faisant comprendre que leur pr\u00e9sence n&rsquo;\u00e9tait pas d\u00e9sir\u00e9e pendant ce moment pr\u00e9cieux\u00a0\u00bb, racontent les soigneurs du parc dans un communiqu\u00e9.<\/span><\/p>\n<p><span style=\"color: #000000;\">A 12H40, la poche des eaux a fini par se rompre, laissant 10 minutes plus tard, apparaitre le nouveau n\u00e9 sous les applaudissements de tous les t\u00e9moins. <strong>Si le sexe du petit qui p\u00e8se environ un kilo reste pour l&rsquo;heure inconnu<\/strong>, il est en pleine forme et sa maman s&rsquo;occupe parfaitement de lui. <strong>Ukela est d&rsquo;ailleurs loin d&rsquo;\u00eatre d\u00e9butante en la mati\u00e8re puisqu&rsquo;il s&rsquo;agit de son 4e rejeton, les autres n&rsquo;\u00e9tant pas n\u00e9s en France.\u00a0<\/strong><\/span><\/p>\n<p><span style=\"color: #000000;\">Aujourd&rsquo;hui, le parc situ\u00e9 \u00e0 une quarantaine de kilom\u00e8tres au sud de Poitiers accueille<strong> le plus important groupe de bonobos d&rsquo;Europe. Il abrite en effet pas moins de 14 individus, dont les neuf premiers sont arriv\u00e9s en avril 2011.<\/strong> Une jeune femelle en provenance des Etats-Unis a \u00e9t\u00e9 accueillie le 12 juillet dernier et une autre femelle accompagn\u00e9e de ses deux fils a rejoint le groupe le 26 juillet. La nouvelle naissance porte donc \u00e0 14 le nombre de pensionnaires bonobos du parc, parmi lesquels figurent quatre m\u00e2les. Aujourd&rsquo;hui, les soigneurs ignorent donc quel est le p\u00e8re du nouveau n\u00e9 mais comptent proc\u00e9der \u00e0 des tests g\u00e9n\u00e9tiques pour l&rsquo;identifier d\u00e8s que cela sera possible.<\/span><\/p>\n<p><span style=\"color: #000000;\"><strong>Dans le monde, seuls 18 zoos abritent des bonobos, pour un total d&rsquo;environ 180 individus.<\/strong> Toutefois, selon le dernier recensement de 2010, on comptait seulement 9 naissances<\/span>\u00a0<span style=\"color: #000000;\">dans le monde, dont 3 en Europe. Et seulement 4 l&rsquo;an pass\u00e9 dont la moiti\u00e9 en Europe. D&rsquo;o\u00f9 la joie des \u00e9quipes de la Vall\u00e9e des signes qui se f\u00e9licitent de ce \u00ab\u00a0magnifique succ\u00e8s\u00a0\u00bb. \u00ab\u00a0Cet \u00e9v\u00e8nement est d&rsquo;autant plus r\u00e9jouissant que la reproduction des bonobos en captivit\u00e9 demeure exceptionnelle\u00a0\u00bb,\u00a0souligne ainsi le communiqu\u00e9.\u00a0<\/span><br \/> <span style=\"color: #000000;\">\u00a0<\/span><br \/> <span style=\"color: #000000;\">Les bonobos, originaires de R\u00e9publique d\u00e9mocratique du Congo,\u00a0 sont consid\u00e9r\u00e9s comme une <strong>esp\u00e8ce menac\u00e9e\u00a0par l&rsquo;Union internationale pour la conservation de la nature (UICN).<\/strong> Aujourd\u2019hui, la population de ces primates est estim\u00e9e \u00e0 entre 10.000 et 20.000 individus mais est s\u00e9v\u00e8rement impact\u00e9e par la destruction de son habitat notamment la d\u00e9forestation. En outre, les bonobos sont \u00e9galement victimes de braconnage de la part des populations locales. D&rsquo;o\u00f9 l&rsquo;importance des programmes de pr\u00e9servation et de reproduction mis en place.<\/span><\/p>\n<p><span style=\"color: #000000;\">Pour en savoir plus sur la Vall\u00e9e des singes, rendez-vous sur le site :<\/span><br \/> <span style=\"color: #000000;\"><a href=\"http:\/\/www.la-vallee-des-singes.fr\/\" target=\"_blank\"><span style=\"color: #000000;\">http:\/\/www.la-vallee-des-singes.fr\/<\/span><\/a><\/span><\/p>\n<address><span style=\"color: #000000;\">Source : www;maxisciences.com<\/span><\/address>\n<address><span style=\"color: #000000;\">Cr\u00e9dit photo :\u00a0\u00a9 Uwe Anspach \/ DPA \/ AFP<\/span><\/address>\n<address>\u00a0<\/address>\n<address>\u00a0<\/address>\n<\/div>\n<\/div>\n","protected":false},"excerpt":{"rendered":"<p>Samedi, pour la premi\u00e8re fois en France, un b\u00e9b\u00e9 singe bonobo a vu le jour. Il est n\u00e9 au parc zoologique La Vall\u00e9e des singes, \u00e0 Romagne (Vienne ) o\u00f9 les \u00e9quipes attendaient avec impatience l&rsquo;heureux \u00e9v\u00e8nement. Le zoo\u00a0de La &hellip; <a href=\"https:\/\/claire-jannot.com\/?p=3291\">Continuer la lecture <span class=\"meta-nav\">&rarr;<\/span><\/a><\/p>\n","protected":false},"author":1,"featured_media":0,"comment_status":"open","ping_status":"open","sticky":false,"template":"","format":"standard","meta":{"jetpack_post_was_ever_published":false,"_jetpack_newsletter_access":"","_jetpack_dont_email_post_to_subs":false,"_jetpack_newsletter_tier_id":0,"_jetpack_memberships_contains_paywalled_content":false,"_jetpack_memberships_contains_paid_content":false,"footnotes":"","jetpack_publicize_message":"","jetpack_publicize_feature_enabled":true,"jetpack_social_post_already_shared":false,"jetpack_social_options":{"image_generator_settings":{"template":"highway","default_image_id":0,"font":"","enabled":false},"version":2}},"categories":[2],"tags":[4,5,11,48],"class_list":["post-3291","post","type-post","status-publish","format-standard","hentry","category-ecologie","tag-ecologie2","tag-environnement","tag-societe-2","tag-vie-animale"],"jetpack_publicize_connections":[],"jetpack_featured_media_url":"","jetpack_sharing_enabled":true,"jetpack_shortlink":"https:\/\/wp.me\/p5jjt5-R5","_links":{"self":[{"href":"https:\/\/claire-jannot.com\/index.php?rest_route=\/wp\/v2\/posts\/3291","targetHints":{"allow":["GET"]}}],"collection":[{"href":"https:\/\/claire-jannot.com\/index.php?rest_route=\/wp\/v2\/posts"}],"about":[{"href":"https:\/\/claire-jannot.com\/index.php?rest_route=\/wp\/v2\/types\/post"}],"author":[{"embeddable":true,"href":"https:\/\/claire-jannot.com\/index.php?rest_route=\/wp\/v2\/users\/1"}],"replies":[{"embeddable":true,"href":"https:\/\/claire-jannot.com\/index.php?rest_route=%2Fwp%2Fv2%2Fcomments&post=3291"}],"version-history":[{"count":1,"href":"https:\/\/claire-jannot.com\/index.php?rest_route=\/wp\/v2\/posts\/3291\/revisions"}],"predecessor-version":[{"id":5487,"href":"https:\/\/claire-jannot.com\/index.php?rest_route=\/wp\/v2\/posts\/3291\/revisions\/5487"}],"wp:attachment":[{"href":"https:\/\/claire-jannot.com\/index.php?rest_route=%2Fwp%2Fv2%2Fmedia&parent=3291"}],"wp:term":[{"taxonomy":"category","embeddable":true,"href":"https:\/\/claire-jannot.com\/index.php?rest_route=%2Fwp%2Fv2%2Fcategories&post=3291"},{"taxonomy":"post_tag","embeddable":true,"href":"https:\/\/claire-jannot.com\/index.php?rest_route=%2Fwp%2Fv2%2Ftags&post=3291"}],"curies":[{"name":"wp","href":"https:\/\/api.w.org\/{rel}","templated":true}]}}