{"id":3462,"date":"2012-09-12T18:01:51","date_gmt":"2012-09-12T17:01:51","guid":{"rendered":"http:\/\/www.clairejannot.com\/?p=3462"},"modified":"2015-01-17T16:57:28","modified_gmt":"2015-01-17T15:57:28","slug":"laquarium-de-paris-lance-une-grande-exposition-sur-les-requins","status":"publish","type":"post","link":"https:\/\/claire-jannot.com\/?p=3462","title":{"rendered":"Sauver les requins ? L&rsquo;Aquarium de Paris r\u00e9pond."},"content":{"rendered":"<div id=\"articleHeader\">\n<h2>Suite aux \u00e9v\u00e8nements survenus cet \u00e9t\u00e9 \u00e0 la R\u00e9union notamment, l&rsquo;Aquarium de Paris a d\u00e9cid\u00e9 d&rsquo;organiser une grande exposition in\u00e9dite autour des requins. Ouverte du 9 septembre au 12 novembre, celle-ci vise \u00e0 d\u00e9monter les id\u00e9es re\u00e7ues sur les squales et souligner l&rsquo;importance de les prot\u00e9ger.<\/h2>\n<\/div>\n<div id=\"minorColumn1\">\n<div id=\"articleText\">\n<p>&nbsp;<\/p>\n<p><span style=\"color: #000000;\"><a href=\"https:\/\/i0.wp.com\/www.clairejannot.com\/wp-content\/uploads\/2012\/09\/requin.jpg\"><img data-recalc-dims=\"1\" loading=\"lazy\" decoding=\"async\" class=\"alignleft size-full wp-image-3463\" title=\"requin\" src=\"https:\/\/i0.wp.com\/www.clairejannot.com\/wp-content\/uploads\/2012\/09\/requin.jpg?resize=290%2C217\" alt=\"\" width=\"290\" height=\"217\" \/><\/a><strong>\u00ab\u00a0Vivent les requins !\u00a0\u00bb<\/strong> C&rsquo;est le message que clame haut et fort <strong>l&rsquo;Aquarium de Paris\u00a0en cette rentr\u00e9e 2012.<\/strong> En effet, ces derniers mois, l&rsquo;actualit\u00e9 a \u00e9t\u00e9 particuli\u00e8rement agit\u00e9e du c\u00f4t\u00e9 des requins suite \u00e0 de<strong> nouvelles attaques dans plusieurs pays, \u00e0 la fermeture temporaire de plages mais aussi et surtout suite \u00e0 la d\u00e9cision prise par l&rsquo;Ile de la R\u00e9union.<\/strong><\/span><\/p>\n<p><span style=\"color: #000000;\"><strong> Apr\u00e8s que deux surfeurs ont \u00e9t\u00e9 attaqu\u00e9s par des requins, les autorit\u00e9s r\u00e9unionnaises ont d\u00e9cid\u00e9 de lancer une campagne de pr\u00e9l\u00e8vements de sp\u00e9cimens<\/strong> cens\u00e9e notamment, apaiser les craintes des habitants. Celle-ci n&rsquo;a dans un premier temps pas abouti mais toute l&rsquo;histoire a suffi \u00e0 alimenter une nouvelle fois les id\u00e9es re\u00e7ues sur les requins et \u00e0 relancer le d\u00e9bat sur leur statut prot\u00e9g\u00e9. <\/span><\/p>\n<p><span style=\"color: #000000;\">Une actualit\u00e9 devant laquelle l&rsquo;Aquarium de Paris n&rsquo;a pu rester de marbre.\u00a0<\/span><span style=\"color: #000000;\">Pour cette rentr\u00e9e, il a donc d\u00e9cid\u00e9 d&rsquo;organiser <strong>une grande exposition temporaire enti\u00e8rement consacr\u00e9e \u00e0 ces seigneurs des mers.<\/strong> \u00ab\u00a0Compte tenu de l&rsquo;actualit\u00e9 de cet \u00e9t\u00e9, il nous est apparu urgent et n\u00e9cessaire d&rsquo;expliquer pourquoi les surfeurs se font de plus en plus attaquer sur <strong>l&rsquo;\u00eele de la R\u00e9union : il y a de plus en plus de surfeurs qui vont dans les zones o\u00f9 les requins se nourrissent habituellement.<\/strong> Or, il est <strong>impensable de demander aux surfeurs de renoncer \u00e0 fr\u00e9quenter la R\u00e9serve Naturelle Marine. En revanche, il est tout \u00e0 fait raisonnable de recommander de prendre des mesures de s\u00e9curit\u00e9 adapt\u00e9es\u00a0\u00bb<\/strong>, explique <strong>Alexis L. Powilewicz, Pr\u00e9sident administrateur g\u00e9n\u00e9ral de l&rsquo;Aquarium de Paris.<\/strong> Mais plus que de se concentrer sur le cas de la R\u00e9union, l&rsquo;exposition veut surtout d\u00e9monter les id\u00e9es re\u00e7ues qui refont r\u00e9guli\u00e8rement surface au sujet des requins.<\/span><\/p>\n<p><span style=\"color: #000000;\">Aujourd&rsquo;hui, on recense pr\u00e8s de <strong>500 esp\u00e8ces de requins mais \u00e0 peine 10 d&rsquo;entre elles sont impliqu\u00e9es dans des accidents mortels.<\/strong> En revanche, on estime que des <strong>millions de squales sont tu\u00e9s chaque ann\u00e9e par l&rsquo;homme,<\/strong> pour leur chair mais aussi pour leur aileron, tant appr\u00e9ci\u00e9 par la cuisine asiatique. Pourtant, ces poissons cartilagineux jouent <strong>un r\u00f4le crucial \u00e0 l&rsquo;\u00e9quilibre de la biodiversit\u00e9 marine.<\/strong> Plus s\u00e9rieux encore, <strong>leur disparition pourrait entrainer l&rsquo;extinction de nombreuses esp\u00e8ces v\u00e9g\u00e9tales comme animales, tandis que d&rsquo;autres se multiplieraient \u00e0 outrance.<\/strong> C&rsquo;est ce que souhaite expliquer dans cette nouvelle exposition l&rsquo;Aquarium de Paris qui a pour cela, rivalis\u00e9 d&rsquo;imagination en partenariat notamment avec <strong>la chaine\u00a0Nat Geo Wild.<\/strong><\/span><\/p>\n<p><span style=\"color: #000000;\">Depuis le 9 septembre et jusqu&rsquo;au 12 novembre, on peut ainsi d\u00e9couvrir dans les couloirs de l&rsquo;Aquarium deux zones d&rsquo;exposition avec, dans une premi\u00e8re,<strong> les plus belles et impressionnantes photographies des experts de la chaine\u00a0Nat Geo Wild\u00a0<\/strong>partis scruter les fonds pour immortaliser, en gros plan ou en pleine action, les requins. Dans la seconde zone, c&rsquo;est une v\u00e9ritable expo p\u00e9dagogique qui se tient avec \u00ab\u00a0\u00c7a craint pour les requins\u00a0\u00bb,\u00a0compos\u00e9e d&rsquo;une dizaine de panneaux imagin\u00e9s pour les enfants par <strong>Ondine Eliot, une adolescente de 16 ans qui milite depuis plusieurs ann\u00e9es pour la protection des requins.<\/strong> Une exposition destin\u00e9e \u00ab\u00a0\u00e0 montrer \u00e0 quel point le requin est un animal extraordinaire et qu&rsquo;il faut vite le sauver\u00a0\u00bb.<\/span><\/p>\n<p><span style=\"color: #000000;\">Mais ce n&rsquo;est pas tout ce qu&rsquo;a concoct\u00e9 l&rsquo;Aquarium qui poss\u00e8de aujourd&rsquo;hui la plus grande colonie de requins : <strong>32 sp\u00e9cimens appartenant \u00e0 6 esp\u00e8ces diff\u00e9rentes \u00e9voluant dans un bassin de 3 millions de litres.<\/strong> Deux fois par jour, il est ainsi possible de s&rsquo;asseoir pour observer les squales tout en \u00e9coutant un des animateurs pr\u00e9senter un \u00e0 un les poissons ainsi que leurs caract\u00e9ristiques. Les enfants, eux, appr\u00e9cieront la chasse aux tr\u00e9sors sp\u00e9cial requins organis\u00e9e dans les couloirs de l&rsquo;Aquarium ou encore les ateliers cr\u00e9atifs, toujours sur le m\u00eame th\u00e8me, desquels ils pourront repartir avec leur oeuvre.<\/span><\/p>\n<p><span style=\"color: #000000;\">Enfin, pour ceux qui voudraient en apprendre encore davantage ou \u00e9changer avec des sp\u00e9cialistes, l&rsquo;Aquarium pr\u00e9voit \u00e9galement <strong>un cycle de conf\u00e9rence<\/strong> qui d\u00e9butera le mardi 11 septembre. Le cycle d\u00e9marrera ainsi avec Bernard Seret, chercheur \u00e0 l&rsquo;Institut de recherche pour le d\u00e9veloppement (IRD) qui interviendra autour du th\u00e8me<strong> \u00ab\u00a0Les requins : des pr\u00e9dateurs devenus proies\u00a0\u00bb.\u00a0<\/strong><\/span><\/p>\n<p><span style=\"color: #000000;\">Pour en savoir plus, rendez-vous sur le site de l&rsquo;Aquarium :\u00a0<a href=\"http:\/\/www.cineaqua.com\/index.php\/fr\/\" target=\"_blank\"><span style=\"color: #000000;\">www.cineaqua.com<\/span><\/a><\/span><br \/>\n<span style=\"color: #000000;\">ou sur le site d\u00e9di\u00e9 (bient\u00f4t disponible) :\u00a0<a href=\"http:\/\/www.viventlesrequins.fr\/\"><span style=\"color: #000000;\">www.viventlesrequins.fr<\/span><\/a><\/span><\/p>\n<address>Source : www.maxisciences.com<\/address>\n<address>\u00a0<\/address>\n<address>\u00a0<\/address>\n<address>\u00a0<\/address>\n<\/div>\n<div><span style=\"color: #000000;\">\u00a0<\/span><\/div>\n<\/div>\n","protected":false},"excerpt":{"rendered":"<p>Suite aux \u00e9v\u00e8nements survenus cet \u00e9t\u00e9 \u00e0 la R\u00e9union notamment, l&rsquo;Aquarium de Paris a d\u00e9cid\u00e9 d&rsquo;organiser une grande exposition in\u00e9dite autour des requins. Ouverte du 9 septembre au 12 novembre, celle-ci vise \u00e0 d\u00e9monter les id\u00e9es re\u00e7ues sur les squales &hellip; <a href=\"https:\/\/claire-jannot.com\/?p=3462\">Continuer la lecture <span class=\"meta-nav\">&rarr;<\/span><\/a><\/p>\n","protected":false},"author":1,"featured_media":0,"comment_status":"open","ping_status":"open","sticky":false,"template":"","format":"standard","meta":{"jetpack_post_was_ever_published":false,"_jetpack_newsletter_access":"","_jetpack_dont_email_post_to_subs":false,"_jetpack_newsletter_tier_id":0,"_jetpack_memberships_contains_paywalled_content":false,"_jetpack_memberships_contains_paid_content":false,"footnotes":"","jetpack_publicize_message":"","jetpack_publicize_feature_enabled":true,"jetpack_social_post_already_shared":false,"jetpack_social_options":{"image_generator_settings":{"template":"highway","default_image_id":0,"font":"","enabled":false},"version":2}},"categories":[2],"tags":[4,5,52,11,48],"class_list":["post-3462","post","type-post","status-publish","format-standard","hentry","category-ecologie","tag-ecologie2","tag-environnement","tag-oceans","tag-societe-2","tag-vie-animale"],"jetpack_publicize_connections":[],"jetpack_featured_media_url":"","jetpack_sharing_enabled":true,"jetpack_shortlink":"https:\/\/wp.me\/p5jjt5-TQ","_links":{"self":[{"href":"https:\/\/claire-jannot.com\/index.php?rest_route=\/wp\/v2\/posts\/3462","targetHints":{"allow":["GET"]}}],"collection":[{"href":"https:\/\/claire-jannot.com\/index.php?rest_route=\/wp\/v2\/posts"}],"about":[{"href":"https:\/\/claire-jannot.com\/index.php?rest_route=\/wp\/v2\/types\/post"}],"author":[{"embeddable":true,"href":"https:\/\/claire-jannot.com\/index.php?rest_route=\/wp\/v2\/users\/1"}],"replies":[{"embeddable":true,"href":"https:\/\/claire-jannot.com\/index.php?rest_route=%2Fwp%2Fv2%2Fcomments&post=3462"}],"version-history":[{"count":1,"href":"https:\/\/claire-jannot.com\/index.php?rest_route=\/wp\/v2\/posts\/3462\/revisions"}],"predecessor-version":[{"id":5863,"href":"https:\/\/claire-jannot.com\/index.php?rest_route=\/wp\/v2\/posts\/3462\/revisions\/5863"}],"wp:attachment":[{"href":"https:\/\/claire-jannot.com\/index.php?rest_route=%2Fwp%2Fv2%2Fmedia&parent=3462"}],"wp:term":[{"taxonomy":"category","embeddable":true,"href":"https:\/\/claire-jannot.com\/index.php?rest_route=%2Fwp%2Fv2%2Fcategories&post=3462"},{"taxonomy":"post_tag","embeddable":true,"href":"https:\/\/claire-jannot.com\/index.php?rest_route=%2Fwp%2Fv2%2Ftags&post=3462"}],"curies":[{"name":"wp","href":"https:\/\/api.w.org\/{rel}","templated":true}]}}