{"id":3479,"date":"2012-09-13T13:19:48","date_gmt":"2012-09-13T11:19:48","guid":{"rendered":"http:\/\/www.clairejannot.com\/?p=3479"},"modified":"2012-09-13T13:19:48","modified_gmt":"2012-09-13T11:19:48","slug":"corse-le-golf-de-sperone-est-en-vente","status":"publish","type":"post","link":"https:\/\/claire-jannot.com\/?p=3479","title":{"rendered":"Corse : Le Golf de Sperone est en vente"},"content":{"rendered":"<h2><span style=\"color: #000000;\">L&rsquo;une des plus importantes associations de d\u00e9fense de l&rsquo;environnement de Corse a demand\u00e9 dimanche \u00e0 la Collectivit\u00e9 territoriale de l&rsquo;\u00eele (CTC) d&rsquo;acqu\u00e9rir le golf de Sperone, a-t-elle demand\u00e9 dans une lettre ouverte, dont l&rsquo;AFP a obtenu copie.<\/span><\/h2>\n<p><span style=\"color: #000000;\"><a href=\"https:\/\/i0.wp.com\/www.clairejannot.com\/wp-content\/uploads\/2012\/09\/sperone1.png\"><img data-recalc-dims=\"1\" loading=\"lazy\" decoding=\"async\" class=\"alignleft  wp-image-3489\" title=\"sperone\" src=\"https:\/\/i0.wp.com\/www.clairejannot.com\/wp-content\/uploads\/2012\/09\/sperone1.png?resize=473%2C337\" alt=\"\" width=\"473\" height=\"337\" \/><\/a>Ce site, haut lieu de la jet set internationale, <strong>a \u00e9t\u00e9 mis en vente par son propri\u00e9taire, un homme d&rsquo;affaires fran\u00e7ais<\/strong> r\u00e9sidant en Angleterre.<\/span><br \/>\n<span style=\"color: #000000;\"><strong>\u00ab\u00a0La Punta Sperone est (&#8230;) un site paysager exceptionnel.<\/strong> C&rsquo;est \u00e9galement la pointe la plus m\u00e9ridionale de la Corse et, \u00e0 ce titre, <strong>ce site appartient au patrimoine g\u00e9ographique et affectif de tous les Corses<\/strong>\u00ab\u00a0, souligne <strong>l&rsquo;association U Levante<\/strong> dans une lettre ouverte au pr\u00e9sident de la CTC, le d\u00e9put\u00e9 (PRG) de Haute-Corse, <strong>Paul Giacobbi.<\/strong><\/span><br \/>\n<span style=\"color: #000000;\">Ajoutant que cette pointe calcaire situ\u00e9e face \u00e0 la Sardaigne, t\u00e9moin d&rsquo;un ancien r\u00e9cif corallien \u00e9merg\u00e9, est \u00e9galement <strong>\u00ab\u00a0un site g\u00e9ologique exceptionnel\u00a0\u00bb<\/strong>, U Levante souhaite que <strong>Sperone soit achet\u00e9 par la CTC, ou par le Conservatoire du littoral, et devienne un site class\u00e9 au titre de la loi de 1930.<\/strong><\/span><\/p>\n<p><span style=\"color: #000000;\"><strong>\u00ab\u00a0Ces terres ayant \u00e9t\u00e9 achet\u00e9es, dans les ann\u00e9es 60, \u00e0 1 franc le m\u00e8tre carr\u00e9<\/strong> et \u00e9tant, au titre de la loi Littoral, inconstructibles, leur rachat ne devrait pas \u00eatre trop on\u00e9reux. Les propri\u00e9taires s&rsquo;honoreraient m\u00eame en restituant \u00e0 la Corse, pour l&rsquo;euro symbolique, ce site patrimonial\u00a0\u00bb, ajoute U Levante.<\/span><br \/>\n<span style=\"color: #000000;\"><strong>Tr\u00e8s active pour la d\u00e9fense de la loi Littoral alors que la sp\u00e9culation fonci\u00e8re et immobili\u00e8re bat son plein en Corse, U Levante a d\u00e9j\u00e0 obtenu l&rsquo;annulation par la justice administrative de plusieurs plans locaux d&rsquo;urbanisme<\/strong> pr\u00e9voyant la construction de zones de r\u00e9sidences secondaires adopt\u00e9s par des municipalit\u00e9s.<\/span><br \/>\n<span style=\"color: #000000;\"><strong>Symbole pour nombre d&rsquo;insulaires de la sp\u00e9culation fonci\u00e8re qui gangr\u00e8ne l&rsquo;\u00eele, le golf de Sperone, 21 ans apr\u00e8s son ouverture, est \u00e0 vendre 20 millions d&rsquo;euros par son propri\u00e9taire,<\/strong> l&rsquo;homme d&rsquo;affaires et \u00e9leveur de chevaux de course fran\u00e7ais <strong>Georges Dewez<\/strong>, qui r\u00e9side en Angleterre.<\/span><\/p>\n<address><span style=\"color: #000000;\">Source : AFP &#8211;\u00a0AJACCIO &#8211; sept 2012\u00a0<\/span><\/address>\n<address><span style=\"color: #000000;\">Cr\u00e9dit photo :\u00a0cocreateurs.eu<\/span><\/address>\n<address>\u00a0<\/address>\n<address>\u00a0<\/address>\n<address>\u00a0<\/address>\n<address>\u00a0<\/address>\n<address>\u00a0<\/address>\n<address>\u00a0<\/address>\n","protected":false},"excerpt":{"rendered":"<p>L&rsquo;une des plus importantes associations de d\u00e9fense de l&rsquo;environnement de Corse a demand\u00e9 dimanche \u00e0 la Collectivit\u00e9 territoriale de l&rsquo;\u00eele (CTC) d&rsquo;acqu\u00e9rir le golf de Sperone, a-t-elle demand\u00e9 dans une lettre ouverte, dont l&rsquo;AFP a obtenu copie. Ce site, haut &hellip; <a href=\"https:\/\/claire-jannot.com\/?p=3479\">Continuer la lecture <span class=\"meta-nav\">&rarr;<\/span><\/a><\/p>\n","protected":false},"author":1,"featured_media":0,"comment_status":"open","ping_status":"open","sticky":false,"template":"","format":"standard","meta":{"jetpack_post_was_ever_published":false,"_jetpack_newsletter_access":"","_jetpack_dont_email_post_to_subs":false,"_jetpack_newsletter_tier_id":0,"_jetpack_memberships_contains_paywalled_content":false,"_jetpack_memberships_contains_paid_content":false,"footnotes":"","jetpack_publicize_message":"","jetpack_publicize_feature_enabled":true,"jetpack_social_post_already_shared":false,"jetpack_social_options":{"image_generator_settings":{"template":"highway","default_image_id":0,"font":"","enabled":false},"version":2}},"categories":[2],"tags":[4,5,11],"class_list":["post-3479","post","type-post","status-publish","format-standard","hentry","category-ecologie","tag-ecologie2","tag-environnement","tag-societe-2"],"jetpack_publicize_connections":[],"jetpack_featured_media_url":"","jetpack_sharing_enabled":true,"jetpack_shortlink":"https:\/\/wp.me\/p5jjt5-U7","_links":{"self":[{"href":"https:\/\/claire-jannot.com\/index.php?rest_route=\/wp\/v2\/posts\/3479","targetHints":{"allow":["GET"]}}],"collection":[{"href":"https:\/\/claire-jannot.com\/index.php?rest_route=\/wp\/v2\/posts"}],"about":[{"href":"https:\/\/claire-jannot.com\/index.php?rest_route=\/wp\/v2\/types\/post"}],"author":[{"embeddable":true,"href":"https:\/\/claire-jannot.com\/index.php?rest_route=\/wp\/v2\/users\/1"}],"replies":[{"embeddable":true,"href":"https:\/\/claire-jannot.com\/index.php?rest_route=%2Fwp%2Fv2%2Fcomments&post=3479"}],"version-history":[{"count":0,"href":"https:\/\/claire-jannot.com\/index.php?rest_route=\/wp\/v2\/posts\/3479\/revisions"}],"wp:attachment":[{"href":"https:\/\/claire-jannot.com\/index.php?rest_route=%2Fwp%2Fv2%2Fmedia&parent=3479"}],"wp:term":[{"taxonomy":"category","embeddable":true,"href":"https:\/\/claire-jannot.com\/index.php?rest_route=%2Fwp%2Fv2%2Fcategories&post=3479"},{"taxonomy":"post_tag","embeddable":true,"href":"https:\/\/claire-jannot.com\/index.php?rest_route=%2Fwp%2Fv2%2Ftags&post=3479"}],"curies":[{"name":"wp","href":"https:\/\/api.w.org\/{rel}","templated":true}]}}