{"id":3722,"date":"2012-09-27T11:00:51","date_gmt":"2012-09-27T10:00:51","guid":{"rendered":"http:\/\/www.clairejannot.com\/?p=3722"},"modified":"2015-01-17T16:56:52","modified_gmt":"2015-01-17T15:56:52","slug":"chasse-aux-phoques-interdiction-contestee-par-la-norvege-et-le-canada","status":"publish","type":"post","link":"https:\/\/claire-jannot.com\/?p=3722","title":{"rendered":"Chasse aux phoques : interdiction contest\u00e9e par la Norv\u00e8ge et le Canada"},"content":{"rendered":"<h2><span style=\"color: #000000;\">La Norv\u00e8ge et le Canada ont conjointement demand\u00e9 \u00e0 l&rsquo;Organisation mondiale du commerce (OMC) de former un groupe d&rsquo;experts pour examiner l&rsquo;interdiction par l&rsquo;Union europ\u00e9enne (UE) de vendre des produits du phoque, une d\u00e9cision que les deux pays contestent.<\/span><\/h2>\n<p><span style=\"color: #000000;\"><a href=\"https:\/\/i0.wp.com\/www.clairejannot.com\/wp-content\/uploads\/2012\/09\/phoque.jpg\"><img data-recalc-dims=\"1\" loading=\"lazy\" decoding=\"async\" class=\"alignleft size-full wp-image-3723\" title=\"phoque\" src=\"https:\/\/i0.wp.com\/www.clairejannot.com\/wp-content\/uploads\/2012\/09\/phoque.jpg?resize=250%2C333\" alt=\"\" width=\"250\" height=\"333\" \/><\/a><strong>\u00ab\u00a0La Norv\u00e8ge, comme le Canada, estime que la r\u00e9glementation de l&rsquo;UE n&rsquo;est pas fond\u00e9e\u00a0\u00bb<\/strong>, a indiqu\u00e9 le minist\u00e8re norv\u00e9gien de la P\u00eache dans un communiqu\u00e9 lundi soir.<\/span><br \/>\n<span style=\"color: #000000;\">\u00ab\u00a0La population de phoques chass\u00e9e par les professionnels norv\u00e9giens n&rsquo;est pas menac\u00e9e et la chasse norv\u00e9gienne s&rsquo;exerce d&rsquo;<strong>une mani\u00e8re contr\u00f4l\u00e9e et \u00e9thique qui garantit le bien-\u00eatre des animaux\u00a0\u00bb<\/strong>, a-t-il ajout\u00e9.<\/span><\/p>\n<p><strong><span style=\"color: #000000;\">Depuis 2010, les \u00ab\u00a027\u00a0\u00bb interdisent le commerce des produits d\u00e9riv\u00e9s du phoque, \u00e0 l&rsquo;exception de la vente \u00ab\u00a0\u00e0 des fins non lucratives\u00a0\u00bb des produits provenant de la chasse traditionnelle pratiqu\u00e9e par les Inuits.<\/span><span>\u00a0<\/span><\/strong><span style=\"color: #000000;\">L&rsquo;UE juge cruelles les m\u00e9thodes de chasse utilis\u00e9es, notamment l&rsquo;usage de <strong>l&rsquo;hakapik, une sorte de massue dot\u00e9e d&rsquo;un pic en m\u00e9tal<\/strong> utilis\u00e9e pour assommer les phoques avant qu&rsquo;ils soient d\u00e9pec\u00e9s. Selon les critiques, il arrive que les pinnip\u00e8des soient d\u00e9pec\u00e9s alors qu&rsquo;ils sont encore conscients.<\/span>\u00a0<span style=\"color: #000000;\">Le Canada et la Norv\u00e8ge, qui tuent chaque ann\u00e9e des dizaines de milliers de phoques, affirment quant \u00e0 eux que la chasse se fait sans cruaut\u00e9.<\/span><br \/>\n<strong><span style=\"color: #000000;\">L&rsquo;examen de la question par un groupe d&rsquo;experts de l&rsquo;OMC devrait prendre environ un an, selon les autorit\u00e9s norv\u00e9giennes.<\/span><\/strong><\/p>\n<p>&nbsp;<\/p>\n<address><span style=\"color: #000000;\">Source : AFP &#8211; OSLO 25 sept 2012\u00a0<\/span><\/address>\n<address><span style=\"color: #000000;\">Cr\u00e9dit photo :\u00a0<a href=\"http:\/\/sosanimaux2009.skyrock.com\/\"><span style=\"color: #000000;\">http:\/\/sosanimaux2009.skyrock.com\/<\/span><\/a><\/span><\/address>\n<address>\u00a0<\/address>\n<address>\u00a0<\/address>\n<address>\u00a0<\/address>\n","protected":false},"excerpt":{"rendered":"<p>La Norv\u00e8ge et le Canada ont conjointement demand\u00e9 \u00e0 l&rsquo;Organisation mondiale du commerce (OMC) de former un groupe d&rsquo;experts pour examiner l&rsquo;interdiction par l&rsquo;Union europ\u00e9enne (UE) de vendre des produits du phoque, une d\u00e9cision que les deux pays contestent. \u00ab\u00a0La &hellip; <a href=\"https:\/\/claire-jannot.com\/?p=3722\">Continuer la lecture <span class=\"meta-nav\">&rarr;<\/span><\/a><\/p>\n","protected":false},"author":1,"featured_media":0,"comment_status":"open","ping_status":"open","sticky":false,"template":"","format":"standard","meta":{"jetpack_post_was_ever_published":false,"_jetpack_newsletter_access":"","_jetpack_dont_email_post_to_subs":false,"_jetpack_newsletter_tier_id":0,"_jetpack_memberships_contains_paywalled_content":false,"_jetpack_memberships_contains_paid_content":false,"footnotes":"","jetpack_publicize_message":"","jetpack_publicize_feature_enabled":true,"jetpack_social_post_already_shared":false,"jetpack_social_options":{"image_generator_settings":{"template":"highway","default_image_id":0,"font":"","enabled":false},"version":2}},"categories":[2],"tags":[4,5,52,11,48],"class_list":["post-3722","post","type-post","status-publish","format-standard","hentry","category-ecologie","tag-ecologie2","tag-environnement","tag-oceans","tag-societe-2","tag-vie-animale"],"jetpack_publicize_connections":[],"jetpack_featured_media_url":"","jetpack_sharing_enabled":true,"jetpack_shortlink":"https:\/\/wp.me\/p5jjt5-Y2","_links":{"self":[{"href":"https:\/\/claire-jannot.com\/index.php?rest_route=\/wp\/v2\/posts\/3722","targetHints":{"allow":["GET"]}}],"collection":[{"href":"https:\/\/claire-jannot.com\/index.php?rest_route=\/wp\/v2\/posts"}],"about":[{"href":"https:\/\/claire-jannot.com\/index.php?rest_route=\/wp\/v2\/types\/post"}],"author":[{"embeddable":true,"href":"https:\/\/claire-jannot.com\/index.php?rest_route=\/wp\/v2\/users\/1"}],"replies":[{"embeddable":true,"href":"https:\/\/claire-jannot.com\/index.php?rest_route=%2Fwp%2Fv2%2Fcomments&post=3722"}],"version-history":[{"count":1,"href":"https:\/\/claire-jannot.com\/index.php?rest_route=\/wp\/v2\/posts\/3722\/revisions"}],"predecessor-version":[{"id":5734,"href":"https:\/\/claire-jannot.com\/index.php?rest_route=\/wp\/v2\/posts\/3722\/revisions\/5734"}],"wp:attachment":[{"href":"https:\/\/claire-jannot.com\/index.php?rest_route=%2Fwp%2Fv2%2Fmedia&parent=3722"}],"wp:term":[{"taxonomy":"category","embeddable":true,"href":"https:\/\/claire-jannot.com\/index.php?rest_route=%2Fwp%2Fv2%2Fcategories&post=3722"},{"taxonomy":"post_tag","embeddable":true,"href":"https:\/\/claire-jannot.com\/index.php?rest_route=%2Fwp%2Fv2%2Ftags&post=3722"}],"curies":[{"name":"wp","href":"https:\/\/api.w.org\/{rel}","templated":true}]}}