{"id":3784,"date":"2012-10-01T12:06:42","date_gmt":"2012-10-01T11:06:42","guid":{"rendered":"http:\/\/www.clairejannot.com\/?p=3784"},"modified":"2014-11-15T13:32:17","modified_gmt":"2014-11-15T12:32:17","slug":"les-crues-de-la-seine","status":"publish","type":"post","link":"https:\/\/claire-jannot.com\/?p=3784","title":{"rendered":"Les crues de la Seine"},"content":{"rendered":"<h2><span style=\"color: #000000;\">Paris et les trois d\u00e9partements de la petite couronne proposent de tester un casier de stockage de l&rsquo;eau de la Seine en amont de la capitale pour limiter les crues, faute de financement pour aller au-del\u00e0 de l&rsquo;exp\u00e9rimentation, a annonc\u00e9 lundi l&rsquo;organisme public en charge du projet.<\/span><\/h2>\n<p><strong style=\"color: #000000;\">L&rsquo;Etablissement public interd\u00e9partemental Seine Grands Lacs,<\/strong><span style=\"color: #000000;\"> qui regroupe <\/span><strong style=\"color: #000000;\">Paris, les Hauts-de-Seine, la Seine-Saint-Denis et le Val-de-Marne,<\/strong><span style=\"color: #000000;\"> travaille depuis plusieurs ann\u00e9es \u00e0 un vaste projet estim\u00e9 \u00e0 <\/span><strong><span style=\"color: #000000;\">500 millions d&rsquo;euros destin\u00e9 \u00e0 \u00e9viter la r\u00e9p\u00e9tition d&rsquo;un sc\u00e9nario catastrophe du type 1910.<\/span>\u00a0<\/strong><span style=\"color: #000000;\">Il consiste \u00e0 construire en Seine-et-Marne <strong>10 gigantesques casiers capables de stocker 55 millions de m3<\/strong> d&rsquo;eau pomp\u00e9e dans la Seine en cas de crue.<\/span><br \/> <span style=\"color: #000000;\">Pour cela, 58 kilom\u00e8tres de digues seraient \u00e9rig\u00e9es dans la vall\u00e9e de la Bass\u00e9e, des anciennes zones humides au niveau du confluent du fleuve et de l&rsquo;Yonne.<\/span><br \/> <span style=\"color: #000000;\">A l&rsquo;issue d&rsquo;un d\u00e9bat public men\u00e9 fin 2011 et d\u00e9but 2012, <strong>\u00ab\u00a0la d\u00e9cision a \u00e9t\u00e9 prise de continuer dans la direction initiale<\/strong> m\u00eame s&rsquo;il n&rsquo;est pas envisag\u00e9 pour l&rsquo;instant de r\u00e9aliser le projet dans sa totalit\u00e9\u00a0\u00bb, a indiqu\u00e9 <strong>Daniel Marcovitch,<\/strong> pr\u00e9sident par int\u00e9rim de l&rsquo;\u00e9tablissement public lors d&rsquo;une conf\u00e9rence de presse.<\/span><br \/> <span style=\"color: #000000;\">Son conseil d&rsquo;administration a propos\u00e9 la r\u00e9alisation, soumise \u00e0 l&rsquo;accord de l&rsquo;Etat, d&rsquo;<strong>un casier pilote de 10 millions de m3<\/strong> dont la mise en service serait pr\u00e9vue en 2020. L&rsquo;investissement serait limit\u00e9 \u00e0 100 millions d&rsquo;euros, dont l&rsquo;\u00e9tablissement s&rsquo;engage \u00e0 apporter 20 millions.<\/span>\u00a0<strong><span style=\"color: #000000;\">Ce casier-test permettrait de r\u00e9duire les crues d&rsquo;environ 5 centim\u00e8tres dans la capitale, contre 20 \u00e0 50 cm si l&rsquo;ensemble du projet \u00e9tait mis en place.<\/span><\/strong><br \/> <span style=\"color: #000000;\">En cas d&rsquo;inondation comparable \u00e0 la crue de 1910 (cote maximale de 8,62 m\u00e8tres, voir photo), <strong>les d\u00e9g\u00e2ts sont \u00e9valu\u00e9s par l&rsquo;Institut d&rsquo;am\u00e9nagement et d&rsquo;urbanisme entre 15 et 20 milliards d&rsquo;euros,<\/strong> plus du double en tenant compte de la d\u00e9gradation des r\u00e9seaux et des pertes d&rsquo;exploitation des entreprises.<\/span><br \/> <span style=\"color: #000000;\">Quelque <strong>850.000 personnes vivent en zone inondable<\/strong> en Ile-de-France.<\/span><br \/> <span style=\"color: #000000;\">\u00ab\u00a0Le casier n&rsquo;\u00e9vitera pas une inondation de type 1910, mais de montrer l&rsquo;efficacit\u00e9 du dispositif sur quelque chose de quantifiable\u00a0\u00bb, a expliqu\u00e9 M. Marcovitch.<\/span>\u00a0<span style=\"color: #000000;\">\u00ab\u00a0On aurait aim\u00e9 pouvoir faire la Bass\u00e9e, mais compte tenu de la situation nous sommes contents de pouvoir r\u00e9aliser cela. (&#8230;) Il n&rsquo;y a plus beaucoup d&rsquo;argent pour les investissemnts lourds\u00a0\u00bb, a-t-il poursuivi.<\/span><br \/> <span style=\"color: #000000;\">Pour les 80 millions d&rsquo;euros restant \u00e0 trouver pour l&rsquo;exp\u00e9rimentation, l&rsquo;\u00e9tablissement compte sur l&rsquo;Europe, l&rsquo;Etat, l&rsquo;Agence de l&rsquo;Eau et la R\u00e9gion, voire les gestionnaires de r\u00e9seaux et \u00e9ventuellement les communes via une redevance pour service rendu.<\/span><\/p>\n<p><span style=\"color: #000000;\">En Seine-et-Marne, le maire UMP de Montereau, Yves J\u00e9go, avait d\u00e9nonc\u00e9 au printemps <strong>\u00ab\u00a0un projet pharaonique pour \u00e9viter que l&rsquo;eau ne monte de 30 centim\u00e8tres \u00e0 Paris\u00a0\u00bb<\/strong>, dont sa commune se trouve \u00e9loign\u00e9e de 80 km.<\/span><\/p>\n<p><span style=\"color: #000000;\"><strong>Le projet revendique \u00e9galement un but \u00e9cologique, avec la restauration des zones humides de la vall\u00e9e de la Bass\u00e9e,<\/strong> moins souvent inond\u00e9e en raison des am\u00e9nagements pour la navigation.<\/span><br \/> <span style=\"color: #000000;\">Seine Grands Lacs dispose actuellement de quatre \u00ab\u00a0lacs-r\u00e9servoirs\u00a0\u00bb, totalisant 800 millions de m3, situ\u00e9s dans la Ni\u00e8vre, l&rsquo;Aube et la Marne et mis en service en 1949 et 1990. Ils permettent de limiter le d\u00e9bit de la Seine en hiver<\/span><\/p>\n<address><span style=\"color: #000000;\">Source : AFP -PARIS-sept 2012<\/span><\/address>\n<address>\u00a0<\/address>\n<address>\u00a0<\/address>\n<address>\u00a0<\/address>\n<address>\u00a0<\/address>\n<address>\u00a0<\/address>\n<address>\u00a0<\/address>\n<address>\u00a0<\/address>\n<address><span style=\"color: #000000;\">\u00a0<\/span><\/address>\n","protected":false},"excerpt":{"rendered":"<p>Paris et les trois d\u00e9partements de la petite couronne proposent de tester un casier de stockage de l&rsquo;eau de la Seine en amont de la capitale pour limiter les crues, faute de financement pour aller au-del\u00e0 de l&rsquo;exp\u00e9rimentation, a annonc\u00e9 &hellip; <a href=\"https:\/\/claire-jannot.com\/?p=3784\">Continuer la lecture <span class=\"meta-nav\">&rarr;<\/span><\/a><\/p>\n","protected":false},"author":1,"featured_media":0,"comment_status":"open","ping_status":"open","sticky":false,"template":"","format":"standard","meta":{"jetpack_post_was_ever_published":false,"_jetpack_newsletter_access":"","_jetpack_dont_email_post_to_subs":false,"_jetpack_newsletter_tier_id":0,"_jetpack_memberships_contains_paywalled_content":false,"_jetpack_memberships_contains_paid_content":false,"footnotes":"","jetpack_publicize_message":"","jetpack_publicize_feature_enabled":true,"jetpack_social_post_already_shared":false,"jetpack_social_options":{"image_generator_settings":{"template":"highway","default_image_id":0,"font":"","enabled":false},"version":2}},"categories":[2],"tags":[39,4,5,11],"class_list":["post-3784","post","type-post","status-publish","format-standard","hentry","category-ecologie","tag-eau","tag-ecologie2","tag-environnement","tag-societe-2"],"jetpack_publicize_connections":[],"jetpack_featured_media_url":"","jetpack_sharing_enabled":true,"jetpack_shortlink":"https:\/\/wp.me\/p5jjt5-Z2","_links":{"self":[{"href":"https:\/\/claire-jannot.com\/index.php?rest_route=\/wp\/v2\/posts\/3784","targetHints":{"allow":["GET"]}}],"collection":[{"href":"https:\/\/claire-jannot.com\/index.php?rest_route=\/wp\/v2\/posts"}],"about":[{"href":"https:\/\/claire-jannot.com\/index.php?rest_route=\/wp\/v2\/types\/post"}],"author":[{"embeddable":true,"href":"https:\/\/claire-jannot.com\/index.php?rest_route=\/wp\/v2\/users\/1"}],"replies":[{"embeddable":true,"href":"https:\/\/claire-jannot.com\/index.php?rest_route=%2Fwp%2Fv2%2Fcomments&post=3784"}],"version-history":[{"count":1,"href":"https:\/\/claire-jannot.com\/index.php?rest_route=\/wp\/v2\/posts\/3784\/revisions"}],"predecessor-version":[{"id":5486,"href":"https:\/\/claire-jannot.com\/index.php?rest_route=\/wp\/v2\/posts\/3784\/revisions\/5486"}],"wp:attachment":[{"href":"https:\/\/claire-jannot.com\/index.php?rest_route=%2Fwp%2Fv2%2Fmedia&parent=3784"}],"wp:term":[{"taxonomy":"category","embeddable":true,"href":"https:\/\/claire-jannot.com\/index.php?rest_route=%2Fwp%2Fv2%2Fcategories&post=3784"},{"taxonomy":"post_tag","embeddable":true,"href":"https:\/\/claire-jannot.com\/index.php?rest_route=%2Fwp%2Fv2%2Ftags&post=3784"}],"curies":[{"name":"wp","href":"https:\/\/api.w.org\/{rel}","templated":true}]}}