{"id":3902,"date":"2012-10-04T10:38:57","date_gmt":"2012-10-04T09:38:57","guid":{"rendered":"http:\/\/www.clairejannot.com\/?p=3902"},"modified":"2014-11-15T13:15:38","modified_gmt":"2014-11-15T12:15:38","slug":"faisons-la-troisieme-revolution-industrielle","status":"publish","type":"post","link":"https:\/\/claire-jannot.com\/?p=3902","title":{"rendered":"Faisons la troisi\u00e8me r\u00e9volution industrielle !"},"content":{"rendered":"<h2><span style=\"color: #000000;\">\u00a0L&rsquo;\u00e9conomiste am\u00e9ricain Jeremy Rifkin, pr\u00e9sident de la Fondation sur les tendances \u00e9conomiques \u00e0 Washington, a press\u00e9 lundi \u00e0 Rennes les jeunes Fran\u00e7ais et Allemands \u00e0 lancer \u00e0 travers l&rsquo;Europe la troisi\u00e8me r\u00e9volution industrielle, dont il s&rsquo;est fait le chantre.<\/span><\/h2>\n<div id=\"attachment_3903\" style=\"width: 458px\" class=\"wp-caption alignleft\"><a href=\"https:\/\/i0.wp.com\/www.clairejannot.com\/wp-content\/uploads\/2012\/10\/Jeremy_Rifkin.jpg\"><img data-recalc-dims=\"1\" loading=\"lazy\" decoding=\"async\" aria-describedby=\"caption-attachment-3903\" class=\" wp-image-3903 \" title=\"Jeremy_Rifkin\" src=\"https:\/\/i0.wp.com\/www.clairejannot.com\/wp-content\/uploads\/2012\/10\/Jeremy_Rifkin.jpg?resize=448%2C358\" alt=\"\" width=\"448\" height=\"358\" \/><\/a><p id=\"caption-attachment-3903\" class=\"wp-caption-text\">Jeremy Rifkin<\/p><\/div>\n<p><span style=\"color: #000000;\"><strong>\u00ab\u00a0Il est temps que les jeunes g\u00e9n\u00e9rations de Fran\u00e7ais se joignent aux jeunes g\u00e9n\u00e9rations d&rsquo;Allemands pour lancer \u00e0 travers l&rsquo;Europe cette troisi\u00e8me r\u00e9volution industrielle\u00a0\u00bb<\/strong>, a dit <strong>Jeremy Rifkin<\/strong>, qui conseille l&rsquo;Union europ\u00e9enne et de nombreux chefs d&rsquo;Etat, dont la chanceli\u00e8re Angela Merkel.<\/span><br \/>\n<span style=\"color: #000000;\">Dans un livre paru r\u00e9cemment, <strong>\u00ab\u00a0La troisi\u00e8me r\u00e9volution industrielle\u00a0\u00bb<\/strong> (Editions Les Liens qui Lib\u00e8rent), Jeremy Rifkin explique que celle-ci est bas\u00e9e sur<strong> la fusion de la technologie d&rsquo;Internet et des \u00e9nergies renouvelables.<\/strong><\/span><br \/>\n<span style=\"color: #000000;\">\u00ab\u00a0Dans l&rsquo;\u00e8re qui vient, des centaines de millions de personnes produiront leur propre \u00e9nergie verte \u00e0 domicile, au bureau, \u00e0 l&rsquo;usine et ils la partageront entre eux sur un +internet de l&rsquo;\u00e9nergie+, exactement comme nous cr\u00e9ons et partageons aujourd&rsquo;hui l&rsquo;information en ligne\u00a0\u00bb, explique <strong>M. Rifkin.<\/strong><\/span><\/p>\n<p><span style=\"color: #000000;\"><strong>La nouvelle r\u00e9volution industrielle, indispensable du fait de la fin \u00e0 terme des \u00e9nergies fossiles, repose sur plusieurs \u00ab\u00a0piliers\u00a0\u00bb, dont la conversion de millions de b\u00e2timents afin qu&rsquo;ils produisent eux-m\u00eame leur \u00e9nergie, son stockage, et sa distribution,<\/strong> a soulign\u00e9 <strong>M. Rifkin.<\/strong> Celui-ci \u00e9tait invit\u00e9 \u00e0 Rennes dans le cadre d&rsquo;une semaine de d\u00e9bats sur l&rsquo;avenir de cette agglom\u00e9ration regroupant 38 communes et quelque 400.000 habitants.<\/span><br \/>\n<span style=\"color: #000000;\"><strong>Pour lui, l&rsquo;Europe est \u00e0 la pointe dans les domaines des \u00e9nergies renouvelables et des nouveaux syst\u00e8mes de communication<\/strong> et c&rsquo;est l&rsquo;Allemagne qui en a le leadership, a-t-il assur\u00e9.<\/span><br \/>\n<span style=\"color: #000000;\">Mais \u00e0 ses yeux, l<strong>a France poss\u00e8de des atouts, notamment au niveau de ses entreprises dans l&rsquo;\u00e9nergie et dans le BTP,<\/strong> qui comptent parmi les meilleures. <strong>\u00ab\u00a0La France a l&rsquo;expertise\u00a0\u00bb pour l&rsquo;ing\u00e9nierie et le stockage de l&rsquo;\u00e9nergie, a notamment cit\u00e9 l&rsquo;\u00e9conomiste qui a souhait\u00e9 que la France marche main dans la main avec l&rsquo;Allemagne pour \u00eatre les leaders de cette nouvelle r\u00e9volution.<\/strong><\/span><\/p>\n<p><span style=\"color: #000000;\"><strong>Quant \u00e0 la m\u00e9tropole de Rennes, elle peut \u00eatre selon l&rsquo;\u00e9conomiste, un \u00ab\u00a0\u00e9tendard\u00a0\u00bb<\/strong> au niveau de la France et de l&rsquo;UE, gr\u00e2ce notamment \u00e0 sa technopole sp\u00e9cialis\u00e9e dans les nouvelles technologies, son engagement \u00e0 r\u00e9duire les \u00e9missions de gaz \u00e0 effet de serre, ou encore sa politique d&rsquo;ouverture des donn\u00e9es publiques.<\/span><\/p>\n<address><span style=\"color: #000000;\">Source : AFP -RENNES,\u00a001 oct 2012\u00a0<\/span><\/address>\n<address><span style=\"color: #000000;\">Cr\u00e9dit photo :\u00a0\u00a9 Stephan R\u00f6hl \/ Heinrich B\u00f6ll Stiftung<\/span><\/address>\n<address>\u00a0<\/address>\n<address>\u00a0<\/address>\n<address>\u00a0<\/address>\n<address>\u00a0<\/address>\n<address>\u00a0<\/address>\n<address>\u00a0<\/address>\n<address>\u00a0<\/address>\n","protected":false},"excerpt":{"rendered":"<p>\u00a0L&rsquo;\u00e9conomiste am\u00e9ricain Jeremy Rifkin, pr\u00e9sident de la Fondation sur les tendances \u00e9conomiques \u00e0 Washington, a press\u00e9 lundi \u00e0 Rennes les jeunes Fran\u00e7ais et Allemands \u00e0 lancer \u00e0 travers l&rsquo;Europe la troisi\u00e8me r\u00e9volution industrielle, dont il s&rsquo;est fait le chantre. \u00ab\u00a0Il &hellip; <a href=\"https:\/\/claire-jannot.com\/?p=3902\">Continuer la lecture <span class=\"meta-nav\">&rarr;<\/span><\/a><\/p>\n","protected":false},"author":1,"featured_media":0,"comment_status":"open","ping_status":"open","sticky":false,"template":"","format":"standard","meta":{"jetpack_post_was_ever_published":false,"_jetpack_newsletter_access":"","_jetpack_dont_email_post_to_subs":false,"_jetpack_newsletter_tier_id":0,"_jetpack_memberships_contains_paywalled_content":false,"_jetpack_memberships_contains_paid_content":false,"footnotes":"","jetpack_publicize_message":"","jetpack_publicize_feature_enabled":true,"jetpack_social_post_already_shared":false,"jetpack_social_options":{"image_generator_settings":{"template":"highway","default_image_id":0,"font":"","enabled":false},"version":2}},"categories":[2],"tags":[4,44,5,11,20],"class_list":["post-3902","post","type-post","status-publish","format-standard","hentry","category-ecologie","tag-ecologie2","tag-energie","tag-environnement","tag-societe-2","tag-tri"],"jetpack_publicize_connections":[],"jetpack_featured_media_url":"","jetpack_sharing_enabled":true,"jetpack_shortlink":"https:\/\/wp.me\/p5jjt5-10W","_links":{"self":[{"href":"https:\/\/claire-jannot.com\/index.php?rest_route=\/wp\/v2\/posts\/3902","targetHints":{"allow":["GET"]}}],"collection":[{"href":"https:\/\/claire-jannot.com\/index.php?rest_route=\/wp\/v2\/posts"}],"about":[{"href":"https:\/\/claire-jannot.com\/index.php?rest_route=\/wp\/v2\/types\/post"}],"author":[{"embeddable":true,"href":"https:\/\/claire-jannot.com\/index.php?rest_route=\/wp\/v2\/users\/1"}],"replies":[{"embeddable":true,"href":"https:\/\/claire-jannot.com\/index.php?rest_route=%2Fwp%2Fv2%2Fcomments&post=3902"}],"version-history":[{"count":1,"href":"https:\/\/claire-jannot.com\/index.php?rest_route=\/wp\/v2\/posts\/3902\/revisions"}],"predecessor-version":[{"id":5658,"href":"https:\/\/claire-jannot.com\/index.php?rest_route=\/wp\/v2\/posts\/3902\/revisions\/5658"}],"wp:attachment":[{"href":"https:\/\/claire-jannot.com\/index.php?rest_route=%2Fwp%2Fv2%2Fmedia&parent=3902"}],"wp:term":[{"taxonomy":"category","embeddable":true,"href":"https:\/\/claire-jannot.com\/index.php?rest_route=%2Fwp%2Fv2%2Fcategories&post=3902"},{"taxonomy":"post_tag","embeddable":true,"href":"https:\/\/claire-jannot.com\/index.php?rest_route=%2Fwp%2Fv2%2Ftags&post=3902"}],"curies":[{"name":"wp","href":"https:\/\/api.w.org\/{rel}","templated":true}]}}