{"id":3960,"date":"2012-10-09T11:25:35","date_gmt":"2012-10-09T10:25:35","guid":{"rendered":"http:\/\/www.clairejannot.com\/?p=3960"},"modified":"2014-11-29T15:12:06","modified_gmt":"2014-11-29T14:12:06","slug":"des-poules-pour-reduire-nos-dechets","status":"publish","type":"post","link":"https:\/\/claire-jannot.com\/?p=3960","title":{"rendered":"Des poules pour r\u00e9duire nos d\u00e9chets"},"content":{"rendered":"<h2><span style=\"color: #000000;\">Une petite commune de la Sarthe, Pinc\u00e9, a solennellement remis fin septembre une paire de poules \u00e0 tous les foyers volontaires, dans une d\u00e9marche \u00e0 la fois\u00ab\u00a0conviviale\u00a0\u00bb\u00a0et\u00ab\u00a0citoyenne\u00a0\u00bb\u00a0destin\u00e9e notamment \u00e0 r\u00e9duire le volume des d\u00e9chets m\u00e9nagers organiques.<\/span><\/h2>\n<div>\n<p><span style=\"color: #000000;\"><a href=\"https:\/\/i0.wp.com\/www.clairejannot.com\/wp-content\/uploads\/2012\/10\/poules.jpg\"><span style=\"color: #000000;\"><img data-recalc-dims=\"1\" loading=\"lazy\" decoding=\"async\" class=\"alignleft size-full wp-image-3961\" title=\"poules\" src=\"https:\/\/i0.wp.com\/www.clairejannot.com\/wp-content\/uploads\/2012\/10\/poules.jpg?resize=470%2C333\" alt=\"\" width=\"470\" height=\"333\" \/><\/span><\/a><strong>Lanc\u00e9 en mars presque comme une boutade,<\/strong> le projet s\u2019est concr\u00e9tis\u00e9 avec la remise vendredi des gallinac\u00e9s \u2013et d\u2019un sac de grain\u2013 aux int\u00e9ress\u00e9s, apr\u00e8s signatures de<strong>\u00a0\u00ab\u00a0contrats d\u2019adoption\u00a0\u00bb<\/strong>\u00a0en bonne et due forme, lors d\u2019une c\u00e9r\u00e9monie parrain\u00e9e par le chroniqueur culinaire <strong>Jean-Pierre Coffe<\/strong>, a constat\u00e9 un journaliste de l\u2019AFP.<\/span><\/p>\n<p><span style=\"color: #000000;\"><strong>\u00ab\u00a0L\u2019id\u00e9e est de r\u00e9duire la quantit\u00e9 des d\u00e9chets de chaque famille, de produire de bons oeufs,<\/strong> tout en jouant un r\u00f4le p\u00e9dagogique aupr\u00e8s des enfants et en favorisant la convivialit\u00e9 entre voisins\u00a0\u00bb, pr\u00e9cise <strong>Lydie Pasteau, maire (sans \u00e9tiquette)<\/strong> de ce village de 200 \u00e2mes situ\u00e9 en zone d\u2019\u00e9levage du poulet de Lou\u00e9.<\/span><\/p>\n<p><strong><span style=\"color: #000000;\">\u00ab\u00a0C\u2019est un beau succ\u00e8s puisque 31 foyers sur 87 ont adh\u00e9r\u00e9 \u00e0 la d\u00e9marche, alors qu\u2019on n\u2019en attendait qu\u2019une douzaine\u00a0\u00bb, a ajout\u00e9 l\u2019\u00e9lue.<\/span><\/strong><\/p>\n<p><span style=\"color: #000000;\">Le contrat stipule que les\u00a0\u00ab\u00a0adoptants\u00a0\u00bb\u00a0doivent conserver leurs poules au moins deux ans, bien les traiter, les nourrir et leur offrir la nuit un abri contre les pr\u00e9dateurs.<\/span><\/p>\n<p><span style=\"color: #000000;\">\u00ab\u00a0Je trouve que c\u2019est une id\u00e9e citoyenne simple et excellente. <strong>Essayer de r\u00e9duire les d\u00e9chets dans un pays o\u00f9 il y en a tant est une d\u00e9marche int\u00e9ressante.<\/strong> Et d\u2019un point de vue nutritionnel, l\u2019oeuf vaut largement un bifteck. Sans oublier l\u2019aspect social, le partage, la convivialit\u00e9\u00a0\u00bb, a comment\u00e9 <strong>Jean-Pierre Coffe<\/strong>.<\/span><\/p>\n<p><span style=\"color: #000000;\">Une habitante, Claudia Perreaux, a t\u00e9moign\u00e9 avoir tiss\u00e9 de nouveaux liens avec un des ses voisins gr\u00e2ce au projet:\u00a0\u00ab\u00a0Nous partageons notre poulailler avec lui, et en \u00e9change il garde nos poules quand nous partons en vacances.\u00a0\u00bb<\/span><\/p>\n<p><span style=\"color: #000000;\"><strong>Une poule peut absorber quelque 150 kg de d\u00e9chets organiques par an et produire 200 oeufs<\/strong>, rappelle la mairie de Pinc\u00e9, pour qui la facture totale de l\u2019op\u00e9ration s\u2019\u00e9l\u00e8ve \u00e0 600 euros,\u00a0\u00ab\u00a0poules et sac de grains compris\u00a0\u00bb, selon Mme Pasteau.<\/span><\/p>\n<p><span style=\"color: #000000;\">L\u2019initiative d\u2019offrir des poules pour limiter les d\u00e9chets a d\u00e9j\u00e0 \u00e9t\u00e9 test\u00e9e avec succ\u00e8s par la ville belge de Mouscron, il y a deux ans.<\/span><\/p>\n<p><span style=\"color: #000000;\">\u00a0<\/span><\/p>\n<address><span style=\"color: #000000;\">Source\u00a0:\u00a0<a href=\"http:\/\/www.herbi-mag.com\/\"><span style=\"color: #000000;\">http:\/\/www.herbi-mag.com<\/span><\/a><\/span><\/address>\n<address><span style=\"color: #000000;\">Cr\u00e9dit photo :\u00a0Ouest-France<\/span><\/address>\n<address>\u00a0<\/address>\n<address>\u00a0<\/address>\n<address>\u00a0<\/address>\n<address>\u00a0<\/address>\n<\/div>\n","protected":false},"excerpt":{"rendered":"<p>Une petite commune de la Sarthe, Pinc\u00e9, a solennellement remis fin septembre une paire de poules \u00e0 tous les foyers volontaires, dans une d\u00e9marche \u00e0 la fois\u00ab\u00a0conviviale\u00a0\u00bb\u00a0et\u00ab\u00a0citoyenne\u00a0\u00bb\u00a0destin\u00e9e notamment \u00e0 r\u00e9duire le volume des d\u00e9chets m\u00e9nagers organiques. Lanc\u00e9 en mars presque &hellip; <a href=\"https:\/\/claire-jannot.com\/?p=3960\">Continuer la lecture <span class=\"meta-nav\">&rarr;<\/span><\/a><\/p>\n","protected":false},"author":1,"featured_media":0,"comment_status":"open","ping_status":"open","sticky":false,"template":"","format":"standard","meta":{"jetpack_post_was_ever_published":false,"_jetpack_newsletter_access":"","_jetpack_dont_email_post_to_subs":false,"_jetpack_newsletter_tier_id":0,"_jetpack_memberships_contains_paywalled_content":false,"_jetpack_memberships_contains_paid_content":false,"footnotes":"","jetpack_publicize_message":"","jetpack_publicize_feature_enabled":true,"jetpack_social_post_already_shared":false,"jetpack_social_options":{"image_generator_settings":{"template":"highway","default_image_id":0,"font":"","enabled":false},"version":2}},"categories":[2],"tags":[4,5,27,19,11,20,48],"class_list":["post-3960","post","type-post","status-publish","format-standard","hentry","category-ecologie","tag-ecologie2","tag-environnement","tag-insolite","tag-recyclage","tag-societe-2","tag-tri","tag-vie-animale"],"jetpack_publicize_connections":[],"jetpack_featured_media_url":"","jetpack_sharing_enabled":true,"jetpack_shortlink":"https:\/\/wp.me\/p5jjt5-11S","_links":{"self":[{"href":"https:\/\/claire-jannot.com\/index.php?rest_route=\/wp\/v2\/posts\/3960","targetHints":{"allow":["GET"]}}],"collection":[{"href":"https:\/\/claire-jannot.com\/index.php?rest_route=\/wp\/v2\/posts"}],"about":[{"href":"https:\/\/claire-jannot.com\/index.php?rest_route=\/wp\/v2\/types\/post"}],"author":[{"embeddable":true,"href":"https:\/\/claire-jannot.com\/index.php?rest_route=\/wp\/v2\/users\/1"}],"replies":[{"embeddable":true,"href":"https:\/\/claire-jannot.com\/index.php?rest_route=%2Fwp%2Fv2%2Fcomments&post=3960"}],"version-history":[{"count":1,"href":"https:\/\/claire-jannot.com\/index.php?rest_route=\/wp\/v2\/posts\/3960\/revisions"}],"predecessor-version":[{"id":5733,"href":"https:\/\/claire-jannot.com\/index.php?rest_route=\/wp\/v2\/posts\/3960\/revisions\/5733"}],"wp:attachment":[{"href":"https:\/\/claire-jannot.com\/index.php?rest_route=%2Fwp%2Fv2%2Fmedia&parent=3960"}],"wp:term":[{"taxonomy":"category","embeddable":true,"href":"https:\/\/claire-jannot.com\/index.php?rest_route=%2Fwp%2Fv2%2Fcategories&post=3960"},{"taxonomy":"post_tag","embeddable":true,"href":"https:\/\/claire-jannot.com\/index.php?rest_route=%2Fwp%2Fv2%2Ftags&post=3960"}],"curies":[{"name":"wp","href":"https:\/\/api.w.org\/{rel}","templated":true}]}}