{"id":413,"date":"2012-01-18T11:27:35","date_gmt":"2012-01-18T10:27:35","guid":{"rendered":"http:\/\/www.clairejannot.com\/?p=413"},"modified":"2012-01-18T11:27:35","modified_gmt":"2012-01-18T10:27:35","slug":"les-jardins-familiaux","status":"publish","type":"post","link":"https:\/\/claire-jannot.com\/?p=413","title":{"rendered":"Les jardins familiaux"},"content":{"rendered":"<h2>Appel\u00e9s autrefois jardins ouvriers, ils s&rsquo;inscrivent dans une d\u00e9marche sociale tr\u00e8s forte.<\/h2>\n<p>Les jardins familiaux\u00a0sont g\u00e9r\u00e9s par des associations loi 1901 et ont pour but d&rsquo;am\u00e9liorer l&rsquo;ordinaire des personnes de conditions modestes.<\/p>\n<p><a href=\"https:\/\/i0.wp.com\/www.clairejannot.com\/wp-content\/uploads\/2012\/01\/jardin2.jpg\"><img data-recalc-dims=\"1\" loading=\"lazy\" decoding=\"async\" class=\"alignleft size-medium wp-image-433\" title=\"jardin\" src=\"https:\/\/i0.wp.com\/www.clairejannot.com\/wp-content\/uploads\/2012\/01\/jardin2-300x225.jpg?resize=300%2C225\" alt=\"\" width=\"300\" height=\"225\" \/><\/a>Les jardins familiaux sont n\u00e9s en Allemagne au 19e si\u00e8cle. Leur d\u00e9clinaison en France a d\u00e9but\u00e9 \u00e0 Saint-Etienne sous l&rsquo;impulsion de l&rsquo;abb\u00e9\u00a0 Volpette et \u00e0 Sedan gr\u00e2ce \u00e0 Madame Hervieu. A la fin du 20e si\u00e8cle, l&rsquo;id\u00e9e a \u00e9t\u00e9 reprise et g\u00e9n\u00e9ralis\u00e9e par l&rsquo;abb\u00e9 Jules Lemire \u00e0 Hazebrouck en Flandre Fran\u00e7aise sous le nom de jardins ouvriers.<\/p>\n<p>En acc\u00e9dant \u00e0 une parcelle de terrain mise \u00e0 disposition par les municipalit\u00e9s, les ouvriers pouvaient faire pousser des fruits et des l\u00e9gumes et ainsi mieux faire face \u00e0 leurs besoins alimentaires au quotidien. En 1896 l&rsquo;abb\u00e9 Lemire fonda la Ligue fran\u00e7aise du coin de terre et du foyer pour simplifier les d\u00e9marches d&rsquo;attribution des parcelles et impulser un \u00e9lan de cr\u00e9ation de nouvelles exp\u00e9riences dans toute la France.<\/p>\n<p>Rapidement, l&rsquo;id\u00e9e fait des \u00e9mules notamment en r\u00e9gion parisienne. La demande \u00e9tant croissante, les surfaces mises \u00e0 disposition ont explos\u00e9. Ainsi en 1904, la r\u00e9gion parisienne ne comptait que 48 jardins ouvriers mais en 1913, on en recensait plus de 1500. En 1945, le mouvement des jardins ouvriers port\u00e9 par les actions du Front Populaire notamment devient un vrai succ\u00e8s avec plus de 250 000 jardins ouvriers en France. En 1952, les jardins ouvriers prennent officiellement le nom de jardins familiaux. La loi vot\u00e9e cette ann\u00e9e l\u00e0 inscrit\u00a0 les jardins familiaux dans le cadre l\u00e9gislatif du Code rural.<\/p>\n<p>A partir de cette \u00e9poque, tous les jardins familiaux doivent \u00eatre g\u00e9r\u00e9s par des associations loi\u00a0 1901 \u00e0 but non lucratif. L&rsquo;attribution des parcelles devient de plus en plus strict face \u00e0 l&rsquo;inflation de la demande. Les crit\u00e8res le plus souvent retenus par les associations gestionnaires sont la proximit\u00e9 de la parcelle avec le logement de celui qui l&rsquo;exploite. Autant que possible, les associations attribuent les parcelles selon un principe de mixit\u00e9 sociale. L&rsquo;usage commercial des parcelles est interdit, seul le plaisir du jardinage et de la r\u00e9colte prime.<\/p>\n<p>L&rsquo;ambiance au sein des jardins familiaux est ainsi le plus souvent conviviale et sympathique. Les familles se retrouvent sur les parcelles d\u00e8s que possible. Tous les jardiniers s&rsquo;entraident et \u00e9changent des bons tuyaux, des techniques, des semences et des graines. Pour en savoir plus : <a href=\"http:\/\/www.jardins-familiaux.asso.fr\">www.jardins-familiaux.asso.fr<\/a><\/p>\n<address>Source :www.aujardin.info<\/address>\n<address>Cr\u00e9dit photo : <a href=\"http:\/\/www.lesaudoniens.com\/\">www.isere-culture.fr<\/a>\u00a0<\/address>\n<p>&nbsp;<\/p>\n","protected":false},"excerpt":{"rendered":"<p>Appel\u00e9s autrefois jardins ouvriers, ils s&rsquo;inscrivent dans une d\u00e9marche sociale tr\u00e8s forte. Les jardins familiaux\u00a0sont g\u00e9r\u00e9s par des associations loi 1901 et ont pour but d&rsquo;am\u00e9liorer l&rsquo;ordinaire des personnes de conditions modestes. Les jardins familiaux sont n\u00e9s en Allemagne au &hellip; <a href=\"https:\/\/claire-jannot.com\/?p=413\">Continuer la lecture <span class=\"meta-nav\">&rarr;<\/span><\/a><\/p>\n","protected":false},"author":1,"featured_media":0,"comment_status":"open","ping_status":"open","sticky":false,"template":"","format":"standard","meta":{"jetpack_post_was_ever_published":false,"_jetpack_newsletter_access":"","_jetpack_dont_email_post_to_subs":false,"_jetpack_newsletter_tier_id":0,"_jetpack_memberships_contains_paywalled_content":false,"_jetpack_memberships_contains_paid_content":false,"footnotes":"","jetpack_publicize_message":"","jetpack_publicize_feature_enabled":true,"jetpack_social_post_already_shared":false,"jetpack_social_options":{"image_generator_settings":{"template":"highway","default_image_id":0,"font":"","enabled":false},"version":2}},"categories":[2],"tags":[4,5,21],"class_list":["post-413","post","type-post","status-publish","format-standard","hentry","category-ecologie","tag-ecologie2","tag-environnement","tag-jardin"],"jetpack_publicize_connections":[],"jetpack_featured_media_url":"","jetpack_sharing_enabled":true,"jetpack_shortlink":"https:\/\/wp.me\/p5jjt5-6F","_links":{"self":[{"href":"https:\/\/claire-jannot.com\/index.php?rest_route=\/wp\/v2\/posts\/413","targetHints":{"allow":["GET"]}}],"collection":[{"href":"https:\/\/claire-jannot.com\/index.php?rest_route=\/wp\/v2\/posts"}],"about":[{"href":"https:\/\/claire-jannot.com\/index.php?rest_route=\/wp\/v2\/types\/post"}],"author":[{"embeddable":true,"href":"https:\/\/claire-jannot.com\/index.php?rest_route=\/wp\/v2\/users\/1"}],"replies":[{"embeddable":true,"href":"https:\/\/claire-jannot.com\/index.php?rest_route=%2Fwp%2Fv2%2Fcomments&post=413"}],"version-history":[{"count":0,"href":"https:\/\/claire-jannot.com\/index.php?rest_route=\/wp\/v2\/posts\/413\/revisions"}],"wp:attachment":[{"href":"https:\/\/claire-jannot.com\/index.php?rest_route=%2Fwp%2Fv2%2Fmedia&parent=413"}],"wp:term":[{"taxonomy":"category","embeddable":true,"href":"https:\/\/claire-jannot.com\/index.php?rest_route=%2Fwp%2Fv2%2Fcategories&post=413"},{"taxonomy":"post_tag","embeddable":true,"href":"https:\/\/claire-jannot.com\/index.php?rest_route=%2Fwp%2Fv2%2Ftags&post=413"}],"curies":[{"name":"wp","href":"https:\/\/api.w.org\/{rel}","templated":true}]}}