{"id":4192,"date":"2012-10-24T16:35:44","date_gmt":"2012-10-24T15:35:44","guid":{"rendered":"http:\/\/www.clairejannot.com\/?p=4192"},"modified":"2015-03-18T14:12:20","modified_gmt":"2015-03-18T13:12:20","slug":"zoo-de-san-diego-le-bebe-panda-fait-ses-premiers-pas","status":"publish","type":"post","link":"https:\/\/claire-jannot.com\/?p=4192","title":{"rendered":"Zoo de San Diego : Le b\u00e9b\u00e9 panda fait ses premiers pas"},"content":{"rendered":"<h2><span style=\"color: #000000;\">A 11 semaines, le petit panda du zoo\u00a0de San Diego, aux Etats-Unis vient de faire ses premiers pas.<\/span><\/h2>\n<p><span style=\"color: #000000;\"><a href=\"https:\/\/i0.wp.com\/www.clairejannot.com\/wp-content\/uploads\/2012\/10\/panda.jpg\"><img data-recalc-dims=\"1\" loading=\"lazy\" decoding=\"async\" class=\"alignleft  wp-image-4194\" title=\"panda\" src=\"https:\/\/i0.wp.com\/www.clairejannot.com\/wp-content\/uploads\/2012\/10\/panda.jpg?resize=414%2C468\" alt=\"\" width=\"414\" height=\"468\" \/><\/a>Lors de son dernier examen, <strong>le jeudi 18 octobre<\/strong>, le personnel soignant l\u2019a plac\u00e9 sur un drap \u00e0 m\u00eame le sol afin que le b\u00e9b\u00e9 puisse vaquer \u00e0 ses envies d\u2019exploration. <strong>\u00ab\u00a0Je dirais qu&rsquo;il a fait des progr\u00e8s\u00a0\u00bb, d\u00e9clare dans une vid\u00e9o du zoo, P.K. Robbins, v\u00e9t\u00e9rinaire principale en charge du petit m\u00e2le.<\/strong> \u00ab\u00a0Il est un peu \u00e0 ce stade maladroit o\u00f9 certains de ses membres travaillent mieux que d&rsquo;autres. Sans aucun doute, ses pattes de devant ont envie de se lever et de partir mais ses pattes arri\u00e8res sont un peu laiss\u00e9es pour compte\u00a0\u00bb. Elle conclut\u00a0: \u00ab\u00a0Il est encore en phase d\u2019apprentissage\u00a0\u00bb.<\/span><\/p>\n<p><span style=\"color: #000000;\">A l\u2019heure actuelle,<strong> le petit mesure 55 centim\u00e8tres de long et p\u00e8se 3,3 kilogrammes.<\/strong> Par ailleurs, des petites t\u00e2ches sont apparues sur sa queue et ses dents de devant commencent \u00e0 sortir. Les soigneurs sont confiants, le b\u00e9b\u00e9 poursuit le cours normal du d\u00e9veloppement sp\u00e9cifique des pandas g\u00e9ant et a r\u00e9cemment ouvert ses yeux. <\/span><\/p>\n<p><span style=\"color: #000000;\">La naissance du panda a \u00e9t\u00e9 accueillie avec grand enthousiasme par le personnel du parc animalier. <strong>A son arriv\u00e9e, le nouveau-n\u00e9 ne pesait que 700 grammes<\/strong> mais se portait d\u00e9j\u00e0 \u00e0 merveille. Depuis, il vit avec sa m\u00e8re, <strong>Yun Bai<\/strong>, \u00e0 l\u2019abri des tumultes de la foule qui peut toutefois suivre ses aventures gr\u00e2ce \u00e0 la<strong> \u00ab\u00a0pandacam\u00a0\u00bb<\/strong>, un webcam plac\u00e9e sp\u00e9cialement dans son enclos.<\/span><\/p>\n<p><span style=\"color: #000000;\"><strong>Selon les scientifiques, il ne resterait aujourd&rsquo;hui que 1.600 pandas g\u00e9ants \u00e0 l\u2019\u00e9tat sauvage.<\/strong> Ceux-ci sont d\u2019ailleurs s\u00e9rieusement menac\u00e9s par une perte de leur habitat, due notamment \u00e0 la d\u00e9forestation. Plusieurs zoos \u00e0 travers le monde dont celui de <strong>Beauval<\/strong> en France, collaborent actuellement avec les experts chinois pour permettre de <strong>pr\u00e9server l\u2019esp\u00e8ce gr\u00e2ce \u00e0 la reproduction en captivit\u00e9.<\/strong><\/span><\/p>\n<address><span style=\"color: #000000;\">\u00a0Source : www.maxisciences.com<\/span><\/address>\n<address><span style=\"color: #000000;\">Cr\u00e9dit photo :Ken Bohn, zoo de San Diego<\/span><\/address>\n<p><span style=\"color: #000000;\">\u00a0<\/span><\/p>\n<h1><span style=\"color: #000000;\"><br \/>\n<\/span><\/h1>\n","protected":false},"excerpt":{"rendered":"<p>A 11 semaines, le petit panda du zoo\u00a0de San Diego, aux Etats-Unis vient de faire ses premiers pas. Lors de son dernier examen, le jeudi 18 octobre, le personnel soignant l\u2019a plac\u00e9 sur un drap \u00e0 m\u00eame le sol afin &hellip; <a href=\"https:\/\/claire-jannot.com\/?p=4192\">Continuer la lecture <span class=\"meta-nav\">&rarr;<\/span><\/a><\/p>\n","protected":false},"author":1,"featured_media":0,"comment_status":"open","ping_status":"open","sticky":false,"template":"","format":"standard","meta":{"jetpack_post_was_ever_published":false,"_jetpack_newsletter_access":"","_jetpack_dont_email_post_to_subs":false,"_jetpack_newsletter_tier_id":0,"_jetpack_memberships_contains_paywalled_content":false,"_jetpack_memberships_contains_paid_content":false,"footnotes":"","jetpack_publicize_message":"","jetpack_publicize_feature_enabled":true,"jetpack_social_post_already_shared":false,"jetpack_social_options":{"image_generator_settings":{"template":"highway","default_image_id":0,"font":"","enabled":false},"version":2}},"categories":[2],"tags":[4,5,48],"class_list":["post-4192","post","type-post","status-publish","format-standard","hentry","category-ecologie","tag-ecologie2","tag-environnement","tag-vie-animale"],"jetpack_publicize_connections":[],"jetpack_featured_media_url":"","jetpack_sharing_enabled":true,"jetpack_shortlink":"https:\/\/wp.me\/p5jjt5-15C","_links":{"self":[{"href":"https:\/\/claire-jannot.com\/index.php?rest_route=\/wp\/v2\/posts\/4192","targetHints":{"allow":["GET"]}}],"collection":[{"href":"https:\/\/claire-jannot.com\/index.php?rest_route=\/wp\/v2\/posts"}],"about":[{"href":"https:\/\/claire-jannot.com\/index.php?rest_route=\/wp\/v2\/types\/post"}],"author":[{"embeddable":true,"href":"https:\/\/claire-jannot.com\/index.php?rest_route=\/wp\/v2\/users\/1"}],"replies":[{"embeddable":true,"href":"https:\/\/claire-jannot.com\/index.php?rest_route=%2Fwp%2Fv2%2Fcomments&post=4192"}],"version-history":[{"count":1,"href":"https:\/\/claire-jannot.com\/index.php?rest_route=\/wp\/v2\/posts\/4192\/revisions"}],"predecessor-version":[{"id":6042,"href":"https:\/\/claire-jannot.com\/index.php?rest_route=\/wp\/v2\/posts\/4192\/revisions\/6042"}],"wp:attachment":[{"href":"https:\/\/claire-jannot.com\/index.php?rest_route=%2Fwp%2Fv2%2Fmedia&parent=4192"}],"wp:term":[{"taxonomy":"category","embeddable":true,"href":"https:\/\/claire-jannot.com\/index.php?rest_route=%2Fwp%2Fv2%2Fcategories&post=4192"},{"taxonomy":"post_tag","embeddable":true,"href":"https:\/\/claire-jannot.com\/index.php?rest_route=%2Fwp%2Fv2%2Ftags&post=4192"}],"curies":[{"name":"wp","href":"https:\/\/api.w.org\/{rel}","templated":true}]}}