{"id":4231,"date":"2012-10-26T17:44:43","date_gmt":"2012-10-26T15:44:43","guid":{"rendered":"http:\/\/www.clairejannot.com\/?p=4231"},"modified":"2012-10-26T17:44:43","modified_gmt":"2012-10-26T15:44:43","slug":"ecologie-toyota-doit-retirer-les-publicites-pour-ses-4-x-4-en-milieu-naturel","status":"publish","type":"post","link":"https:\/\/claire-jannot.com\/?p=4231","title":{"rendered":"Toyota doit retirer les publicit\u00e9s pour ses 4\u00d74 en milieu naturel"},"content":{"rendered":"<h2><span style=\"color: #000000;\">Toyota a un mois pour retirer\u00a0les publicit\u00e9s, photos ou vid\u00e9os\u00a0o\u00f9 ses 4\u00d74, fortement \u00e9metteurs de CO2, s&rsquo;aventurent en pleine nature sur le sable ou la neige, ou traversent des \u00e9tendues d&rsquo;eau. Par une ordonnance de r\u00e9f\u00e9r\u00e9, le tribunal de grande instance (TGI) de Nanterre a enjoint, mardi 23 octobre, le constructeur \u00e0 supprimer\u00a0ses publicit\u00e9s qui contreviennent au code de l&rsquo;environnement.<\/span><\/h2>\n<div id=\"articleBody\">\n<p><span style=\"color: #000000;\"><a href=\"https:\/\/i0.wp.com\/www.clairejannot.com\/wp-content\/uploads\/2012\/10\/toyota.jpg\"><img data-recalc-dims=\"1\" loading=\"lazy\" decoding=\"async\" class=\"alignleft  wp-image-4235\" title=\"toyota\" src=\"https:\/\/i0.wp.com\/www.clairejannot.com\/wp-content\/uploads\/2012\/10\/toyota.jpg?resize=424%2C218\" alt=\"\" width=\"424\" height=\"218\" \/><\/a><strong>L&rsquo;article L362 prohibe en effet toute forme\u00a0de publicit\u00e9 directe ou indirecte pr\u00e9sentant des v\u00e9hicules \u00e0 moteur dans des espaces naturels<\/strong> en dehors de voies class\u00e9es dans le domaine public routier de l&rsquo;Etat. Le tribunal a estim\u00e9 qu&rsquo;<strong>\u00ab\u00a0en laissant croire\u00a0au public que la possession de ce type de v\u00e9hicule vaut permis de tout faire\u00a0dans la nature, la diffusion de ce type de publicit\u00e9 fait, d&rsquo;\u00e9vidence, la promotion de comportements contraires \u00e0 la protection de l&rsquo;environnement et \u00e0 la pr\u00e9servation des r<span style=\"color: #000000;\">essources naturelles<\/span>\u00ab\u00a0<\/strong>. Si Toyota ne se conforme pas au jugement, <strong>l&rsquo;entreprise risque une astreinte de 100 euros par jour<\/strong> et infraction constat\u00e9e.<\/span><\/p>\n<p><span style=\"color: #000000;\">C&rsquo;est l&rsquo;association <strong>France Nature Environnement (FNE)<\/strong> qui a assign\u00e9, le 13 avril, Toyota France pour ces clich\u00e9s diffus\u00e9s, notamment, sur le site Internet de l&rsquo;entreprise ou sous forme de brochures chez les concessionnaires. <strong>La soci\u00e9t\u00e9 a obtenu plusieurs renvois, gagnant autant de mois pour continuer \u00e0 communiquer<\/strong><\/span><span style=\"color: #000000;\"><strong>.<\/strong> Lors de l&rsquo;audience, le 10 octobre, le d\u00e9fenseur de Toyota a fait valoir\u00a0<\/span><span style=\"color: #000000;\">que les photographies n&rsquo;avaient pas \u00e9t\u00e9 prises dans l&rsquo;Hexagone et donc ne contrevenaient pas \u00e0 la l\u00e9gislation fran\u00e7aise. Il a aussi soulign\u00e9 la vocation mondiale de la communication du groupe, expliquant que les images tr\u00e8s sc\u00e9naris\u00e9es ne pouvaient pas pr\u00eater \u00e0 confusion sur le message diffus\u00e9.<\/span><\/p>\n<p><span style=\"color: #000000;\">(&#8230;)<strong>\u00ab\u00a0La d\u00e9cision du tribunal a valeur d&rsquo;un double avertissement, se r\u00e9jouit Raymond Leost<\/strong><\/span><strong><span style=\"color: #000000;\">, membre de FNE.\u00a0Elle sanctionne des publicit\u00e9s non \u00e9cologiquement responsables et conf\u00e8re une vraie port\u00e9e aux d\u00e9cisions du jury de d\u00e9ontologie publicitaire, que certaines entreprises s&rsquo;\u00e9vertuent \u00e0 ignorer<\/span><\/strong><span style=\"color: #000000;\"><strong>.\u00a0\u00bb<\/strong>\u00a0\u00ab\u00a0Ce jugement va mettre<\/span><span style=\"color: #000000;\">\u00a0un terme \u00e0 <strong>l&rsquo;utilisation abusive de la nature<\/strong>, un des \u00e9l\u00e9ments cl\u00e9s de la communication des constructeurs de 4 \u00d7 4,\u00a0estime l&rsquo;avocat de FNE, Alexandre Faro<\/span><span style=\"color: #000000;\">.\u00a0La d\u00e9cision du tribunal de Nanterre est d&rsquo;autant plus importante qu&rsquo;elle touche l&rsquo;un des plus gros vendeurs de ce type de v\u00e9hicules. Nous pouvons esp\u00e9rer qu&rsquo;elle mettra un coup d&rsquo;arr\u00eat \u00e0 ce type de publicit\u00e9 incitative.\u00a0\u00bb<\/span><\/p>\n<p><span style=\"color: #000000;\"><span style=\"color: #000000;\">L&rsquo;article en entier sur : lemonde.fr<\/span><\/span><\/p>\n<address><span style=\"color: #000000;\">Source : www.lemonde.fr &#8211;\u00a0\u00a0<\/span><time datetime=\"2012-10-25T11:15:41+02:00\" itemprop=\"datePublished\">25.10.2012 &#8211;<\/time><span style=\"color: #000000;\">Par Sophie Landrin<\/span><\/address>\n<address>\u00a0<\/address>\n<address>\u00a0<\/address>\n<address>\u00a0<\/address>\n<\/div>\n","protected":false},"excerpt":{"rendered":"<p>Toyota a un mois pour retirer\u00a0les publicit\u00e9s, photos ou vid\u00e9os\u00a0o\u00f9 ses 4\u00d74, fortement \u00e9metteurs de CO2, s&rsquo;aventurent en pleine nature sur le sable ou la neige, ou traversent des \u00e9tendues d&rsquo;eau. Par une ordonnance de r\u00e9f\u00e9r\u00e9, le tribunal de grande &hellip; <a href=\"https:\/\/claire-jannot.com\/?p=4231\">Continuer la lecture <span class=\"meta-nav\">&rarr;<\/span><\/a><\/p>\n","protected":false},"author":1,"featured_media":0,"comment_status":"open","ping_status":"open","sticky":false,"template":"","format":"standard","meta":{"jetpack_post_was_ever_published":false,"_jetpack_newsletter_access":"","_jetpack_dont_email_post_to_subs":false,"_jetpack_newsletter_tier_id":0,"_jetpack_memberships_contains_paywalled_content":false,"_jetpack_memberships_contains_paid_content":false,"footnotes":"","jetpack_publicize_message":"","jetpack_publicize_feature_enabled":true,"jetpack_social_post_already_shared":false,"jetpack_social_options":{"image_generator_settings":{"template":"highway","default_image_id":0,"font":"","enabled":false},"version":2}},"categories":[2],"tags":[4,5,35],"class_list":["post-4231","post","type-post","status-publish","format-standard","hentry","category-ecologie","tag-ecologie2","tag-environnement","tag-photographie"],"jetpack_publicize_connections":[],"jetpack_featured_media_url":"","jetpack_sharing_enabled":true,"jetpack_shortlink":"https:\/\/wp.me\/p5jjt5-16f","_links":{"self":[{"href":"https:\/\/claire-jannot.com\/index.php?rest_route=\/wp\/v2\/posts\/4231","targetHints":{"allow":["GET"]}}],"collection":[{"href":"https:\/\/claire-jannot.com\/index.php?rest_route=\/wp\/v2\/posts"}],"about":[{"href":"https:\/\/claire-jannot.com\/index.php?rest_route=\/wp\/v2\/types\/post"}],"author":[{"embeddable":true,"href":"https:\/\/claire-jannot.com\/index.php?rest_route=\/wp\/v2\/users\/1"}],"replies":[{"embeddable":true,"href":"https:\/\/claire-jannot.com\/index.php?rest_route=%2Fwp%2Fv2%2Fcomments&post=4231"}],"version-history":[{"count":0,"href":"https:\/\/claire-jannot.com\/index.php?rest_route=\/wp\/v2\/posts\/4231\/revisions"}],"wp:attachment":[{"href":"https:\/\/claire-jannot.com\/index.php?rest_route=%2Fwp%2Fv2%2Fmedia&parent=4231"}],"wp:term":[{"taxonomy":"category","embeddable":true,"href":"https:\/\/claire-jannot.com\/index.php?rest_route=%2Fwp%2Fv2%2Fcategories&post=4231"},{"taxonomy":"post_tag","embeddable":true,"href":"https:\/\/claire-jannot.com\/index.php?rest_route=%2Fwp%2Fv2%2Ftags&post=4231"}],"curies":[{"name":"wp","href":"https:\/\/api.w.org\/{rel}","templated":true}]}}