{"id":4277,"date":"2012-10-29T14:27:33","date_gmt":"2012-10-29T13:27:33","guid":{"rendered":"http:\/\/www.clairejannot.com\/?p=4277"},"modified":"2015-01-17T16:56:16","modified_gmt":"2015-01-17T15:56:16","slug":"rechauffement-climatique-ours-polaires-et-grizzlys-shybrident","status":"publish","type":"post","link":"https:\/\/claire-jannot.com\/?p=4277","title":{"rendered":"R\u00e9chauffement climatique: Ours polaires et Grizzlys s\u2019hybrident"},"content":{"rendered":"<div id=\"articleHeader\">\n<h2><span style=\"color: #000000;\">Les sp\u00e9cialistes de la faune arctique signalent, depuis quelques ann\u00e9es, la pr\u00e9sence d\u2019ours grizzly sur le territoire habituel de l\u2019ours polaire. La lign\u00e9e de ce dernier pourrait alors \u00eatre menac\u00e9e par les croisements &lsquo;contre nature&rsquo; qui s\u2019en suivent, donnant des hybrides appel\u00e9s \u00ab\u00a0pizzlys\u00a0\u00bb ou&#8230; \u00ab\u00a0grolars\u00a0\u00bb.<\/span><\/h2>\n<\/div>\n<div id=\"minorColumn1\">\n<div id=\"articleText\">\n<p><span style=\"color: #000000;\"><a href=\"https:\/\/i0.wp.com\/www.clairejannot.com\/wp-content\/uploads\/2012\/10\/pizzly.jpg\"><img data-recalc-dims=\"1\" loading=\"lazy\" decoding=\"async\" class=\"alignleft size-full wp-image-4278\" title=\"pizzly\" src=\"https:\/\/i0.wp.com\/www.clairejannot.com\/wp-content\/uploads\/2012\/10\/pizzly.jpg?resize=365%2C454\" alt=\"\" width=\"365\" height=\"454\" \/><\/a>En avril dernier, deux \u00e9tudiants en biologie de l&rsquo;Universit\u00e9 de l&rsquo;Alberta, \u00e0 bord d\u2019un h\u00e9licopt\u00e8re, rep\u00e8rent, sur <strong>l&rsquo;\u00eele Victoria (Arctique\u00a0canadien), un ours grizzly\u00a0en compagnie d\u2019un ours polaire bizarrement marqu\u00e9 de brun au museau, aux pattes et au dos.<\/strong> Celui-ci porte \u00e9galement (au garrot) une bosse normalement caract\u00e9ristique de l\u2019ours brun. Bien que surpris, les \u00e9tudiants ne tardent alors pas \u00e0 identifier l&rsquo;animal : <strong>il s\u2019agit d\u2019un de ces hybrides appel\u00e9s tant\u00f4t \u00ab\u00a0grolar\u00a0\u00bb, tant\u00f4t \u00ab\u00a0pizzly\u00a0\u00bb, contraction des mots \u00ab\u00a0grizzly\u00a0\u00bb et \u00ab\u00a0polar bear\u00a0\u00bb<\/strong> (ours polaire, en Anglais).<\/span><\/p>\n<p><span style=\"color: #000000;\">Deux autres grizzlys et un autre de ces ours m\u00e9tis que les Inuits appellent <strong>\u00ab\u00a0Nanulak\u00a0\u00bb\u00a0\u2013 combinaison de \u00ab\u00a0Nanuk\u00a0\u00bb (ours polaire) et \u00ab\u00a0Aklak\u00a0\u00bb (grizzly)<\/strong> \u2013, sont aper\u00e7us peu apr\u00e8s. Si ce ph\u00e9nom\u00e8ne reste encore rare aujourd&rsquo;hui, il est de plus en plus observ\u00e9 depuis 2006, ann\u00e9e durant laquelle le premier hybride de ce genre a \u00e9t\u00e9 abattu \u00e0 Nelson Head (nord-ouest du Canada). <strong>En cause : le r\u00e9chauffement climatique\u00a0qui, r\u00e9duisant l\u2019\u00e9tendue de la banquise d\u2019eau de mer, confine de plus en plus l\u2019ours polaire sur la terre ferme de l\u2019Arctique o\u00f9, justement, le grizzly (sous-esp\u00e8ce am\u00e9ricaine de l\u2019ours brun), enhardi par l\u2019adoucissement des temp\u00e9ratures, s\u2019aventure de plus en plus souvent\u2026<\/strong><\/span><\/p>\n<p><span style=\"color: #000000;\">Or, <strong>l\u2019analyse de l\u2019ADN d\u2019un hybride abattu sur l&rsquo;\u00eele Victoria en 2010 a montr\u00e9 que l\u2019un de ses parents \u00e9tait lui-m\u00eame un pizzly : ces animaux ne seraient donc pas st\u00e9riles<\/strong>, contrairement \u00e0 beaucoup d\u2019hybrides. Une petite population de grizzlys s\u2019est \u00e9tablie dans l\u2019archipel autour de l\u2019\u00eele Victoria, r\u00e9gion o\u00f9 se cantonnent actuellement tous les pizzlys connus. <strong>Ours polaire et ours brun ont diverg\u00e9 voici environ 600.000 ans, et l\u2019hybridation entre les deux formes n\u2019est pas excessivement surprenante.<\/strong><\/span><\/p>\n<p><span style=\"color: #000000;\">N\u00e9anmoins, certains naturalistes craignent que <strong>ces croisements se g\u00e9n\u00e9ralisent et m\u00e8nent, \u00e0 terme, \u00e0 la disparition de l\u2019ours polaire<\/strong> \u2013 une perte <strong>regrettable en terme de biodiversit\u00e9.<\/strong> D\u2019autres soulignent en revanche, que <strong>le pizzly, avec son cou plus court qui r\u00e9duit ses talents de nageur et ses griffes trop longues pour un sol gel\u00e9, n\u2019a que peu d\u2019avenir en Arctique.<\/strong> D\u2019autant que, rare et non couvert par le statut d\u2019esp\u00e8ce prot\u00e9g\u00e9e comme l\u2019est l\u2019ours polaire,<strong> il repr\u00e9sente un gibier de choix pour les chasseurs.<\/strong><\/span><\/p>\n<address><span style=\"color: #000000;\">Source : www.maxisciences.com<\/span><\/address>\n<address><span style=\"color: #000000;\">Cr\u00e9dit photo :\u00a0\u00a9 Istockphotos<\/span><\/address>\n<address><span style=\"color: #000000;\">\u00a0<\/span><\/address>\n<address><span style=\"color: #000000;\">\u00a0<\/span><\/address>\n<address><span style=\"color: #000000;\">\u00a0<\/span><\/address>\n<p><span style=\"color: #000000;\">\u00a0<\/span><\/p>\n<p><span style=\"color: #000000;\">\u00a0<\/span><\/p>\n<p><span style=\"color: #000000;\">\u00a0<\/span><\/p>\n<\/div>\n<\/div>\n","protected":false},"excerpt":{"rendered":"<p>Les sp\u00e9cialistes de la faune arctique signalent, depuis quelques ann\u00e9es, la pr\u00e9sence d\u2019ours grizzly sur le territoire habituel de l\u2019ours polaire. La lign\u00e9e de ce dernier pourrait alors \u00eatre menac\u00e9e par les croisements &lsquo;contre nature&rsquo; qui s\u2019en suivent, donnant des &hellip; <a href=\"https:\/\/claire-jannot.com\/?p=4277\">Continuer la lecture <span class=\"meta-nav\">&rarr;<\/span><\/a><\/p>\n","protected":false},"author":1,"featured_media":0,"comment_status":"open","ping_status":"open","sticky":false,"template":"","format":"standard","meta":{"jetpack_post_was_ever_published":false,"_jetpack_newsletter_access":"","_jetpack_dont_email_post_to_subs":false,"_jetpack_newsletter_tier_id":0,"_jetpack_memberships_contains_paywalled_content":false,"_jetpack_memberships_contains_paid_content":false,"footnotes":"","jetpack_publicize_message":"","jetpack_publicize_feature_enabled":true,"jetpack_social_post_already_shared":false,"jetpack_social_options":{"image_generator_settings":{"template":"highway","default_image_id":0,"font":"","enabled":false},"version":2}},"categories":[2],"tags":[51,4,5,27,52,48],"class_list":["post-4277","post","type-post","status-publish","format-standard","hentry","category-ecologie","tag-climat","tag-ecologie2","tag-environnement","tag-insolite","tag-oceans","tag-vie-animale"],"jetpack_publicize_connections":[],"jetpack_featured_media_url":"","jetpack_sharing_enabled":true,"jetpack_shortlink":"https:\/\/wp.me\/p5jjt5-16Z","_links":{"self":[{"href":"https:\/\/claire-jannot.com\/index.php?rest_route=\/wp\/v2\/posts\/4277","targetHints":{"allow":["GET"]}}],"collection":[{"href":"https:\/\/claire-jannot.com\/index.php?rest_route=\/wp\/v2\/posts"}],"about":[{"href":"https:\/\/claire-jannot.com\/index.php?rest_route=\/wp\/v2\/types\/post"}],"author":[{"embeddable":true,"href":"https:\/\/claire-jannot.com\/index.php?rest_route=\/wp\/v2\/users\/1"}],"replies":[{"embeddable":true,"href":"https:\/\/claire-jannot.com\/index.php?rest_route=%2Fwp%2Fv2%2Fcomments&post=4277"}],"version-history":[{"count":1,"href":"https:\/\/claire-jannot.com\/index.php?rest_route=\/wp\/v2\/posts\/4277\/revisions"}],"predecessor-version":[{"id":5731,"href":"https:\/\/claire-jannot.com\/index.php?rest_route=\/wp\/v2\/posts\/4277\/revisions\/5731"}],"wp:attachment":[{"href":"https:\/\/claire-jannot.com\/index.php?rest_route=%2Fwp%2Fv2%2Fmedia&parent=4277"}],"wp:term":[{"taxonomy":"category","embeddable":true,"href":"https:\/\/claire-jannot.com\/index.php?rest_route=%2Fwp%2Fv2%2Fcategories&post=4277"},{"taxonomy":"post_tag","embeddable":true,"href":"https:\/\/claire-jannot.com\/index.php?rest_route=%2Fwp%2Fv2%2Ftags&post=4277"}],"curies":[{"name":"wp","href":"https:\/\/api.w.org\/{rel}","templated":true}]}}