{"id":4546,"date":"2012-11-15T15:48:54","date_gmt":"2012-11-15T14:48:54","guid":{"rendered":"http:\/\/www.clairejannot.com\/?p=4546"},"modified":"2014-11-29T15:11:37","modified_gmt":"2014-11-29T14:11:37","slug":"comment-les-criquets-gerent-ils-les-nuisances-sonores","status":"publish","type":"post","link":"https:\/\/claire-jannot.com\/?p=4546","title":{"rendered":"Comment les criquets g\u00e8rent-ils les nuisances sonores ?"},"content":{"rendered":"<div id=\"articleHeader\">\n<h2><span style=\"color: #000000;\">Les criquets montent le volume pour couvrir le vacarme de la circulation.\u00a0<\/span>Selon une \u00e9tude publi\u00e9e aujourd\u2019hui, les criquets ajustent le volume de leur \u00ab\u00a0chant\u00a0\u00bb pour se faire entendre par-dessus les bruits de la circulation environnante.<\/h2>\n<\/div>\n<div id=\"minorColumn1\">\n<div id=\"articleText\">\n<p><span style=\"color: #000000;\"><a href=\"https:\/\/i0.wp.com\/www.clairejannot.com\/wp-content\/uploads\/2012\/11\/criquet1.jpg\"><img data-recalc-dims=\"1\" loading=\"lazy\" decoding=\"async\" class=\"alignleft  wp-image-4561\" title=\"criquet\" src=\"https:\/\/i0.wp.com\/www.clairejannot.com\/wp-content\/uploads\/2012\/11\/criquet1.jpg?resize=414%2C468\" alt=\"\" width=\"414\" height=\"468\" \/><\/a>Si le probl\u00e8me de la pollution sonore<span style=\"color: #000000;\">\u00a0<\/span>a d\u00e9j\u00e0 fait l&rsquo;objet de plusieurs alertes de la part de scientifiques, <strong>c&rsquo;est une d\u00e9couverte inattendue<\/strong> qu&rsquo;a r\u00e9v\u00e9l\u00e9e une \u00e9tude publi\u00e9e mercredi dans la revue de la <strong>Soci\u00e9t\u00e9 britannique d&rsquo;\u00e9cologie,\u00a0Functional Ecology.<\/strong> Celle-ci d\u00e9montre que <strong>les criquets sont capables d&rsquo;ajuster le volume de leur m\u00e9lodie pour couvrir le vacarme ambiant.<\/strong> Or, la chose avait d\u00e9j\u00e0 \u00e9t\u00e9 observ\u00e9e chez des <strong>oiseaux, des baleines ou encore des grenouilles mais jamais chez des insectes<\/strong> souligne la Soci\u00e9t\u00e9 britannique d&rsquo;\u00e9cologie dans un communiqu\u00e9.<\/span><\/p>\n<p><span style=\"color: #000000;\">Pour arriver \u00e0 cette conclusion, une \u00e9quipe de biologistes de l&rsquo;Universit\u00e9 de Bielefeld (Allemagne), a captur\u00e9 <strong>188 sp\u00e9cimens m\u00e2les de \u00ab\u00a0criquets m\u00e9lodieux\u00a0\u00bb (Chorthippus biguttulus)<\/strong> au chant\u00a0m\u00e9tallique (produit par le frottement de <strong>leurs pattes post\u00e9rieures sur leurs ailes ant\u00e9rieures<\/strong>) caract\u00e9ristique. La moiti\u00e9 de ces insectes ont \u00e9t\u00e9 attrap\u00e9s dans des endroits calmes, et l&rsquo;autre moiti\u00e9 pr\u00e8s de routes tr\u00e8s fr\u00e9quent\u00e9es. Puis les chercheurs ont \u00e9tudi\u00e9 les chants des deux groupes d&rsquo;insectes. Apr\u00e8s avoir analys\u00e9 un millier d\u2019enregistrements les scientifiques ont alors constat\u00e9 que <strong>les criquets vivant au bord des routes bruyantes produisaient des sons diff\u00e9rents de leurs cong\u00e9n\u00e8res habitu\u00e9s au calme.<\/strong><\/span><\/p>\n<p>&nbsp;<\/p>\n<p><span style=\"color: #000000;\">La suite de l&rsquo;article sur : http:\/\/www.maxisciences.com\/criquet\/les-criquets-montent-le-volume-pour-couvrir-le-vacarme-de-la-circulation_art27511.html<\/span><\/p>\n<p>&nbsp;<\/p>\n<p>&nbsp;<\/p>\n<address><span style=\"color: #000000;\">Source : www.maxisciences.com<\/span><\/address>\n<address><span style=\"color: #000000;\">Cr\u00e9dit photo : Alina Zienowicz &#8211; Wikip\u00e9dia<\/span><\/address>\n<address>\u00a0<\/address>\n<address>\u00a0<\/address>\n<address>\u00a0<\/address>\n<\/div>\n<\/div>\n","protected":false},"excerpt":{"rendered":"<p>Les criquets montent le volume pour couvrir le vacarme de la circulation.\u00a0Selon une \u00e9tude publi\u00e9e aujourd\u2019hui, les criquets ajustent le volume de leur \u00ab\u00a0chant\u00a0\u00bb pour se faire entendre par-dessus les bruits de la circulation environnante. Si le probl\u00e8me de la &hellip; <a href=\"https:\/\/claire-jannot.com\/?p=4546\">Continuer la lecture <span class=\"meta-nav\">&rarr;<\/span><\/a><\/p>\n","protected":false},"author":1,"featured_media":0,"comment_status":"open","ping_status":"open","sticky":false,"template":"","format":"standard","meta":{"jetpack_post_was_ever_published":false,"_jetpack_newsletter_access":"","_jetpack_dont_email_post_to_subs":false,"_jetpack_newsletter_tier_id":0,"_jetpack_memberships_contains_paywalled_content":false,"_jetpack_memberships_contains_paid_content":false,"footnotes":"","jetpack_publicize_message":"","jetpack_publicize_feature_enabled":true,"jetpack_social_post_already_shared":false,"jetpack_social_options":{"image_generator_settings":{"template":"highway","default_image_id":0,"font":"","enabled":false},"version":2}},"categories":[2],"tags":[4,5,27,48],"class_list":["post-4546","post","type-post","status-publish","format-standard","hentry","category-ecologie","tag-ecologie2","tag-environnement","tag-insolite","tag-vie-animale"],"jetpack_publicize_connections":[],"jetpack_featured_media_url":"","jetpack_sharing_enabled":true,"jetpack_shortlink":"https:\/\/wp.me\/p5jjt5-1bk","_links":{"self":[{"href":"https:\/\/claire-jannot.com\/index.php?rest_route=\/wp\/v2\/posts\/4546","targetHints":{"allow":["GET"]}}],"collection":[{"href":"https:\/\/claire-jannot.com\/index.php?rest_route=\/wp\/v2\/posts"}],"about":[{"href":"https:\/\/claire-jannot.com\/index.php?rest_route=\/wp\/v2\/types\/post"}],"author":[{"embeddable":true,"href":"https:\/\/claire-jannot.com\/index.php?rest_route=\/wp\/v2\/users\/1"}],"replies":[{"embeddable":true,"href":"https:\/\/claire-jannot.com\/index.php?rest_route=%2Fwp%2Fv2%2Fcomments&post=4546"}],"version-history":[{"count":1,"href":"https:\/\/claire-jannot.com\/index.php?rest_route=\/wp\/v2\/posts\/4546\/revisions"}],"predecessor-version":[{"id":5730,"href":"https:\/\/claire-jannot.com\/index.php?rest_route=\/wp\/v2\/posts\/4546\/revisions\/5730"}],"wp:attachment":[{"href":"https:\/\/claire-jannot.com\/index.php?rest_route=%2Fwp%2Fv2%2Fmedia&parent=4546"}],"wp:term":[{"taxonomy":"category","embeddable":true,"href":"https:\/\/claire-jannot.com\/index.php?rest_route=%2Fwp%2Fv2%2Fcategories&post=4546"},{"taxonomy":"post_tag","embeddable":true,"href":"https:\/\/claire-jannot.com\/index.php?rest_route=%2Fwp%2Fv2%2Ftags&post=4546"}],"curies":[{"name":"wp","href":"https:\/\/api.w.org\/{rel}","templated":true}]}}