{"id":4665,"date":"2012-11-22T09:02:10","date_gmt":"2012-11-22T08:02:10","guid":{"rendered":"http:\/\/www.clairejannot.com\/?p=4665"},"modified":"2014-11-15T13:31:39","modified_gmt":"2014-11-15T12:31:39","slug":"nappes-deau-souterraine-etat-des-lieux","status":"publish","type":"post","link":"https:\/\/claire-jannot.com\/?p=4665","title":{"rendered":"Nappes d&rsquo;eau souterraine : \u00e9tat des lieux"},"content":{"rendered":"<h2><span style=\"color: #000000;\">Le Bureau de Recherche G\u00e9ologiques et Mini\u00e8res ( BRGM ) nous livre l&rsquo;\u00e9tat des lieux en d\u00e9tail au 1er Novembre 2012 \u00a0: R\u00e9sum\u00e9 de la situation <\/span><\/h2>\n<p><span style=\"color: #000000;\"><a href=\"https:\/\/i0.wp.com\/www.clairejannot.com\/wp-content\/uploads\/2012\/11\/brgm.png\"><span style=\"color: #000000;\"><img data-recalc-dims=\"1\" loading=\"lazy\" decoding=\"async\" class=\"alignleft  wp-image-4669\" title=\"brgm\" src=\"https:\/\/i0.wp.com\/www.clairejannot.com\/wp-content\/uploads\/2012\/11\/brgm.png?resize=447%2C293\" alt=\"\" width=\"447\" height=\"293\" \/><\/span><\/a>Le niveau des nappes au 1er novembre 2012 est <strong>h\u00e9t\u00e9rog\u00e8ne d\u2019une r\u00e9gion \u00e0 l\u2019autre.\u00a0<\/strong><\/span><\/p>\n<p><span style=\"color: #000000;\">Plus de la <strong>moiti\u00e9 des r\u00e9servoirs (57%) affichent un niveau normal \u00e0 sup\u00e9rieur \u00e0 la normale.<\/strong> Les secteurs o\u00f9 la situation \u00e9volue de mani\u00e8re favorable sont multiples quant \u00e0 leur r\u00e9partition g\u00e9ographique sur le territoire. L&rsquo;\u00e9volution de la situation par rapport aux mois pr\u00e9c\u00e9dents marque le d\u00e9but de la <strong>p\u00e9riode annuelle de recharge<\/strong> des nappes. Avec des pr\u00e9cipitations d&rsquo;automne d\u00e9j\u00e0 assez marqu\u00e9es, on s&rsquo;oriente progressivement <strong>vers une situation normale, voire sup\u00e9rieure \u00e0 la normale<\/strong>, du niveau d&rsquo;une grande partie des nappes du territoire. <\/span><\/p>\n<p><span style=\"color: #000000;\">En ce d\u00e9but de p\u00e9riode de recharge 2012 \/ 2013, sur l\u2019ensemble du territoire, la tendance\u00a0<\/span><br \/>\n<span style=\"color: #000000;\">d\u2019\u00e9volution des nappes est \u00e0 la <strong>hausse pour une majorit\u00e9 des nappes (61%).<\/strong> Une proportion <\/span><span style=\"color: #000000;\">importante des niveaux s&rsquo;oriente vers la stabilit\u00e9 (24%) et seule une assez <strong>faible partie est encore tourn\u00e9e \u00e0 la baisse (14%)<\/strong> du fait de l\u2019absence de pr\u00e9cipitation suffisante. <\/span><span style=\"color: #000000;\">La poursuite de la p\u00e9riode de recharge devrait se confirmer d&rsquo;ici la fin de l&rsquo;ann\u00e9e si les pr\u00e9cipitations observ\u00e9es r\u00e9cemment restent soutenues. \u00a0<\/span><br \/>\n<span style=\"color: #000000;\"><strong>Le mois d\u2019octobre 2012 a \u00e9t\u00e9 marqu\u00e9 par des pr\u00e9cipitations tr\u00e8s abondantes.<\/strong> Dans un large quart nord-ouest, sur le pi\u00e9mont pyr\u00e9n\u00e9en, dans le Roussillon, en Corse et en Provence, <strong>les cumuls sont de une fois et demie \u00e0 deux fois et demie sup\u00e9rieurs aux valeurs attendues pour un mois d\u2019octobre.<\/strong> En revanche, du nord de Midi Pyr\u00e9n\u00e9es \u00e0 l\u2019ouest de Rh\u00f4ne-Alpes ainsi que dans les Hautes-Alpes, la pluviom\u00e9trie est d\u00e9ficitaire de 20 \u00e0 50 %. <\/span><br \/>\n<span style=\"color: #000000;\">En moyenne sur l&rsquo;ensemble du territoire, la pluviom\u00e9trie du mois d\u2019octobre 2012 pr\u00e9sente <strong>un exc\u00e9dent global de plus de 20 %<\/strong> par rapport \u00e0 la normale <\/span><\/p>\n<p><span style=\"color: #000000;\">Dans le d\u00e9tail, on note que 28% <\/span><span style=\"color: #000000;\">des points suivis ont des niveaux inf\u00e9rieurs \u00e0 la normale et que 15% ont des niveaux tr\u00e8s inf\u00e9rieurs \u00e0 la <\/span><span style=\"color: #000000;\">normale.\u00a0<\/span><\/p>\n<p><span style=\"color: #000000;\"><strong>Pour les nappes qui pr\u00e9sentent une situation d\u00e9ficitaire on peut citer :<\/strong> <\/span><br \/>\n<span style=\"color: #000000;\">\uf0b7\u00a0<strong>L&rsquo;aquif\u00e8re karstique du Cr\u00e9tac\u00e9 sup\u00e9rieur du P\u00e9rigord et du bassin Angoumois<\/strong> dont certains points pr\u00e9sentent des niveaux inf\u00e9rieurs et m\u00eame tr\u00e8s inf\u00e9rieurs \u00e0 la moyenne. Les niveaux sont cependant stables et un d\u00e9but de recharge semble se dessiner. <\/span><br \/>\n<span style=\"color: #000000;\">\uf0b7 <strong>Les nappes alluviales de la Garonne amont<\/strong> et de ses principaux affluents dont les niveaux sont partout tr\u00e8s inf\u00e9rieurs \u00e0 la normale. L\u2019absence de recharge hivernale 2011-2012 n&rsquo;a pas permis de reconstituer les stocks et l\u2019\u00e9tiage est ainsi survenu tr\u00e8s t\u00f4t dans l\u2019ann\u00e9e, d\u00e8s le mois de mai. Le d\u00e9ficit pluviom\u00e9trique local qui a \u00e9t\u00e9 enregistr\u00e9 r\u00e9cemment, en ce d\u00e9but d&rsquo;automne, n&rsquo;a pas permis d&rsquo;inverser la tendance. <\/span><br \/>\n<span style=\"color: #000000;\">\uf0b7 <strong>La nappe de la craie Normande et Picarde<\/strong> qui pr\u00e9sente des niveaux pi\u00e9zom\u00e9triques tr\u00e8s bas, inf\u00e9rieurs \u00e0 la normale et parfois proches des minimums mensuels. La vidange de la nappe semble cependant termin\u00e9e avec un retour \u00e0 la hausse pour de nombreux pi\u00e9zom\u00e8tres.<\/span><br \/>\n<span style=\"color: #000000;\">\uf0b7 <strong>Les nappes des alluvions et corridors fluvio-glaciaires du Rh\u00f4ne<\/strong> qui, pour un grand nombre de points, pr\u00e9sentent des niveaux pi\u00e9zom\u00e9triques inf\u00e9rieurs \u00e0 la normale. Une grande majorit\u00e9 des points de suivi est cependant stable voire d\u00e9j\u00e0 orient\u00e9e \u00e0 la hausse, en lien avec les premi\u00e8res pluies d&rsquo;automne.<\/span><\/p>\n<p><span style=\"color: #000000;\">Pour les nappes qui pr\u00e9sentent des <strong>situations plus favorables,<\/strong> \u00e0 la faveur des pr\u00e9cipitations de ce d\u00e9but d&rsquo;automne, on peut citer : <\/span><br \/>\n<span style=\"color: #000000;\">\uf0b7 <strong>Les nappes des calcaires jurassiques de Lorraine et des alluvions de la plaine d\u2019Alsace<\/strong>, qui pr\u00e9sentent, dans la plupart des secteurs, des niveaux en hausse, proches voire sup\u00e9rieurs aux normales de saison. <\/span><br \/>\n<span style=\"color: #000000;\">\uf0b7 <strong>La nappe des calcaires jurassiques du Sud de la Vend\u00e9e<\/strong> dont une majorit\u00e9 de points de suivi est en hausse, en lien avec les importantes pr\u00e9cipitations qui ont \u00e9t\u00e9 observ\u00e9es jusqu&rsquo;\u00e0 fin octobre. En ce d\u00e9but novembre, les niveaux pi\u00e9zom\u00e9triques sont au-dessus des moyennes que l\u2019on observe g\u00e9n\u00e9ralement \u00e0 cette p\u00e9riode de l\u2019ann\u00e9e. <\/span><br \/>\n<span style=\"color: #000000;\">\uf0b7 <strong>Les aquif\u00e8res calcaires karstifi\u00e9s du Jurassique moyen et sup\u00e9rieur du bassin Adour-Garonne\u00a0<\/strong>qui pr\u00e9sentent une situation tr\u00e8s favorable avec des niveaux sup\u00e9rieurs \u00e0 la moyenne. Les niveaux sont encore stables sur une grande partie du syst\u00e8me, mais la phase de recharge semble s&rsquo;annoncer. <\/span><br \/>\n<span style=\"color: #000000;\">\uf0b7 <strong>Les aquif\u00e8res de la R\u00e9gion Languedoc-Roussillon<\/strong> qui pr\u00e9sentent des niveaux stables ou en hausse gr\u00e2ce aux pr\u00e9cipitations significatives de ce dernier mois. La situation des diff\u00e9rentes nappes \u00e9volue\u00a0progressivement vers des niveaux proches voire, pour certains points de suivi, sup\u00e9rieurs \u00e0 la normale. <\/span><\/p>\n<address>Source et cr\u00e9dit photo : www.brgm.fr<\/address>\n<p>&nbsp;<\/p>\n","protected":false},"excerpt":{"rendered":"<p>Le Bureau de Recherche G\u00e9ologiques et Mini\u00e8res ( BRGM ) nous livre l&rsquo;\u00e9tat des lieux en d\u00e9tail au 1er Novembre 2012 \u00a0: R\u00e9sum\u00e9 de la situation Le niveau des nappes au 1er novembre 2012 est h\u00e9t\u00e9rog\u00e8ne d\u2019une r\u00e9gion \u00e0 l\u2019autre.\u00a0 &hellip; <a href=\"https:\/\/claire-jannot.com\/?p=4665\">Continuer la lecture <span class=\"meta-nav\">&rarr;<\/span><\/a><\/p>\n","protected":false},"author":1,"featured_media":0,"comment_status":"open","ping_status":"open","sticky":false,"template":"","format":"standard","meta":{"jetpack_post_was_ever_published":false,"_jetpack_newsletter_access":"","_jetpack_dont_email_post_to_subs":false,"_jetpack_newsletter_tier_id":0,"_jetpack_memberships_contains_paywalled_content":false,"_jetpack_memberships_contains_paid_content":false,"footnotes":"","jetpack_publicize_message":"","jetpack_publicize_feature_enabled":true,"jetpack_social_post_already_shared":false,"jetpack_social_options":{"image_generator_settings":{"template":"highway","default_image_id":0,"font":"","enabled":false},"version":2}},"categories":[2],"tags":[39,4,5],"class_list":["post-4665","post","type-post","status-publish","format-standard","hentry","category-ecologie","tag-eau","tag-ecologie2","tag-environnement"],"jetpack_publicize_connections":[],"jetpack_featured_media_url":"","jetpack_sharing_enabled":true,"jetpack_shortlink":"https:\/\/wp.me\/p5jjt5-1df","_links":{"self":[{"href":"https:\/\/claire-jannot.com\/index.php?rest_route=\/wp\/v2\/posts\/4665","targetHints":{"allow":["GET"]}}],"collection":[{"href":"https:\/\/claire-jannot.com\/index.php?rest_route=\/wp\/v2\/posts"}],"about":[{"href":"https:\/\/claire-jannot.com\/index.php?rest_route=\/wp\/v2\/types\/post"}],"author":[{"embeddable":true,"href":"https:\/\/claire-jannot.com\/index.php?rest_route=\/wp\/v2\/users\/1"}],"replies":[{"embeddable":true,"href":"https:\/\/claire-jannot.com\/index.php?rest_route=%2Fwp%2Fv2%2Fcomments&post=4665"}],"version-history":[{"count":1,"href":"https:\/\/claire-jannot.com\/index.php?rest_route=\/wp\/v2\/posts\/4665\/revisions"}],"predecessor-version":[{"id":5670,"href":"https:\/\/claire-jannot.com\/index.php?rest_route=\/wp\/v2\/posts\/4665\/revisions\/5670"}],"wp:attachment":[{"href":"https:\/\/claire-jannot.com\/index.php?rest_route=%2Fwp%2Fv2%2Fmedia&parent=4665"}],"wp:term":[{"taxonomy":"category","embeddable":true,"href":"https:\/\/claire-jannot.com\/index.php?rest_route=%2Fwp%2Fv2%2Fcategories&post=4665"},{"taxonomy":"post_tag","embeddable":true,"href":"https:\/\/claire-jannot.com\/index.php?rest_route=%2Fwp%2Fv2%2Ftags&post=4665"}],"curies":[{"name":"wp","href":"https:\/\/api.w.org\/{rel}","templated":true}]}}