{"id":4827,"date":"2013-01-22T13:14:30","date_gmt":"2013-01-22T12:14:30","guid":{"rendered":"http:\/\/www.clairejannot.com\/?p=4827"},"modified":"2014-11-29T15:11:20","modified_gmt":"2014-11-29T14:11:20","slug":"pyrenees-le-bapteme-des-trois-oursons","status":"publish","type":"post","link":"https:\/\/claire-jannot.com\/?p=4827","title":{"rendered":"Pyr\u00e9n\u00e9es : Le bapt\u00eame des trois oursons"},"content":{"rendered":"<h2><span style=\"color: #000000;\">Trois oursons n\u00e9s en 2011 dans les Pyr\u00e9n\u00e9es ont \u00e9t\u00e9 baptis\u00e9s Callisto, Soulane et P\u00e9pite, pr\u00e9noms choisis parmi quelque 20.000 propositions faites sur internet, a annonc\u00e9 jeudi l&rsquo;association Pays de l&rsquo;ours-Adet.\u00a0<\/span><\/h2>\n<p><span style=\"color: #000000;\"><strong>Callisto<\/strong>, nom donn\u00e9 \u00e0 l&rsquo;une des deux jeunes femelles, \u00e9tait une nymphe de la mythologie grecque, transform\u00e9e \u00e0 sa mort par Zeus en la constellation de la Grande Ourse.<\/span><br \/> <span style=\"color: #000000;\"><strong>Soulane<\/strong>, pr\u00e9nom que porte la deuxi\u00e8me femelle, est le versant ensoleill\u00e9 de la montagne dans les Pyr\u00e9n\u00e9es.<\/span><br \/> <span style=\"color: #000000;\">Le troisi\u00e8me ourson, dont le sexe n&rsquo;a pas \u00e9t\u00e9 d\u00e9termin\u00e9, s&rsquo;appelle <strong>\u00ab\u00a0P\u00e9pite\u00a0\u00bb<\/strong> parce que, \u00ab\u00a0qu&rsquo;elle soit d&rsquo;or ou de chocolat, une p\u00e9pite est ce qu&rsquo;il y a de plus naturel et pr\u00e9cieux\u00a0\u00bb, note l&rsquo;association pro-ours.<\/span><br \/> <span style=\"color: #000000;\">Un concours avait \u00e9t\u00e9 lanc\u00e9 avant No\u00ebl par Pays de l&rsquo;ours-Adet et le quotidien M\u00e9tro pour le choix des pr\u00e9noms.\u00a0<\/span><span style=\"color: #000000;\">Les trois oursons ont tous la m\u00eame m\u00e8re, <strong>Hvala<\/strong>, et leur p\u00e8re est <strong>Pyros<\/strong>, l&rsquo;ours m\u00e2le dominant du massif.<\/span><br \/> <span style=\"color: #000000;\">C&rsquo;est la premi\u00e8re fois qu&rsquo;une port\u00e9e de trois oursons a surv\u00e9cu dans les Pyr\u00e9n\u00e9es, le taux de mortalit\u00e9 \u00e9tant g\u00e9n\u00e9ralement d&rsquo;environ <strong>50% au cours de la premi\u00e8re ann\u00e9e.<\/strong><\/span><br \/> <span style=\"color: #000000;\">La famille peut \u00eatre vue sur des photos et vid\u00e9os sur le site de l&rsquo;association.<\/span><br \/> <span style=\"color: #000000;\">Trois nouveaux oursons sont n\u00e9s, en deux port\u00e9es, pendant l&rsquo;hiver 2012 dans les Pyr\u00e9n\u00e9es. <strong>Ils portent la population des plantigrades sur la cha\u00eene entre 20 et 25 individus<\/strong>, selon le directeur de Pays de l&rsquo;ours-Adet, <strong>Alain Reynes<\/strong>, interrog\u00e9 au t\u00e9l\u00e9phone.<\/span><br \/> <span style=\"color: #000000;\">La tr\u00e8s grande majorit\u00e9 des ours se trouve dans les Pyr\u00e9n\u00e9es centrales, essentiellement en Haute-Garonne et Ari\u00e8ge, et c\u00f4t\u00e9 espagnol dans le Val d&rsquo;Aran-Pallars Sobira.<\/span><br \/> <span style=\"color: #000000;\">Mais, selon les pro-ours, il manque toujours des femelles dans l&rsquo;ouest du massif: seuls deux m\u00e2les subsistent dans le noyau des Pyr\u00e9n\u00e9es-Atlantiques, en B\u00e9arn, o\u00f9 le gouvernement pr\u00e9c\u00e9dent avait renonc\u00e9 \u00e0 introduire une ourse slov\u00e8ne en 2011.<\/span><\/p>\n<address><span style=\"color: #000000;\">Source : AFP -TOULOUSE,\u00a017 jan 2013\u00a0<\/span><\/address>\n<address>\u00a0<\/address>\n<address>\u00a0<\/address>\n<address>\u00a0<\/address>\n","protected":false},"excerpt":{"rendered":"<p>Trois oursons n\u00e9s en 2011 dans les Pyr\u00e9n\u00e9es ont \u00e9t\u00e9 baptis\u00e9s Callisto, Soulane et P\u00e9pite, pr\u00e9noms choisis parmi quelque 20.000 propositions faites sur internet, a annonc\u00e9 jeudi l&rsquo;association Pays de l&rsquo;ours-Adet.\u00a0 Callisto, nom donn\u00e9 \u00e0 l&rsquo;une des deux jeunes femelles, &hellip; <a href=\"https:\/\/claire-jannot.com\/?p=4827\">Continuer la lecture <span class=\"meta-nav\">&rarr;<\/span><\/a><\/p>\n","protected":false},"author":1,"featured_media":0,"comment_status":"open","ping_status":"open","sticky":false,"template":"","format":"standard","meta":{"jetpack_post_was_ever_published":false,"_jetpack_newsletter_access":"","_jetpack_dont_email_post_to_subs":false,"_jetpack_newsletter_tier_id":0,"_jetpack_memberships_contains_paywalled_content":false,"_jetpack_memberships_contains_paid_content":false,"footnotes":"","jetpack_publicize_message":"Pyr\u00e9n\u00e9es : Le bapt\u00eame des trois oursons","jetpack_publicize_feature_enabled":true,"jetpack_social_post_already_shared":true,"jetpack_social_options":{"image_generator_settings":{"template":"highway","default_image_id":0,"font":"","enabled":false},"version":2}},"categories":[2],"tags":[4,5,48],"class_list":["post-4827","post","type-post","status-publish","format-standard","hentry","category-ecologie","tag-ecologie2","tag-environnement","tag-vie-animale"],"jetpack_publicize_connections":[],"jetpack_featured_media_url":"","jetpack_sharing_enabled":true,"jetpack_shortlink":"https:\/\/wp.me\/p5jjt5-1fR","_links":{"self":[{"href":"https:\/\/claire-jannot.com\/index.php?rest_route=\/wp\/v2\/posts\/4827","targetHints":{"allow":["GET"]}}],"collection":[{"href":"https:\/\/claire-jannot.com\/index.php?rest_route=\/wp\/v2\/posts"}],"about":[{"href":"https:\/\/claire-jannot.com\/index.php?rest_route=\/wp\/v2\/types\/post"}],"author":[{"embeddable":true,"href":"https:\/\/claire-jannot.com\/index.php?rest_route=\/wp\/v2\/users\/1"}],"replies":[{"embeddable":true,"href":"https:\/\/claire-jannot.com\/index.php?rest_route=%2Fwp%2Fv2%2Fcomments&post=4827"}],"version-history":[{"count":1,"href":"https:\/\/claire-jannot.com\/index.php?rest_route=\/wp\/v2\/posts\/4827\/revisions"}],"predecessor-version":[{"id":5479,"href":"https:\/\/claire-jannot.com\/index.php?rest_route=\/wp\/v2\/posts\/4827\/revisions\/5479"}],"wp:attachment":[{"href":"https:\/\/claire-jannot.com\/index.php?rest_route=%2Fwp%2Fv2%2Fmedia&parent=4827"}],"wp:term":[{"taxonomy":"category","embeddable":true,"href":"https:\/\/claire-jannot.com\/index.php?rest_route=%2Fwp%2Fv2%2Fcategories&post=4827"},{"taxonomy":"post_tag","embeddable":true,"href":"https:\/\/claire-jannot.com\/index.php?rest_route=%2Fwp%2Fv2%2Ftags&post=4827"}],"curies":[{"name":"wp","href":"https:\/\/api.w.org\/{rel}","templated":true}]}}