{"id":5117,"date":"2014-01-30T15:48:48","date_gmt":"2014-01-30T14:48:48","guid":{"rendered":"http:\/\/www.clairejannot.com\/?p=5117"},"modified":"2014-11-07T15:03:52","modified_gmt":"2014-11-07T14:03:52","slug":"ogm-retour-en-force-du-lobby-pro-ogm","status":"publish","type":"post","link":"https:\/\/claire-jannot.com\/?p=5117","title":{"rendered":"Le retour en force du lobby pro-OGM"},"content":{"rendered":"<h2>Lors d&rsquo;une conf\u00e9rence de presse \u00e0 Bruxelles le 28 novembre dernier, Corinne Lepage, d\u00e9put\u00e9e europ\u00e9enne, le Pr Gilles-Eric S\u00e9ralini, Fran\u00e7ois Veillerette, porte-parole de l&rsquo;association G\u00e9n\u00e9rations Futures et Jo\u00ebl Spiroux, pr\u00e9sident du Comit\u00e9 de Recherche \u00a0et d&rsquo;Information ind\u00e9pendantes sur le g\u00e9nie g\u00e9n\u00e9tique ( Criigen), ont d\u00e9nonc\u00e9 les pressions aboutissant \u00e0 la d\u00e9publication de l&rsquo;\u00e9tude du Pr Gilles-Eric S\u00e9ralini sur les rats nourris avec des OGM.<\/h2>\n<div id=\"attachment_5123\" style=\"width: 368px\" class=\"wp-caption alignleft\"><a href=\"https:\/\/i0.wp.com\/www.clairejannot.com\/wp-content\/uploads\/2014\/01\/Seralini-et-Lepage.jpg\"><img data-recalc-dims=\"1\" loading=\"lazy\" decoding=\"async\" aria-describedby=\"caption-attachment-5123\" class=\" wp-image-5123 \" alt=\"Corinne Lepage et Pr Gilles-Eric S\u00e9ralini\" src=\"https:\/\/i0.wp.com\/www.clairejannot.com\/wp-content\/uploads\/2014\/01\/Seralini-et-Lepage.jpg?resize=358%2C239\" width=\"358\" height=\"239\" \/><\/a><p id=\"caption-attachment-5123\" class=\"wp-caption-text\">Corinne Lepage et Pr Gilles-Eric S\u00e9ralini<\/p><\/div>\n<p>D\u00e9publication faite en dehors de toutes r\u00e8gles et sur de mauvaises bases car, dans son propre courrier adress\u00e9 au Pr S\u00e9ralini, la revue reconna\u00eet qu&rsquo;il n&rsquo;y a eu aucune fraude ni erreur dans les donn\u00e9es de l&rsquo;\u00e9tude, condition unique pour qu&rsquo;une \u00e9tude soit d\u00e9publi\u00e9e. La revue d\u00e9cide donc de mani\u00e8re <strong>unilat\u00e9rale<\/strong>, et parce que les conclusions ne lui plaisent pas, de d\u00e9publier l&rsquo;\u00e9tude !<\/p>\n<p>Rappel. Le 19 novembre 2012, sortait l&rsquo;\u00e9tude, <strong>In Vivo, de Gilles-Eric S\u00e9ralini publi\u00e9e dans la revue Food and Chemical Technology sur l&rsquo;impact des OGM sur les rats<\/strong>, montrant aussi que <strong>l&rsquo;herbicide Round Up GT<\/strong> pouvait \u00eatre mis en cause dans la survenue accrue de tumeurs ainsi qu&rsquo;\u00e0 des taux de mortalit\u00e9 plus \u00e9lev\u00e9s que chez les rats non expos\u00e9s, et ce \u00e0 des niveaux de tr\u00e8s bas, de l&rsquo;ordre de la concentration maximale admissible ( 0,1\u00b5\/l).<\/p>\n<p>Si la revue ne s&rsquo;est pas r\u00e9tract\u00e9e \u00e0 l&rsquo;\u00e9poque malgr\u00e9 les pressions, quelques mois apr\u00e8s, d\u00e9but 2013, elle a accueilli un nouveau \u00ab\u00a0r\u00e9dacteur de chef associ\u00e9\u00a0\u00bb pour les biotechnologies, <strong>Richard E. Goodman<\/strong>, professeur sp\u00e9cialiste des allergies alimentaires au <strong>Food Allergy Research and Resource Program<\/strong>\u00a0de l&rsquo;universit\u00e9 du Nebraska, mais aussi un <strong>ex-employ\u00e9 de Monsanto, o\u00f9 il a travaill\u00e9 entre 1997 et 2004 !<\/strong><\/p>\n<p>Et depuis ? Voil\u00e0 qu&rsquo;aujourd&rsquo;hui, la revue d\u00e9cide de d\u00e9publier l&rsquo;\u00e9tude du Pr S\u00e9raline dans un climat de <strong>retour en force du lobby pro-OGM<\/strong>. En effet, r\u00e9cemment la Commission Europ\u00e9enne a propos\u00e9 pour la premi\u00e8re fois depuis <strong>1996 d&rsquo;autoriser la culture du ma\u00efs TC1507 de Pioneer<\/strong>, malgr\u00e9 les impacts probables sur l&rsquo;environnement reconnus par l&rsquo;Agence europ\u00e9enne de s\u00e9curit\u00e9 alimentaire.<\/p>\n<p><em><strong>\u00ab\u00a0L&rsquo;ANSES, dans son avis rendu sur l&rsquo;\u00e9tude de Gilles-Eric S\u00e9ralini, reconnaissait la faiblesse des \u00e9tudes sur l&rsquo;\u00e9valuation<\/strong> des effets chroniques \u00e0 long terme de ces OGM et pesticides. Nous exhortons donc les pouvoirs publics avant toute mise sur le march\u00e9 de ces \u00ab\u00a0semences\u00a0\u00bb et de leurs pesticides, \u00e0 r\u00e9aliser des texts chroniques sur les OGM et pesticides afin d&rsquo;\u00e9valuer r\u00e9ellement leurs impacts\u00a0\u00bb, d\u00e9clare <strong>Fran\u00e7ois Veillerette, porte-parole de G\u00e9n\u00e9rations Futures.<\/strong><\/em><\/p>\n<p>&nbsp;<\/p>\n<p>G\u00e9n\u00e9rations Futures<\/p>\n<p>25, rue d&rsquo;Alsace 75010 Paris &#8211; 01 45 79 07 59<\/p>\n<p>Site : www.generations-futures.fr<\/p>\n<address>\u00a0<\/address>\n<address>\u00a0<\/address>\n<address>\u00a0<\/address>\n<address>Cr\u00e9dit photo :\u00a0AFP\/Archives Kenzo<\/address>\n<p>&nbsp;<\/p>\n","protected":false},"excerpt":{"rendered":"<p>Lors d&rsquo;une conf\u00e9rence de presse \u00e0 Bruxelles le 28 novembre dernier, Corinne Lepage, d\u00e9put\u00e9e europ\u00e9enne, le Pr Gilles-Eric S\u00e9ralini, Fran\u00e7ois Veillerette, porte-parole de l&rsquo;association G\u00e9n\u00e9rations Futures et Jo\u00ebl Spiroux, pr\u00e9sident du Comit\u00e9 de Recherche \u00a0et d&rsquo;Information ind\u00e9pendantes sur le g\u00e9nie &hellip; <a href=\"https:\/\/claire-jannot.com\/?p=5117\">Continuer la lecture <span class=\"meta-nav\">&rarr;<\/span><\/a><\/p>\n","protected":false},"author":1,"featured_media":0,"comment_status":"open","ping_status":"open","sticky":false,"template":"","format":"standard","meta":{"jetpack_post_was_ever_published":false,"_jetpack_newsletter_access":"","_jetpack_dont_email_post_to_subs":false,"_jetpack_newsletter_tier_id":0,"_jetpack_memberships_contains_paywalled_content":false,"_jetpack_memberships_contains_paid_content":false,"footnotes":"","jetpack_publicize_message":"","jetpack_publicize_feature_enabled":true,"jetpack_social_post_already_shared":true,"jetpack_social_options":{"image_generator_settings":{"template":"highway","default_image_id":0,"font":"","enabled":false},"version":2}},"categories":[2],"tags":[42,22,3,4,5,9,10],"class_list":["post-5117","post","type-post","status-publish","format-standard","hentry","category-ecologie","tag-agriculture","tag-biologique","tag-consommation","tag-ecologie2","tag-environnement","tag-ogm","tag-sante"],"jetpack_publicize_connections":[],"jetpack_featured_media_url":"","jetpack_sharing_enabled":true,"jetpack_shortlink":"https:\/\/wp.me\/p5jjt5-1kx","_links":{"self":[{"href":"https:\/\/claire-jannot.com\/index.php?rest_route=\/wp\/v2\/posts\/5117","targetHints":{"allow":["GET"]}}],"collection":[{"href":"https:\/\/claire-jannot.com\/index.php?rest_route=\/wp\/v2\/posts"}],"about":[{"href":"https:\/\/claire-jannot.com\/index.php?rest_route=\/wp\/v2\/types\/post"}],"author":[{"embeddable":true,"href":"https:\/\/claire-jannot.com\/index.php?rest_route=\/wp\/v2\/users\/1"}],"replies":[{"embeddable":true,"href":"https:\/\/claire-jannot.com\/index.php?rest_route=%2Fwp%2Fv2%2Fcomments&post=5117"}],"version-history":[{"count":1,"href":"https:\/\/claire-jannot.com\/index.php?rest_route=\/wp\/v2\/posts\/5117\/revisions"}],"predecessor-version":[{"id":5582,"href":"https:\/\/claire-jannot.com\/index.php?rest_route=\/wp\/v2\/posts\/5117\/revisions\/5582"}],"wp:attachment":[{"href":"https:\/\/claire-jannot.com\/index.php?rest_route=%2Fwp%2Fv2%2Fmedia&parent=5117"}],"wp:term":[{"taxonomy":"category","embeddable":true,"href":"https:\/\/claire-jannot.com\/index.php?rest_route=%2Fwp%2Fv2%2Fcategories&post=5117"},{"taxonomy":"post_tag","embeddable":true,"href":"https:\/\/claire-jannot.com\/index.php?rest_route=%2Fwp%2Fv2%2Ftags&post=5117"}],"curies":[{"name":"wp","href":"https:\/\/api.w.org\/{rel}","templated":true}]}}