{"id":5140,"date":"2014-01-30T17:35:36","date_gmt":"2014-01-30T16:35:36","guid":{"rendered":"http:\/\/www.clairejannot.com\/?p=5140"},"modified":"2014-11-07T15:03:26","modified_gmt":"2014-11-07T14:03:26","slug":"lappel-des-1200-medecins-attention-aux-pesticides","status":"publish","type":"post","link":"https:\/\/claire-jannot.com\/?p=5140","title":{"rendered":"L&rsquo;appel des 1200 m\u00e9decins : Attention aux pesticides !"},"content":{"rendered":"<header>\n<h2><span style=\"color: #000000;\">Pr\u00e8s de 1 200 m\u00e9decins signent un appel mettant en garde contre les pesticides.\u00a0Ils pr\u00e9conisent notamment de mettre fin aux d\u00e9rogations \u00e0 l\u2019interdiction des \u00e9pandages a\u00e9riens, et appellent l&rsquo;Etat \u00e0 reconna\u00eetre certaines maladies professionnelles li\u00e9es aux pesticides.<\/span><\/h2>\n<\/header>\n<div id=\"article-body\">\n<p><span style=\"color: #000000;\"><strong>Pr\u00e8s de 1\u00a0200 m\u00e9decins de France m\u00e9tropolitaine et des Antilles ont sign\u00e9 un appel<\/strong> mettant en garde contre la dangerosit\u00e9 des pesticides, a-t-on appris mardi aupr\u00e8s du coordinateur de l\u2019appel.\u00a0<strong>\u00abNous ne cherchons pas \u00e0 montrer du doigt une profession, mais chacun doit prendre ses responsabilit\u00e9s.<\/strong> A nous d\u2019assumer les n\u00f4tres en alertant sur les dangers de ces produits, particuli\u00e8rement pour certaines cat\u00e9gories de la population, ceux qui y sont le plus expos\u00e9s, ainsi que les femmes enceintes et les enfants\u00bb\u00a0explique le <strong>Dr Pierre-Michel Perinaud,<\/strong> m\u00e9decin g\u00e9n\u00e9raliste \u00e0 Limoges.<\/span><\/p>\n<aside id=\"related-content\"><span style=\"color: #000000;\">\u00a0<\/span><\/aside>\n<p><span style=\"color: #000000;\">L\u2019appel a \u00e9t\u00e9 lanc\u00e9 sur internet en septembre par un groupe de m\u00e9decins limousins auxquels se sont associ\u00e9s des m\u00e9decins de Martinique et de Guadeloupe, \u00e9branl\u00e9s par l\u2019affaire du <strong>chlord\u00e9cone.<\/strong><\/span><\/p>\n<p><span style=\"color: #000000;\">Le chlord\u00e9cone est un pesticide qui fut employ\u00e9 \u00e0 large \u00e9chelle aux Antilles entre 1973 et 1993 avant d\u2019\u00eatre interdit mais dont la pr\u00e9sence persistance dans les sols et rivi\u00e8res continue \u00e0 contaminer les cultures, viandes et poissons.<\/span><\/p>\n<p><span style=\"color: #000000;\">Dans leur appel, les m\u00e9decins soulignent qu\u2019une <strong>exposition professionnelle aux pesticides<\/strong> est, selon la litt\u00e9rature scientifique, li\u00e9e \u00e0 des risques accrus de maladie de Parkinson, de cancers de la prostate et de certains cancers du sang. Les \u00e9tudes font \u00e9galement \u00e9tat d\u2019un risque de malformations cong\u00e9nitales augment\u00e9 chez les enfants des femmes expos\u00e9es aux pesticides pendant leur grossesse.<\/span><\/p>\n<p><span style=\"color: #000000;\">Les m\u00e9decins rel\u00e8vent par ailleurs que\u00a0<strong>\u00abpersonne ne conteste l\u2019impr\u00e9gnation g\u00e9n\u00e9rale de la population\u00bb\u00a0par les pesticides\u00a0\u00ab\u00e0 faibles doses\u00bb<\/strong>, ce qui\u00a0\u00abn\u2019est pas rassurant\u00bb\u00a0dans la mesure o\u00f9\u00a0\u00abde nombreux pesticides sont des <strong>perturbateurs endocriniens\u00bb<\/strong>\u00a0dont les effets ne d\u00e9pendent pas de la dose, mais de la p\u00e9riode d\u2019exposition. <strong>Les perturbateurs endocriniens\u00a0\u00a0sont soup\u00e7onn\u00e9s d\u2019\u00eatre une des causes de la recrudescence de certains troubles comme l\u2019infertilit\u00e9, l\u2019ob\u00e9sit\u00e9, les pubert\u00e9s pr\u00e9coces.<\/strong><\/span><\/p>\n<p><span style=\"color: #000000;\">Pour prot\u00e9ger les populations, <strong>les m\u00e9decins pr\u00e9conisent notamment de mettre fin aux d\u00e9rogations \u00e0 l\u2019interdiction europ\u00e9enne des \u00e9pandages a\u00e9riens<\/strong>, notamment aux Antilles o\u00f9, souligne le Dr Perinaud, les d\u00e9rogations sont\u00a0\u00abbeaucoup trop souples\u00bbatteignant dans certains cas\u00a0\u00ab12 mois sur 12\u00bb, alors m\u00eame que la population est encore contamin\u00e9e par le<strong> chlord\u00e9cone.<\/strong><\/span><\/p>\n<p><span style=\"color: #000000;\">L\u2019appel invite \u00e9galement l\u2019Etat \u00e0 reconna\u00eetre de nouvelles maladies professionnelles agricoles li\u00e9es aux pesticides, \u00e0 mieux \u00e9tiqueter les produits destin\u00e9s \u00e0 l\u2019alimentation, et \u00e0 confier \u00e0 des laboratoires ind\u00e9pendants la r\u00e9alisation des tests n\u00e9cessaires pour l\u2019autorisation de mise sur le march\u00e9. <\/span><\/p>\n<p><span style=\"color: #000000;\">Il r\u00e9clame enfin une meilleure prise en compte des perturbateurs endocriniens\u00a0\u00a0au niveau europ\u00e9en.<\/span><\/p>\n<address><span style=\"color: #000000;\">Source : AFP &#8211;<time datetime=\"2014-01-28T17:16:12\">28 JANVIER 2014<\/time><\/span><\/address>\n<address>\u00a0<\/address>\n<address>\u00a0<\/address>\n<address>\u00a0<\/address>\n<address>\u00a0<\/address>\n<address>\u00a0<\/address>\n<address>\u00a0<\/address>\n<\/div>\n","protected":false},"excerpt":{"rendered":"<p>Pr\u00e8s de 1 200 m\u00e9decins signent un appel mettant en garde contre les pesticides.\u00a0Ils pr\u00e9conisent notamment de mettre fin aux d\u00e9rogations \u00e0 l\u2019interdiction des \u00e9pandages a\u00e9riens, et appellent l&rsquo;Etat \u00e0 reconna\u00eetre certaines maladies professionnelles li\u00e9es aux pesticides. Pr\u00e8s de 1\u00a0200 &hellip; <a href=\"https:\/\/claire-jannot.com\/?p=5140\">Continuer la lecture <span class=\"meta-nav\">&rarr;<\/span><\/a><\/p>\n","protected":false},"author":1,"featured_media":0,"comment_status":"open","ping_status":"open","sticky":false,"template":"","format":"standard","meta":{"jetpack_post_was_ever_published":false,"_jetpack_newsletter_access":"","_jetpack_dont_email_post_to_subs":false,"_jetpack_newsletter_tier_id":0,"_jetpack_memberships_contains_paywalled_content":false,"_jetpack_memberships_contains_paid_content":false,"footnotes":"","jetpack_publicize_message":"","jetpack_publicize_feature_enabled":true,"jetpack_social_post_already_shared":true,"jetpack_social_options":{"image_generator_settings":{"template":"highway","default_image_id":0,"font":"","enabled":false},"version":2}},"categories":[2],"tags":[42,3,4,5,36,10],"class_list":["post-5140","post","type-post","status-publish","format-standard","hentry","category-ecologie","tag-agriculture","tag-consommation","tag-ecologie2","tag-environnement","tag-pollution","tag-sante"],"jetpack_publicize_connections":[],"jetpack_featured_media_url":"","jetpack_sharing_enabled":true,"jetpack_shortlink":"https:\/\/wp.me\/p5jjt5-1kU","_links":{"self":[{"href":"https:\/\/claire-jannot.com\/index.php?rest_route=\/wp\/v2\/posts\/5140","targetHints":{"allow":["GET"]}}],"collection":[{"href":"https:\/\/claire-jannot.com\/index.php?rest_route=\/wp\/v2\/posts"}],"about":[{"href":"https:\/\/claire-jannot.com\/index.php?rest_route=\/wp\/v2\/types\/post"}],"author":[{"embeddable":true,"href":"https:\/\/claire-jannot.com\/index.php?rest_route=\/wp\/v2\/users\/1"}],"replies":[{"embeddable":true,"href":"https:\/\/claire-jannot.com\/index.php?rest_route=%2Fwp%2Fv2%2Fcomments&post=5140"}],"version-history":[{"count":1,"href":"https:\/\/claire-jannot.com\/index.php?rest_route=\/wp\/v2\/posts\/5140\/revisions"}],"predecessor-version":[{"id":5478,"href":"https:\/\/claire-jannot.com\/index.php?rest_route=\/wp\/v2\/posts\/5140\/revisions\/5478"}],"wp:attachment":[{"href":"https:\/\/claire-jannot.com\/index.php?rest_route=%2Fwp%2Fv2%2Fmedia&parent=5140"}],"wp:term":[{"taxonomy":"category","embeddable":true,"href":"https:\/\/claire-jannot.com\/index.php?rest_route=%2Fwp%2Fv2%2Fcategories&post=5140"},{"taxonomy":"post_tag","embeddable":true,"href":"https:\/\/claire-jannot.com\/index.php?rest_route=%2Fwp%2Fv2%2Ftags&post=5140"}],"curies":[{"name":"wp","href":"https:\/\/api.w.org\/{rel}","templated":true}]}}